{"id":12658,"date":"2024-08-09T06:11:24","date_gmt":"2024-08-09T09:11:24","guid":{"rendered":"https:\/\/ipatingafc.com.br\/index.php\/2024\/08\/09\/agencia-minas-gerais-com-recursos-do-governo-de-minas-maternidade-odete-valadares-oferece-atendimentos-em-medicina-fetal\/"},"modified":"2024-08-09T06:11:24","modified_gmt":"2024-08-09T09:11:24","slug":"agencia-minas-gerais-com-recursos-do-governo-de-minas-maternidade-odete-valadares-oferece-atendimentos-em-medicina-fetal","status":"publish","type":"post","link":"https:\/\/ipatingafc.com.br\/index.php\/2024\/08\/09\/agencia-minas-gerais-com-recursos-do-governo-de-minas-maternidade-odete-valadares-oferece-atendimentos-em-medicina-fetal\/","title":{"rendered":"Ag\u00eancia Minas Gerais | Com recursos do Governo de Minas, Maternidade Odete Valadares oferece atendimentos em medicina fetal"},"content":{"rendered":"<p><\/p>\n<div>\n<section class=\"news-related \/ col-md-4 col-lg-3 \/ margin-md-bottom-2 margin-left-1 \/ pull-right \/ hidden-xs hidden-sm\">\n<header>\n<p class=\"text-title-section \/ margin-bottom-1\">Relacionadas<\/p>\n<\/header>\n<p>\t\t\t\t\t\t\t<main><\/p>\n<hr class=\"row margin-md-bottom-2\"\/>\n\t\t\t\t\t\t\t<\/main><br \/>\n\t\t\t\t\t\t<\/section>\n<p>A Maternidade Odete Valadares (MOV), da Funda\u00e7\u00e3o Hospitalar do Estado de Minas Gerais (Fhemig), agora oferece atendimentos em medicina fetal para a popula\u00e7\u00e3o mineira.<\/p>\n<p>A disponibilidade do servi\u00e7o foi possibilitada ap\u00f3s um redesenho vocacional da unidade e investimentos no setor, por meio de repasses do Governo de Minas.<\/p>\n<p>A medicina fetal \u00e9 uma \u00e1rea de atua\u00e7\u00e3o da obstetr\u00edcia de fundamental import\u00e2ncia nos cuidados maternos, fetais e neonatais e que, nos \u00faltimos anos, vem se desenvolvendo no campo do rastreamento, diagn\u00f3stico e terapia do feto.<\/p>\n<p>\u201cTem como grande objetivo oferecer medidas preventivas e terap\u00eauticas que v\u00e3o resultar em uma assist\u00eancia otimizada e de melhor qualidade para a m\u00e3e e o beb\u00ea\u201d, explica a m\u00e9dica ginecologista e obstetra da Maternidade Odete Valadares, Gisela Gagliardo.<\/p>\n<p>\u00a0<\/p>\n<figure class=\"image\" style=\"float:right\"><img loading=\"lazy\" decoding=\"async\" alt=\"\" height=\"480\" src=\"https:\/\/www.agenciaminas.mg.gov.br\/ckeditor_assets\/pictures\/21449\/content_20240701-img_8324.jpeg\" width=\"320\"\/>&#13;<figcaption><sub><em>Francis Campelo\u200b<\/em><\/sub><\/figcaption>&#13;<br \/>\n<\/figure>\n<p><strong>Facilidade no acesso<\/strong><\/p>\n<p>De acordo com o m\u00e9dico especialista em medicina fetal da MOV, Francisco Lima, o servi\u00e7o possibilita um diagn\u00f3stico preciso para a gestante, em caso de altera\u00e7\u00f5es em exames anteriores, e oferece um acompanhamento adequado para ela, que muitas vezes tem dificuldade de encaminhamento.<\/p>\n<p>\u201cA abertura do servi\u00e7o na Maternidade Odete Valadares abre uma porta a mais para o acolhimento no estado\u201d, pontua.<\/p>\n<p>M\u00e9dica obstetra da equipe de alto risco da MOV, Ana Cl\u00e1udia Braga afirma que agora a paciente tem acesso a um pr\u00e9-natal feito com muito mais excel\u00eancia e qualidade.<\/p>\n<p>\u201cEste \u00e9 mais um hospital com o qual a prefeitura da capital e regionais podem contar. Al\u00e9m de reduzir filas, diminui tamb\u00e9m o atraso para consultas. Temos pouco tempo de servi\u00e7o, mas j\u00e1 estamos formando uma forte equipe multidisciplinar, para nos tornarmos refer\u00eancia\u201d, ressalta.<\/p>\n<p>A primeira consulta de pr\u00e9-natal e o primeiro ultrassom foram realizados em maio de 2024. O atendimento \u00e9 realizado todas as segundas-feiras do m\u00eas.<\/p>\n<p><strong>Tranquilidade<\/strong><\/p>\n<p>Mariana Oliveira foi a primeira paciente do servi\u00e7o de medicina fetal da MOV. Moradora de Manhua\u00e7u, na Zona da Mata, foi encaminhada com 19 semanas de gesta\u00e7\u00e3o devido a uma altera\u00e7\u00e3o apresentada em um exame de ultrassom morfol\u00f3gico feito na rede privada de sua cidade.<\/p>\n<p>Ap\u00f3s o primeiro contato da Secretaria de Sa\u00fade do munic\u00edpio, demorou pouco mais de um m\u00eas para ela iniciar o acompanhamento na MOV.<\/p>\n<p>Mariana continuou realizando os ultrassons, que mostraram a estabiliza\u00e7\u00e3o do beb\u00ea. Ela continua segue fazendo os exames periodicamente, e eles est\u00e3o mantendo um padr\u00e3o.<\/p>\n<p>\u201cO servi\u00e7o nos trouxe uma maior tranquilidade. Vamos acompanhando o crescimento do beb\u00ea e confirmando que est\u00e1 tudo bem com ele. Sempre saio com consulta e exames agendados e todas as orienta\u00e7\u00f5es\u201d, relata.<\/p>\n<p>Renata Figueiredo, de 41 anos, tamb\u00e9m iniciou o pr\u00e9-natal em um posto pr\u00f3ximo de casa, onde realizou o ultrassom morfol\u00f3gico do segundo trimestre de gesta\u00e7\u00e3o. Nesse exame, foi constatado um desvio no cora\u00e7\u00e3o do beb\u00ea.<\/p>\n<p>Por isso, a futura mam\u00e3e tamb\u00e9m recebeu o encaminhamento para o setor da MOV, onde teria um diagn\u00f3stico mais preciso. \u201cL\u00e1, eu teria acesso a mais recursos para saber se realmente havia essa altera\u00e7\u00e3o\u201d, explica.<\/p>\n<p>No primeiro exame realizado, foi constatado que o beb\u00ea est\u00e1 se desenvolvendo normalmente, mas Renata ainda passar\u00e1 por mais exames. \u201cEstou amando o atendimento, est\u00e1 tudo perfeito para mim\u201d, avalia.<\/p>\n<p><strong>Sobre a Maternidade Odete Valadares<\/strong><\/p>\n<p>A MOV est\u00e1 localizada no bairro Prado, em Belo Horizonte, e foi inaugurada em 1955. Todos os atendimentos e exames s\u00e3o realizados pelo Sistema \u00danico de Sa\u00fade (SUS).<\/p>\n<p>A unidade presta assist\u00eancia integral \u00e0 sa\u00fade da mulher e ao rec\u00e9m-nascido e \u00e9 refer\u00eancia em gesta\u00e7\u00e3o de alto risco, al\u00e9m de atuar como hospital de ensino e possibilitar a capacita\u00e7\u00e3o e o aprimoramento dos profissionais da \u00e1rea.<\/p>\n<\/p><\/div>\n","protected":false},"excerpt":{"rendered":"<p>Relacionadas A Maternidade Odete Valadares (MOV), da Funda\u00e7\u00e3o Hospitalar do Estado de Minas Gerais (Fhemig),&#8230;<\/p>\n","protected":false},"author":2,"featured_media":0,"comment_status":"open","ping_status":"open","sticky":false,"template":"","format":"standard","meta":{"footnotes":""},"categories":[],"tags":[],"class_list":["post-12658","post","type-post","status-publish","format-standard","hentry"],"amp_enabled":true,"_links":{"self":[{"href":"https:\/\/ipatingafc.com.br\/index.php\/wp-json\/wp\/v2\/posts\/12658","targetHints":{"allow":["GET"]}}],"collection":[{"href":"https:\/\/ipatingafc.com.br\/index.php\/wp-json\/wp\/v2\/posts"}],"about":[{"href":"https:\/\/ipatingafc.com.br\/index.php\/wp-json\/wp\/v2\/types\/post"}],"author":[{"embeddable":true,"href":"https:\/\/ipatingafc.com.br\/index.php\/wp-json\/wp\/v2\/users\/2"}],"replies":[{"embeddable":true,"href":"https:\/\/ipatingafc.com.br\/index.php\/wp-json\/wp\/v2\/comments?post=12658"}],"version-history":[{"count":0,"href":"https:\/\/ipatingafc.com.br\/index.php\/wp-json\/wp\/v2\/posts\/12658\/revisions"}],"wp:attachment":[{"href":"https:\/\/ipatingafc.com.br\/index.php\/wp-json\/wp\/v2\/media?parent=12658"}],"wp:term":[{"taxonomy":"category","embeddable":true,"href":"https:\/\/ipatingafc.com.br\/index.php\/wp-json\/wp\/v2\/categories?post=12658"},{"taxonomy":"post_tag","embeddable":true,"href":"https:\/\/ipatingafc.com.br\/index.php\/wp-json\/wp\/v2\/tags?post=12658"}],"curies":[{"name":"wp","href":"https:\/\/api.w.org\/{rel}","templated":true}]}}