{"id":12671,"date":"2024-08-09T13:17:42","date_gmt":"2024-08-09T16:17:42","guid":{"rendered":"https:\/\/ipatingafc.com.br\/index.php\/2024\/08\/09\/agencia-minas-gerais-planejamento-prorroga-prazo-de-inscricao-do-processo-seletivo-simplificado-para-medicos-e-psicologos-especialistas-em-medicina-do-trafego\/"},"modified":"2024-08-09T13:17:42","modified_gmt":"2024-08-09T16:17:42","slug":"agencia-minas-gerais-planejamento-prorroga-prazo-de-inscricao-do-processo-seletivo-simplificado-para-medicos-e-psicologos-especialistas-em-medicina-do-trafego","status":"publish","type":"post","link":"https:\/\/ipatingafc.com.br\/index.php\/2024\/08\/09\/agencia-minas-gerais-planejamento-prorroga-prazo-de-inscricao-do-processo-seletivo-simplificado-para-medicos-e-psicologos-especialistas-em-medicina-do-trafego\/","title":{"rendered":"Ag\u00eancia Minas Gerais | Planejamento\u00a0prorroga prazo de inscri\u00e7\u00e3o do Processo Seletivo Simplificado para m\u00e9dicos e psic\u00f3logos especialistas em medicina do tr\u00e1fego"},"content":{"rendered":"<p><\/p>\n<div>\n<p><figure class=\"image\" style=\"float:right\"><img loading=\"lazy\" decoding=\"async\" alt=\"\" height=\"356\" src=\"https:\/\/www.agenciaminas.mg.gov.br\/ckeditor_assets\/pictures\/21475\/content_medico_fotocetmglj_1.jpeg\" width=\"320\"\/>&#13;<figcaption><em><sup>Seplag \/ Divulga\u00e7\u00e3o<\/sup><\/em><\/figcaption>&#13;<br \/>\n<\/figure>\n<p>&#13;<br \/>\n&#13;\n<\/p>\n<p>O Governo de Minas, por meio da Secretaria de Estado de Planejamento e Gest\u00e3o (Seplag-MG), prorrogou o prazo de inscri\u00e7\u00f5es no Processo Seletivo Simplificado, para preenchimento de vagas para contrata\u00e7\u00e3o imediata de m\u00e9dico especialista em medicina do tr\u00e1fego e psic\u00f3logo especialista em psicologia do tr\u00e1fego. Interessados podem se inscrever at\u00e9 as 16h do dia 19\/8, neste\u00a0site.\u00a0<\/p>\n<p>As oportunidades s\u00e3o para a cidade de Uberl\u00e2ndia, no Tri\u00e2ngulo Mineiro. Os profissionais ir\u00e3o atuar na Superintend\u00eancia de Habilita\u00e7\u00e3o da Coordenadoria Estadual de Gest\u00e3o de Tr\u00e2nsito (CET-MG). A prorroga\u00e7\u00e3o foi publicada no dia 3\/8 no Di\u00e1rio Oficial do Estado de Minas Gerais.<\/p>\n<p>O processo inclui duas vagas para m\u00e9dico especialista em medicina do tr\u00e1fego e uma para psic\u00f3logo especialista em psicologia do tr\u00e1fego, al\u00e9m de vagas para cadastro de reserva nos dois cargos.<\/p>\n<p>As remunera\u00e7\u00f5es variam de R$ 5.384,40, com jornada de 20 horas semanais, para os m\u00e9dicos, e R$ 2.045,95, com jornada de 30 horas semanais, para os psic\u00f3logos. O prazo do contrato \u00e9 de um ano, prorrog\u00e1vel pelo mesmo per\u00edodo.<\/p>\n<p>O edital com as etapas do processo e o link da inscri\u00e7\u00e3o est\u00e3o dispon\u00edveis aqui.<\/p>\n<p>\u00a0<\/p>\n<\/p><\/div>\n","protected":false},"excerpt":{"rendered":"<p>&#13;Seplag \/ Divulga\u00e7\u00e3o&#13; &#13; &#13; O Governo de Minas, por meio da Secretaria de Estado&#8230;<\/p>\n","protected":false},"author":2,"featured_media":0,"comment_status":"open","ping_status":"open","sticky":false,"template":"","format":"standard","meta":{"footnotes":""},"categories":[],"tags":[],"class_list":["post-12671","post","type-post","status-publish","format-standard","hentry"],"amp_enabled":true,"_links":{"self":[{"href":"https:\/\/ipatingafc.com.br\/index.php\/wp-json\/wp\/v2\/posts\/12671","targetHints":{"allow":["GET"]}}],"collection":[{"href":"https:\/\/ipatingafc.com.br\/index.php\/wp-json\/wp\/v2\/posts"}],"about":[{"href":"https:\/\/ipatingafc.com.br\/index.php\/wp-json\/wp\/v2\/types\/post"}],"author":[{"embeddable":true,"href":"https:\/\/ipatingafc.com.br\/index.php\/wp-json\/wp\/v2\/users\/2"}],"replies":[{"embeddable":true,"href":"https:\/\/ipatingafc.com.br\/index.php\/wp-json\/wp\/v2\/comments?post=12671"}],"version-history":[{"count":0,"href":"https:\/\/ipatingafc.com.br\/index.php\/wp-json\/wp\/v2\/posts\/12671\/revisions"}],"wp:attachment":[{"href":"https:\/\/ipatingafc.com.br\/index.php\/wp-json\/wp\/v2\/media?parent=12671"}],"wp:term":[{"taxonomy":"category","embeddable":true,"href":"https:\/\/ipatingafc.com.br\/index.php\/wp-json\/wp\/v2\/categories?post=12671"},{"taxonomy":"post_tag","embeddable":true,"href":"https:\/\/ipatingafc.com.br\/index.php\/wp-json\/wp\/v2\/tags?post=12671"}],"curies":[{"name":"wp","href":"https:\/\/api.w.org\/{rel}","templated":true}]}}