{"id":12673,"date":"2024-08-09T14:04:17","date_gmt":"2024-08-09T17:04:17","guid":{"rendered":"https:\/\/ipatingafc.com.br\/index.php\/2024\/08\/09\/espaco-maternidade-na-luz-registra-quase-600-atendimentos-em-4-meses\/"},"modified":"2024-08-09T14:04:17","modified_gmt":"2024-08-09T17:04:17","slug":"espaco-maternidade-na-luz-registra-quase-600-atendimentos-em-4-meses","status":"publish","type":"post","link":"https:\/\/ipatingafc.com.br\/index.php\/2024\/08\/09\/espaco-maternidade-na-luz-registra-quase-600-atendimentos-em-4-meses\/","title":{"rendered":"Espa\u00e7o Maternidade na Luz registra quase 600 atendimentos em 4 meses"},"content":{"rendered":"<p><\/p>\n<div id=\"\">&#13;<br \/>\n                                <!-- Title -->&#13;<br \/>\n                                &#13;<br \/>\n&#13;<br \/>\n                                <!-- Excerpt -->&#13;<\/p>\n<p class=\"excerpt\">Local acolhe m\u00e3es e beb\u00eas durante a amamenta\u00e7\u00e3o de forma segura e confort\u00e1vel<\/p>\n<p>&#13;<br \/>\n&#13;<br \/>\n                                &#13;\n                            <\/p><\/div>\n<div id=\"\">&#13;<\/p>\n<figure id=\"attachment_5837542\" style=\"width: 100%;max-width: 799px\" class=\"wp-caption aligncenter\"><img decoding=\"async\" loading=\"lazy\" class=\"size-full wp-image-5837542\" src=\"https:\/\/www.saopaulo.sp.gov.br\/wp-content\/uploads\/2024\/03\/53575767465_6671fac22e_c.jpg\" alt=\"\" width=\"799\" height=\"533\" srcset=\"https:\/\/www.saopaulo.sp.gov.br\/wp-content\/uploads\/2024\/03\/53575767465_6671fac22e_c.jpg 799w, https:\/\/www.saopaulo.sp.gov.br\/wp-content\/uploads\/2024\/03\/53575767465_6671fac22e_c-300x200.jpg 300w, https:\/\/www.saopaulo.sp.gov.br\/wp-content\/uploads\/2024\/03\/53575767465_6671fac22e_c-768x512.jpg 768w\" sizes=\"auto, (max-width: 799px) 100vw, 799px\"\/><figcaption class=\"wp-caption-text\">Governo de SP inaugura o primeiro Espa\u00e7o Maternidade na esta\u00e7\u00e3o Luz da CPTM<\/figcaption><\/figure>\n<p>O Espa\u00e7o Maternidade na Esta\u00e7\u00e3o da Luz da CPTM, inaugurado em mar\u00e7o deste ano pelas Secretarias dos Transportes Metropolitanos e de Pol\u00edticas para a Mulher, registrou quase 600 atendimentos at\u00e9 o momento, sendo que a utiliza\u00e7\u00e3o do local dobrou de junho para julho. O levantamento foi realizado neste m\u00eas que marca o Agosto Dourado, campanha para informar e promover a pr\u00e1tica do aleitamento materno exclusivo nos primeiros seis meses de vida \u2013 essa \u00e9 a melhor forma de garantir a sa\u00fade e o desenvolvimento saud\u00e1vel do beb\u00ea.<\/p>\n<p>O projeto piloto \u00e9 inovador e resulta de uma parceria intersecretarial com o objetivo de acolher m\u00e3es e beb\u00eas em tr\u00e2nsito, proporcionar maior conforto no momento da amamenta\u00e7\u00e3o e viabilizar a ordenha do leite materno para aliviar desconfortos em um ambiente seguro. Al\u00e9m disso, a sala possibilita a troca de fraldas e o entretenimento das crian\u00e7as.<\/p>\n<p>Em S\u00e3o Paulo, o Espa\u00e7o Maternidade na Esta\u00e7\u00e3o Luz da CPTM \u00e9 um exemplo concreto do compromisso do Estado em apoiar as m\u00e3es e representa um avan\u00e7o significativo na promo\u00e7\u00e3o da sa\u00fade materna e infantil, refor\u00e7ando a import\u00e2ncia de pol\u00edticas p\u00fablicas inclusivas e humanizadas.<\/p>\n<p>Pioneiro no sistema metroferrovi\u00e1rio, o local foi constru\u00eddo de acordo com as normas de acessibilidade e seguran\u00e7a dentro de uma \u00e1rea de 56m\u00b2. O espa\u00e7o conta com poltronas e mesas de canto para as m\u00e3es lactantes, trocadores, brinquedoteca, copa com micro-ondas, dois cadeir\u00f5es de refei\u00e7\u00f5es, filtro de \u00e1gua e dois sanit\u00e1rios comuns acess\u00edveis. A sala fica na Plataforma 5 da Esta\u00e7\u00e3o da Luz, no local de acesso ao Expresso Aeroporto.<\/p>\n<h2>SP Por Todas<\/h2>\n<p>O Espa\u00e7o Maternidade integra o movimento S\u00e3o Paulo por Todas, promovido pelo Governo de S\u00e3o Paulo para ampliar a visibilidade das pol\u00edticas p\u00fablicas do estado para mulheres, bem como a rede de prote\u00e7\u00e3o, acolhimento e autonomia profissional e financeira para elas.<\/p>\n<\/p><\/div>\n","protected":false},"excerpt":{"rendered":"<p>&#13; &#13; &#13; &#13; &#13; Local acolhe m\u00e3es e beb\u00eas durante a amamenta\u00e7\u00e3o de forma&#8230;<\/p>\n","protected":false},"author":2,"featured_media":0,"comment_status":"open","ping_status":"open","sticky":false,"template":"","format":"standard","meta":{"footnotes":""},"categories":[],"tags":[],"class_list":["post-12673","post","type-post","status-publish","format-standard","hentry"],"amp_enabled":true,"_links":{"self":[{"href":"https:\/\/ipatingafc.com.br\/index.php\/wp-json\/wp\/v2\/posts\/12673","targetHints":{"allow":["GET"]}}],"collection":[{"href":"https:\/\/ipatingafc.com.br\/index.php\/wp-json\/wp\/v2\/posts"}],"about":[{"href":"https:\/\/ipatingafc.com.br\/index.php\/wp-json\/wp\/v2\/types\/post"}],"author":[{"embeddable":true,"href":"https:\/\/ipatingafc.com.br\/index.php\/wp-json\/wp\/v2\/users\/2"}],"replies":[{"embeddable":true,"href":"https:\/\/ipatingafc.com.br\/index.php\/wp-json\/wp\/v2\/comments?post=12673"}],"version-history":[{"count":0,"href":"https:\/\/ipatingafc.com.br\/index.php\/wp-json\/wp\/v2\/posts\/12673\/revisions"}],"wp:attachment":[{"href":"https:\/\/ipatingafc.com.br\/index.php\/wp-json\/wp\/v2\/media?parent=12673"}],"wp:term":[{"taxonomy":"category","embeddable":true,"href":"https:\/\/ipatingafc.com.br\/index.php\/wp-json\/wp\/v2\/categories?post=12673"},{"taxonomy":"post_tag","embeddable":true,"href":"https:\/\/ipatingafc.com.br\/index.php\/wp-json\/wp\/v2\/tags?post=12673"}],"curies":[{"name":"wp","href":"https:\/\/api.w.org\/{rel}","templated":true}]}}