{"id":12713,"date":"2024-08-10T17:39:40","date_gmt":"2024-08-10T20:39:40","guid":{"rendered":"https:\/\/ipatingafc.com.br\/index.php\/2024\/08\/10\/agencia-minas-gerais-previsao-do-tempo-para-minas-gerais-neste-sabado-10-de-agosto\/"},"modified":"2024-08-10T17:39:40","modified_gmt":"2024-08-10T20:39:40","slug":"agencia-minas-gerais-previsao-do-tempo-para-minas-gerais-neste-sabado-10-de-agosto","status":"publish","type":"post","link":"https:\/\/ipatingafc.com.br\/index.php\/2024\/08\/10\/agencia-minas-gerais-previsao-do-tempo-para-minas-gerais-neste-sabado-10-de-agosto\/","title":{"rendered":"Ag\u00eancia Minas Gerais | Previs\u00e3o do tempo para Minas Gerais neste s\u00e1bado, 10 de agosto"},"content":{"rendered":"<p><\/p>\n<div>\n<p>O s\u00e1bado (10\/8) j\u00e1 apresenta mudan\u00e7as nas condi\u00e7\u00f5es do tempo esperadas para o fim de semana.\u00a0<\/p>\n<p>Massa de ar frio e seco, que acompanha a frente fria, avan\u00e7a a partir do Tri\u00e2ngulo Mineiro, em dire\u00e7\u00e3o ao Sul e Zona da Mata. Entre a noite do s\u00e1bado e a manh\u00e3 do domingo, o ar frio avan\u00e7a em dire\u00e7\u00e3o a \u00e1rea Central do estado, favorecendo o decl\u00ednio da temperatura m\u00ednima na capital j\u00e1 na manh\u00e3 do domingo.\u00a0<\/p>\n<p>Pode haver forma\u00e7\u00e3o de geada no Sul e Oeste, e no Tri\u00e2ngulo Mineiro\/Alto Parana\u00edba.\u00a0<\/p>\n<p>No Norte e Noroeste, o fim de semana ainda ser\u00e1 quente e seco.<\/p>\n<p>Clique aqui para conferir a previs\u00e3o completa do Instituto Nacional de Meteorologia (Inmet).<br \/>&#13;<br \/>\n\u00a0<\/p>\n<\/p><\/div>\n","protected":false},"excerpt":{"rendered":"<p>O s\u00e1bado (10\/8) j\u00e1 apresenta mudan\u00e7as nas condi\u00e7\u00f5es do tempo esperadas para o fim de&#8230;<\/p>\n","protected":false},"author":2,"featured_media":0,"comment_status":"open","ping_status":"open","sticky":false,"template":"","format":"standard","meta":{"footnotes":""},"categories":[],"tags":[],"class_list":["post-12713","post","type-post","status-publish","format-standard","hentry"],"amp_enabled":true,"_links":{"self":[{"href":"https:\/\/ipatingafc.com.br\/index.php\/wp-json\/wp\/v2\/posts\/12713","targetHints":{"allow":["GET"]}}],"collection":[{"href":"https:\/\/ipatingafc.com.br\/index.php\/wp-json\/wp\/v2\/posts"}],"about":[{"href":"https:\/\/ipatingafc.com.br\/index.php\/wp-json\/wp\/v2\/types\/post"}],"author":[{"embeddable":true,"href":"https:\/\/ipatingafc.com.br\/index.php\/wp-json\/wp\/v2\/users\/2"}],"replies":[{"embeddable":true,"href":"https:\/\/ipatingafc.com.br\/index.php\/wp-json\/wp\/v2\/comments?post=12713"}],"version-history":[{"count":0,"href":"https:\/\/ipatingafc.com.br\/index.php\/wp-json\/wp\/v2\/posts\/12713\/revisions"}],"wp:attachment":[{"href":"https:\/\/ipatingafc.com.br\/index.php\/wp-json\/wp\/v2\/media?parent=12713"}],"wp:term":[{"taxonomy":"category","embeddable":true,"href":"https:\/\/ipatingafc.com.br\/index.php\/wp-json\/wp\/v2\/categories?post=12713"},{"taxonomy":"post_tag","embeddable":true,"href":"https:\/\/ipatingafc.com.br\/index.php\/wp-json\/wp\/v2\/tags?post=12713"}],"curies":[{"name":"wp","href":"https:\/\/api.w.org\/{rel}","templated":true}]}}