{"id":12740,"date":"2024-08-11T07:46:36","date_gmt":"2024-08-11T10:46:36","guid":{"rendered":"https:\/\/ipatingafc.com.br\/index.php\/2024\/08\/11\/agencia-minas-gerais-museu-mineiro-recebe-celebracao-dos-15-anos-do-bolinho-um-dos-personagens-mais-iconicos-da-arte-urbana-de-bh\/"},"modified":"2024-08-11T07:46:36","modified_gmt":"2024-08-11T10:46:36","slug":"agencia-minas-gerais-museu-mineiro-recebe-celebracao-dos-15-anos-do-bolinho-um-dos-personagens-mais-iconicos-da-arte-urbana-de-bh","status":"publish","type":"post","link":"https:\/\/ipatingafc.com.br\/index.php\/2024\/08\/11\/agencia-minas-gerais-museu-mineiro-recebe-celebracao-dos-15-anos-do-bolinho-um-dos-personagens-mais-iconicos-da-arte-urbana-de-bh\/","title":{"rendered":"Ag\u00eancia Minas Gerais | Museu Mineiro recebe celebra\u00e7\u00e3o dos 15 anos do Bolinho, um dos personagens mais ic\u00f4nicos da arte urbana de BH"},"content":{"rendered":"<p><\/p>\n<div>\n<p>O Museu Mineiro abre as portas, neste s\u00e1bado (10\/8), para receber a comemora\u00e7\u00e3o dos 15 anos do Bolinho mais querido e reconhecido da arte urbana de Belo Horizonte, a partir das 11h. \u00a0<\/p>\n<p>O evento \u00e9 totalmente gratuito e contar\u00e1 com programa\u00e7\u00e3o variada que inclui o famoso Bazar do Bolinho, em que f\u00e3s poder\u00e3o adquirir produtos exclusivos; recrea\u00e7\u00e3o para as crian\u00e7as, com oficinas e brincadeiras; live painting com a participa\u00e7\u00e3o de diversos artistas, al\u00e9m de DJs e, \u00e9 claro, a exposi\u00e7\u00e3o de infl\u00e1veis gigantes do Bolinho, transformando o Museu Mineiro em uma verdadeira festa de cores e formas.<\/p>\n<p>Desde 2009, o Bolinho vem colorindo as ruas e alegrando o dia a dia dos belo-horizontinos. Criado pela mente criativa da artista Raquel Bolinho, o personagem rapidamente se tornou marca registrada da cidade, representando inventividade, humor e arte urbana.\u00a0<\/p>\n<p>O evento n\u00e3o \u00e9 apenas a comemora\u00e7\u00e3o dos 15 anos do Bolinho, como tamb\u00e9m uma homenagem \u00e0 arte urbana, de import\u00e2ncia cultural em Belo Horizonte.<\/p>\n<p><strong>Hist\u00f3ria do Bolinho\u00a0<\/strong><\/p>\n<p>O Bolinho surgiu\u00a0em 2009, fruto da criatividade de Maria Raquel Bolinho, uma grafiteira itabirana que se encontrou artisticamente logo que se mudou para Belo Horizonte.<\/p>\n<p>\u00a0Inspirada por sua paix\u00e3o por doces e por uma nova descoberta pela arte urbana, Raquel decidiu criar um personagem que se destacasse no cen\u00e1rio dos grafites da cidade.\u00a0<\/p>\n<p>Com um toque de humor e atualidade, o Bolinho se tornou uma figura reconhecida, trazendo cores vivas e mensagens bem humoradas para muros e viadutos de BH.<\/p>\n<p>Desde a cria\u00e7\u00e3o, o Bolinho se multiplicou por Belo Horizonte e outras cidades do Brasil, como Rio de Janeiro e S\u00e3o Paulo.\u00a0<\/p>\n<p>A figura do cupcake, muitas vezes associada a refer\u00eancias culturais e eventos atuais, tornou-se uma esp\u00e9cie de charge em forma de grafite, contando a hist\u00f3ria da cidade e dos acontecimentos atuais, ou at\u00e9 mesmo fazendo cr\u00edticas com um toque de humor.<\/p>\n<p>Al\u00e9m de ado\u00e7ar o ambiente urbano, o Bolinho tamb\u00e9m foi usado em diversas exposi\u00e7\u00f5es e projetos culturais, conectando-se com outras formas de arte e artistas de diferentes linguagens.\u00a0<\/p>\n<p><strong>Museu Mineiro\u00a0<\/strong><\/p>\n<p>Inaugurado em 1982, o Museu Mineiro re\u00fane acervo composto por conjunto bastante diversificado de objetos referentes \u00e0 hist\u00f3ria e \u00e0 produ\u00e7\u00e3o cultural e art\u00edstica mineiras.\u00a0<\/p>\n<p>Nas salas de exposi\u00e7\u00e3o s\u00e3o exibidas obras de artistas consagrados, tais como: Manoel da Costa Ata\u00edde, Yara Tupynamb\u00e1, Am\u00edlcar de Castro, Jeanne Milde, Inim\u00e1 de Paula, L\u00f3tus Lobo, Celso Renato, Sara \u00c1vila, Guignard, Maria Helena Andr\u00e9s e Di Cavalcanti, entre outros.<\/p>\n<p>Atualmente, o museu exibe a exposi\u00e7\u00e3o de longa dura\u00e7\u00e3o \u201cMinas das Artes, Hist\u00f3rias Gerais\u201d, em que o visitante tem a oportunidade de conhecer uma vasta cole\u00e7\u00e3o de arte sacra, datada dos s\u00e9culos XVIII e XIX, al\u00e9m de preciosidades do acervo, como a bandeira da Inconfid\u00eancia Mineira, os manuscritos originais da obra \u201cTutam\u00e9ia\u201d de Guimar\u00e3es Rosa, o retrato de Ant\u00f4nio Francisco Lisboa, conhecido como Aleijadinho, e a cole\u00e7\u00e3o de santos de devo\u00e7\u00e3o popular.<\/p>\n<p>Veja a programa\u00e7\u00e3o neste link.\u00a0<br \/>&#13;<br \/>\n\u00a0<\/p>\n<\/p><\/div>\n","protected":false},"excerpt":{"rendered":"<p>O Museu Mineiro abre as portas, neste s\u00e1bado (10\/8), para receber a comemora\u00e7\u00e3o dos 15&#8230;<\/p>\n","protected":false},"author":2,"featured_media":0,"comment_status":"open","ping_status":"open","sticky":false,"template":"","format":"standard","meta":{"footnotes":""},"categories":[],"tags":[],"class_list":["post-12740","post","type-post","status-publish","format-standard","hentry"],"amp_enabled":true,"_links":{"self":[{"href":"https:\/\/ipatingafc.com.br\/index.php\/wp-json\/wp\/v2\/posts\/12740","targetHints":{"allow":["GET"]}}],"collection":[{"href":"https:\/\/ipatingafc.com.br\/index.php\/wp-json\/wp\/v2\/posts"}],"about":[{"href":"https:\/\/ipatingafc.com.br\/index.php\/wp-json\/wp\/v2\/types\/post"}],"author":[{"embeddable":true,"href":"https:\/\/ipatingafc.com.br\/index.php\/wp-json\/wp\/v2\/users\/2"}],"replies":[{"embeddable":true,"href":"https:\/\/ipatingafc.com.br\/index.php\/wp-json\/wp\/v2\/comments?post=12740"}],"version-history":[{"count":0,"href":"https:\/\/ipatingafc.com.br\/index.php\/wp-json\/wp\/v2\/posts\/12740\/revisions"}],"wp:attachment":[{"href":"https:\/\/ipatingafc.com.br\/index.php\/wp-json\/wp\/v2\/media?parent=12740"}],"wp:term":[{"taxonomy":"category","embeddable":true,"href":"https:\/\/ipatingafc.com.br\/index.php\/wp-json\/wp\/v2\/categories?post=12740"},{"taxonomy":"post_tag","embeddable":true,"href":"https:\/\/ipatingafc.com.br\/index.php\/wp-json\/wp\/v2\/tags?post=12740"}],"curies":[{"name":"wp","href":"https:\/\/api.w.org\/{rel}","templated":true}]}}