{"id":12741,"date":"2024-08-11T08:33:40","date_gmt":"2024-08-11T11:33:40","guid":{"rendered":"https:\/\/ipatingafc.com.br\/index.php\/2024\/08\/11\/historias-de-pais-e-filhos-que-sao-parceiros-em-sala-de-aula\/"},"modified":"2024-08-11T08:33:40","modified_gmt":"2024-08-11T11:33:40","slug":"historias-de-pais-e-filhos-que-sao-parceiros-em-sala-de-aula","status":"publish","type":"post","link":"https:\/\/ipatingafc.com.br\/index.php\/2024\/08\/11\/historias-de-pais-e-filhos-que-sao-parceiros-em-sala-de-aula\/","title":{"rendered":"hist\u00f3rias de pais e filhos que s\u00e3o parceiros em sala de aula"},"content":{"rendered":"<p><\/p>\n<div id=\"\">&#13;<br \/>\n                                &#13;<\/p>\n<figure id=\"attachment_5930702\" style=\"width: 100%;max-width: 756px\" class=\"wp-caption alignnone\"><img decoding=\"async\" loading=\"lazy\" class=\" wp-image-5930702\" src=\"https:\/\/www.saopaulo.sp.gov.br\/wp-content\/uploads\/2024\/08\/Dia-Dos-Pais-edit-300x200.jpg\" alt=\"\" width=\"756\" height=\"504\" srcset=\"https:\/\/www.saopaulo.sp.gov.br\/wp-content\/uploads\/2024\/08\/Dia-Dos-Pais-edit-300x200.jpg 300w, https:\/\/www.saopaulo.sp.gov.br\/wp-content\/uploads\/2024\/08\/Dia-Dos-Pais-edit-1024x683.jpg 1024w, https:\/\/www.saopaulo.sp.gov.br\/wp-content\/uploads\/2024\/08\/Dia-Dos-Pais-edit-768x512.jpg 768w, https:\/\/www.saopaulo.sp.gov.br\/wp-content\/uploads\/2024\/08\/Dia-Dos-Pais-edit.jpg 1200w\" sizes=\"auto, (max-width: 756px) 100vw, 756px\"\/><figcaption class=\"wp-caption-text\">Pais e filhos que estudam no CPS celebram a oportunidade de compartilhar o companheirismo e o aprendizado<\/figcaption><\/figure>\n<p>&#13;<\/p>\n<p>Eles s\u00e3o de gera\u00e7\u00f5es diferentes, mas compartilham o desejo de um futuro melhor por meio dos estudos. Em homenagem ao Dia dos Pais, conhe\u00e7a algumas hist\u00f3rias de pais, filhos e filhas que dividem o ambiente acad\u00eamico das Escolas T\u00e9cnicas (Etecs) e Faculdades de Tecnologia (Fatecs) do Estado de S\u00e3o Paulo.<\/p>\n<p>&#13;<br \/>\n&#13;<br \/>\n&#13;<br \/>\n&#13;<\/p>\n<h2 class=\"wp-block-heading\"><strong>Gua\u00edra<\/strong><\/h2>\n<p>&#13;<br \/>\n&#13;<br \/>\n&#13;<br \/>\n&#13;<\/p>\n<p>Na Etec de Gua\u00edra, Victor Hugo Garcia cursa a terceira s\u00e9rie do Ensino M\u00e9dio integrado ao T\u00e9cnico em Administra\u00e7\u00e3o durante o dia e o t\u00e9cnico em Seguros \u00e0 noite. \u00c9 l\u00e1 que encontra diariamente seu \u00eddolo, o pai Alan Garcia, que voltou aos bancos escolares depois de muitos anos.<\/p>\n<p>&#13;<br \/>\n&#13;<br \/>\n&#13;<br \/>\n&#13;<\/p>\n<p>\u201cDiferentemente de mim, ele come\u00e7ou a trabalhar muito cedo e n\u00e3o demonstrou interesse em seguir uma faculdade at\u00e9 eu nascer. Acreditava que conseguiria alcan\u00e7ar seus sonhos apenas com esfor\u00e7o, mas hoje faz o poss\u00edvel para que eu siga um caminho diferente\u201d, conta o filho.<\/p>\n<p>&#13;<br \/>\n&#13;<br \/>\n&#13;<br \/>\n&#13;<\/p>\n<p>Victor cresceu vendo os pais trabalhando de manh\u00e3 at\u00e9 a noite, chegando cansados e doloridos pelo esfor\u00e7o f\u00edsico. Alan foi motorista, borracheiro e teve uma cole\u00e7\u00e3o de outros empregos antes de decidir estudar para buscar uma carreira.<\/p>\n<p>&#13;<br \/>\n&#13;<br \/>\n&#13;<br \/>\n&#13;<\/p>\n<p><strong>LEIA TAMB\u00c9M: <\/strong>Ex-aluno de Etec de SP disputa medalha na Olimp\u00edada de Paris<\/p>\n<p>&#13;<br \/>\n&#13;<br \/>\n&#13;<br \/>\n&#13;<\/p>\n<p>\u201cEle se arrepende de n\u00e3o ter estudado antes e sempre me diz que \u2018a caneta \u00e9 mais leve que a enxada\u2019. Fiz a inscri\u00e7\u00e3o dele para o curso t\u00e9cnico em Seguran\u00e7a do Trabalho e aos poucos ele se convenceu que ainda tem idade para estudar e buscar um futuro melhor\u201d, conta.<\/p>\n<p>&#13;<br \/>\n&#13;<br \/>\n&#13;<br \/>\n&#13;<\/p>\n<figure class=\"wp-block-image size-full is-resized\"\/>&#13;<\/p>\n<figure id=\"attachment_5930708\" style=\"width: 100%;max-width: 536px\" class=\"wp-caption alignnone\"><img decoding=\"async\" loading=\"lazy\" class=\" wp-image-5930708\" src=\"https:\/\/www.saopaulo.sp.gov.br\/wp-content\/uploads\/2024\/08\/pais-estudantes-vitor-guariba-226x300.jpg\" alt=\"\" width=\"536\" height=\"712\" srcset=\"https:\/\/www.saopaulo.sp.gov.br\/wp-content\/uploads\/2024\/08\/pais-estudantes-vitor-guariba-226x300.jpg 226w, https:\/\/www.saopaulo.sp.gov.br\/wp-content\/uploads\/2024\/08\/pais-estudantes-vitor-guariba.jpg 416w\" sizes=\"auto, (max-width: 536px) 100vw, 536px\"\/><figcaption class=\"wp-caption-text\">Victor Hugo Garcia e Alan Garcia<\/figcaption><\/figure>\n<p>&#13;<br \/>\n&#13;<br \/>\n&#13;<br \/>\n&#13;<\/p>\n<h2 class=\"wp-block-heading\"><strong>Ribeir\u00e3o Preto<\/strong><\/h2>\n<p>&#13;<br \/>\n&#13;<br \/>\n&#13;<br \/>\n&#13;<\/p>\n<p>Na Etec Jos\u00e9 Martimiano da Silva, R\u00f4mulo Rosseto Petek \u00e9 aluno do curso t\u00e9cnico em Edifica\u00e7\u00f5es per\u00edodo noturno, enquanto o enteado Enzo Barrocal Stoppa cursa o Ensino M\u00e9dio integrado ao T\u00e9cnico em Administra\u00e7\u00e3o em per\u00edodo integral. Foi o padrasto que insistiu para o garoto rec\u00e9m-formado na Educa\u00e7\u00e3o Fundamental optar pelo Ensino T\u00e9cnico.<\/p>\n<p>&#13;<br \/>\n&#13;<br \/>\n&#13;<br \/>\n&#13;<\/p>\n<p>\u201cComecei a namorar com a m\u00e3e do Enzo quando ele tinha s\u00f3 oito anos, ent\u00e3o temos uma rela\u00e7\u00e3o de pai e filho mesmo. Fiz um acordo, se ele entrasse na Etec ganharia o computador, e deu certo\u201d, conta R\u00f4mulo. \u201cTer meu \u2018paidrasto\u2019 na Etec \u00e9 um apoio a mais na hora de estudar. Ele \u00e9 uma grande refer\u00eancia para mim. Vamos nos formar no mesmo ano, motivo de sobra para comemorar\u201d, completa Enzo<\/p>\n<p>&#13;<br \/>\n&#13;<br \/>\n&#13;<br \/>\n&#13;<\/p>\n<figure class=\"wp-block-image size-large is-resized\"\/>&#13;<\/p>\n<figure id=\"attachment_5930712\" style=\"width: 100%;max-width: 601px\" class=\"wp-caption alignnone\"><img decoding=\"async\" loading=\"lazy\" class=\" wp-image-5930712\" src=\"https:\/\/www.saopaulo.sp.gov.br\/wp-content\/uploads\/2024\/08\/pais-estudantes-romulo-e-enzo-225x300.jpeg\" alt=\"\" width=\"601\" height=\"801\" srcset=\"https:\/\/www.saopaulo.sp.gov.br\/wp-content\/uploads\/2024\/08\/pais-estudantes-romulo-e-enzo-225x300.jpeg 225w, https:\/\/www.saopaulo.sp.gov.br\/wp-content\/uploads\/2024\/08\/pais-estudantes-romulo-e-enzo-768x1024.jpeg 768w, https:\/\/www.saopaulo.sp.gov.br\/wp-content\/uploads\/2024\/08\/pais-estudantes-romulo-e-enzo-1152x1536.jpeg 1152w, https:\/\/www.saopaulo.sp.gov.br\/wp-content\/uploads\/2024\/08\/pais-estudantes-romulo-e-enzo.jpeg 1200w\" sizes=\"auto, (max-width: 601px) 100vw, 601px\"\/><figcaption class=\"wp-caption-text\">R\u00f4mulo Rosseto Petek e Enzo Barrocal Stoppa<\/figcaption><\/figure>\n<p>&#13;<br \/>\n&#13;<br \/>\n&#13;<br \/>\n&#13;<\/p>\n<h2 class=\"wp-block-heading\"><strong>Juntos na cozinha<\/strong><\/h2>\n<p>&#13;<br \/>\n&#13;<br \/>\n&#13;<br \/>\n&#13;<\/p>\n<p>Luiz Fernandes da Costa incentivou a filha, Elis Fernanda Gon\u00e7alves Fernandes da Costa, a procurar o curso t\u00e9cnico em Gastronomia da Etec Jos\u00e9 Martimiano da Silva, em Ribeir\u00e3o Preto. Aos 59 e 29 anos, os dois j\u00e1 estavam em outras profiss\u00f5es, mas dividiam o prazer de cozinhar.<\/p>\n<p>&#13;<br \/>\n&#13;<br \/>\n&#13;<br \/>\n&#13;<\/p>\n<p>\u201cEu havia prestado Vestibulinho no primeiro semestre de 2023, mas n\u00e3o consegui iniciar o curso por uma s\u00e9rie de viagens. Quando soube que a Elis estava animada para entrar, prestei Vestibulinho de novo no segundo semestre e passei em primeiro lugar\u201d, conta o pai. \u201cNeste meio tempo come\u00e7amos a trocar receitas e iniciamos o curso juntos, na mesma turma. Tem sido uma experi\u00eancia \u00f3tima!\u201d, completa a filha.<\/p>\n<p>&#13;<br \/>\n&#13;<br \/>\n&#13;<br \/>\n&#13;<\/p>\n<figure class=\"wp-block-image size-large\"\/>&#13;<\/p>\n<figure id=\"attachment_5930711\" style=\"width: 100%;max-width: 738px\" class=\"wp-caption alignnone\"><img decoding=\"async\" loading=\"lazy\" class=\" wp-image-5930711\" src=\"https:\/\/www.saopaulo.sp.gov.br\/wp-content\/uploads\/2024\/08\/pais-estudantes-luiz-e-elis-300x225.jpeg\" alt=\"\" width=\"738\" height=\"554\" srcset=\"https:\/\/www.saopaulo.sp.gov.br\/wp-content\/uploads\/2024\/08\/pais-estudantes-luiz-e-elis-300x225.jpeg 300w, https:\/\/www.saopaulo.sp.gov.br\/wp-content\/uploads\/2024\/08\/pais-estudantes-luiz-e-elis-1024x768.jpeg 1024w, https:\/\/www.saopaulo.sp.gov.br\/wp-content\/uploads\/2024\/08\/pais-estudantes-luiz-e-elis-768x576.jpeg 768w, https:\/\/www.saopaulo.sp.gov.br\/wp-content\/uploads\/2024\/08\/pais-estudantes-luiz-e-elis.jpeg 1280w\" sizes=\"auto, (max-width: 738px) 100vw, 738px\"\/><figcaption class=\"wp-caption-text\">Luiz e Elis na cozinha da Etec Jos\u00e9 Martimiano da Silva, em Ribeir\u00e3o Preto<\/figcaption><\/figure>\n<p>&#13;<br \/>\n&#13;<br \/>\n&#13;<br \/>\n&#13;<\/p>\n<p>Como n\u00e3o vivem juntos, a Etec garantiu um tempo di\u00e1rio de conviv\u00eancia e a parceria s\u00f3 cresceu. Est\u00e3o sempre no mesmo grupo nas aulas pr\u00e1ticas, formaram dupla para o trabalho de conclus\u00e3o de curso (TCC) e at\u00e9 cogitam um futuro neg\u00f3cio depois de formados.<\/p>\n<p>&#13;<br \/>\n&#13;<br \/>\n&#13;<br \/>\n&#13;<\/p>\n<p>\u201cDecidi fazer o curso para aprender a cozinhar e ser um melhor anfitri\u00e3o, mas n\u00e3o descarto a possibilidade de empreendermos juntos fazendo massas em festas\u201d, empolga-se o pai.<\/p>\n<p>&#13;<br \/>\n&#13;<br \/>\n&#13;<br \/>\n&#13;<\/p>\n<figure class=\"wp-block-image size-large\"\/>&#13;<\/p>\n<figure id=\"attachment_5930710\" style=\"width: 100%;max-width: 611px\" class=\"wp-caption alignnone\"><img decoding=\"async\" loading=\"lazy\" class=\" wp-image-5930710\" src=\"https:\/\/www.saopaulo.sp.gov.br\/wp-content\/uploads\/2024\/08\/pais-estudantes-luiz-e-elis2-225x300.jpeg\" alt=\"\" width=\"611\" height=\"815\" srcset=\"https:\/\/www.saopaulo.sp.gov.br\/wp-content\/uploads\/2024\/08\/pais-estudantes-luiz-e-elis2-225x300.jpeg 225w, https:\/\/www.saopaulo.sp.gov.br\/wp-content\/uploads\/2024\/08\/pais-estudantes-luiz-e-elis2-768x1024.jpeg 768w, https:\/\/www.saopaulo.sp.gov.br\/wp-content\/uploads\/2024\/08\/pais-estudantes-luiz-e-elis2.jpeg 960w\" sizes=\"auto, (max-width: 611px) 100vw, 611px\"\/><figcaption class=\"wp-caption-text\">Luiz Fernandes da Costa e Elis Fernanda Gon\u00e7alves Fernandes da Costa<\/figcaption><\/figure>\n<p>&#13;<br \/>\n&#13;<br \/>\n&#13;<br \/>\n&#13;<\/p>\n<h2 class=\"wp-block-heading\"><strong>Sorocaba<\/strong><\/h2>\n<p>&#13;<br \/>\n&#13;<br \/>\n&#13;<br \/>\n&#13;<\/p>\n<p>Na Etec Armando Pannunzio, de Sorocaba, Gustavo Sampaio Alves e Etori Matheus Moreira Alves compartilham a voca\u00e7\u00e3o para Automa\u00e7\u00e3o Industrial. O filho cursa a terceira s\u00e9rie do Ensino M\u00e9dio integrado ao T\u00e9cnico em per\u00edodo integral, enquanto o pai cursa o terceiro m\u00f3dulo do Ensino T\u00e9cnico noturno.<\/p>\n<p>&#13;<br \/>\n&#13;<br \/>\n&#13;<br \/>\n&#13;<\/p>\n<p>\u201cOs professores s\u00e3o atenciosos e os trabalhos pr\u00e1ticos ajudam muito o aprendizado. Fiz \u00f3timos amigos aqui, o que tona o dia a dia mais divertido e significativo\u201d conta Gustavo. \u201cSer aluno da Etec \u00e9 uma experi\u00eancia incr\u00edvel, ainda mais com a possibilidade de me formar junto com o meu filho. Isso prova que o ensino aplicado aqui se emprega a qualquer idade e a v\u00e1rias gera\u00e7\u00f5es\u201d, completa Etori.<\/p>\n<p>&#13;<br \/>\n&#13;<br \/>\n&#13;<br \/>\n&#13;<\/p>\n<figure class=\"wp-block-image size-full\"\/>&#13;<\/p>\n<figure id=\"attachment_5930709\" style=\"width: 100%;max-width: 875px\" class=\"wp-caption alignnone\"><img decoding=\"async\" loading=\"lazy\" class=\" wp-image-5930709\" src=\"https:\/\/www.saopaulo.sp.gov.br\/wp-content\/uploads\/2024\/08\/pais-estudantes-etori-pannunzio-300x168.jpg\" alt=\"\" width=\"875\" height=\"490\" srcset=\"https:\/\/www.saopaulo.sp.gov.br\/wp-content\/uploads\/2024\/08\/pais-estudantes-etori-pannunzio-300x168.jpg 300w, https:\/\/www.saopaulo.sp.gov.br\/wp-content\/uploads\/2024\/08\/pais-estudantes-etori-pannunzio.jpg 755w\" sizes=\"auto, (max-width: 875px) 100vw, 875px\"\/><figcaption class=\"wp-caption-text\">Gustavo Sampaio Alves e Etori Matheus Moreira Alves<\/figcaption><\/figure>\n<p>&#13;<br \/>\n&#13;<br \/>\n&#13;<br \/>\n&#13;<\/p>\n<p>Siga o canal \u201cGoverno de S\u00e3o Paulo\u201d no WhatsApp: <br \/>https:\/\/bit.ly\/govspnozap<\/p>\n<p>&#13;\n                            <\/p><\/div>\n","protected":false},"excerpt":{"rendered":"<p>&#13; &#13; Pais e filhos que estudam no CPS celebram a oportunidade de compartilhar o&#8230;<\/p>\n","protected":false},"author":2,"featured_media":0,"comment_status":"open","ping_status":"open","sticky":false,"template":"","format":"standard","meta":{"footnotes":""},"categories":[],"tags":[],"class_list":["post-12741","post","type-post","status-publish","format-standard","hentry"],"amp_enabled":true,"_links":{"self":[{"href":"https:\/\/ipatingafc.com.br\/index.php\/wp-json\/wp\/v2\/posts\/12741","targetHints":{"allow":["GET"]}}],"collection":[{"href":"https:\/\/ipatingafc.com.br\/index.php\/wp-json\/wp\/v2\/posts"}],"about":[{"href":"https:\/\/ipatingafc.com.br\/index.php\/wp-json\/wp\/v2\/types\/post"}],"author":[{"embeddable":true,"href":"https:\/\/ipatingafc.com.br\/index.php\/wp-json\/wp\/v2\/users\/2"}],"replies":[{"embeddable":true,"href":"https:\/\/ipatingafc.com.br\/index.php\/wp-json\/wp\/v2\/comments?post=12741"}],"version-history":[{"count":0,"href":"https:\/\/ipatingafc.com.br\/index.php\/wp-json\/wp\/v2\/posts\/12741\/revisions"}],"wp:attachment":[{"href":"https:\/\/ipatingafc.com.br\/index.php\/wp-json\/wp\/v2\/media?parent=12741"}],"wp:term":[{"taxonomy":"category","embeddable":true,"href":"https:\/\/ipatingafc.com.br\/index.php\/wp-json\/wp\/v2\/categories?post=12741"},{"taxonomy":"post_tag","embeddable":true,"href":"https:\/\/ipatingafc.com.br\/index.php\/wp-json\/wp\/v2\/tags?post=12741"}],"curies":[{"name":"wp","href":"https:\/\/api.w.org\/{rel}","templated":true}]}}