{"id":12743,"date":"2024-08-11T10:55:04","date_gmt":"2024-08-11T13:55:04","guid":{"rendered":"https:\/\/ipatingafc.com.br\/index.php\/2024\/08\/11\/corpo-de-bombeiros-de-sp-encerra-trabalhos-em-vinhedo-atendimento-as-familias-continua\/"},"modified":"2024-08-11T10:55:04","modified_gmt":"2024-08-11T13:55:04","slug":"corpo-de-bombeiros-de-sp-encerra-trabalhos-em-vinhedo-atendimento-as-familias-continua","status":"publish","type":"post","link":"https:\/\/ipatingafc.com.br\/index.php\/2024\/08\/11\/corpo-de-bombeiros-de-sp-encerra-trabalhos-em-vinhedo-atendimento-as-familias-continua\/","title":{"rendered":"Corpo de Bombeiros de SP encerra trabalhos em Vinhedo; atendimento \u00e0s fam\u00edlias continua"},"content":{"rendered":"<p><img decoding=\"async\" src=\"https:\/\/www.saopaulo.sp.gov.br\/wp-content\/uploads\/2024\/08\/WhatsApp-Image-2024-08-11-at-09.08.03.jpeg\" \/><\/p>\n<div id=\"\">&#13;<br \/>\n                                <!-- Title -->&#13;<br \/>\n                                &#13;<br \/>\n&#13;<br \/>\n                                <!-- Excerpt -->&#13;<\/p>\n<p class=\"excerpt\">Equipes finalizaram mobiliza\u00e7\u00e3o \u00e0s 22h45 de s\u00e1bado (10), ap\u00f3s a retirada das 62 v\u00edtimas dos escombros da aeronave<\/p>\n<p>&#13;<br \/>\n&#13;<br \/>\n                                &#13;\n                            <\/p><\/div>\n<div id=\"\">&#13;<\/p>\n<p>O Corpo de Bombeiros concluiu os trabalhos em Vinhedo, no local do acidente com a aeronave da Voepass Linhas A\u00e9reas, ocorrido na tarde de sexta-feira (9). As equipes finalizaram a mobiliza\u00e7\u00e3o \u00e0s 22:45 de s\u00e1bado (10), ap\u00f3s a retirada das 62 v\u00edtimas. Os escombros permanecem no local sob responsabilidade do Centro de Investiga\u00e7\u00e3o e Preven\u00e7\u00e3o de Acidentes Aeron\u00e1uticos (Cenipa).<\/p>\n<p>Todos os corpos j\u00e1 est\u00e3o no IML Central. A unidade segue com atendimento ininterrupto e exclusivo \u00e0s v\u00edtimas do acidente a\u00e9reo. S\u00e3o cerca de 40 profissionais entre m\u00e9dicos e equipes de odontologia legal, antropologia e radiologia. As demais ocorr\u00eancias que seriam atendidas no local est\u00e3o sendo direcionadas para as unidades do IML nas zonas leste e oeste, que funcionar\u00e3o 24 horas. O IML na zona norte tamb\u00e9m prestar\u00e1 apoio, durante o dia, para casos de cl\u00ednica m\u00e9dica.<\/p>\n<p>At\u00e9 o momento, dois corpos foram identificados. As fam\u00edlias ser\u00e3o as primeiras a serem comunicadas sobre o avan\u00e7o dos trabalhos de reconhecimento.<\/p>\n<h2>Acolhimento<\/h2>\n<p>No s\u00e1bado (10), 26 fam\u00edlias de v\u00edtimas do acidente com a aeronave da Voepass Linhas A\u00e9reas foram acolhidas no audit\u00f3rio do Instituto Oscar Freire, pr\u00f3ximo \u00e0 unidade central do Instituto M\u00e9dico Legal (IML) de S\u00e3o Paulo. O atendimento ser\u00e1 retomado neste domingo (11), a partir das 9h, por equipes da Defesa Civil Estadual e do IML. No instituto, os trabalhos seguem de forma ininterrupta para o reconhecimento das v\u00edtimas.<\/p>\n<p>Os familiares foram orientados sobre a entrega de documenta\u00e7\u00f5es m\u00e9dicas que possam auxiliar na identifica\u00e7\u00e3o dos corpos, al\u00e9m da coleta de materiais biol\u00f3gicos para a realiza\u00e7\u00e3o de exames gen\u00e9ticos, quando necess\u00e1rio.<\/p>\n<p>Para melhor atendimento a todos, a coleta de materiais gen\u00e9ticos segue uma ordem para sele\u00e7\u00e3o das fam\u00edlias, iniciando por m\u00e3e e pai dos desaparecidos, m\u00e3e ou pai, mais filho ou c\u00f4njuge do desaparecido, filhos e c\u00f4njuge do desaparecido, m\u00e3e ou pai, mais irm\u00e3o germano do desaparecido, irm\u00e3o germano, mais filho e c\u00f4njuge do desaparecido, dois ou mais irm\u00e3os germanos do desaparecido.<\/p>\n<p>O Governo de SP reservou acomoda\u00e7\u00f5es em um hotel para os familiares das v\u00edtimas que chegam \u00e0 capital para o reconhecimento dos corpos. Trinta e oito fam\u00edlias j\u00e1 foram recebidas e s\u00e3o atendidas no local. A Secretaria de Desenvolvimento Social monitora os atendimentos. Ap\u00f3s a acomoda\u00e7\u00e3o nos hot\u00e9is, onde tamb\u00e9m receber\u00e3o acompanhamento psicol\u00f3gico, os familiares ser\u00e3o orientados a irem at\u00e9 o Instituto Oscar Freire para o prosseguimento dos procedimentos para o reconhecimento.<\/p>\n<p>As fam\u00edlias de v\u00edtimas que residem em Cascavel, no Paran\u00e1, e na cidade de Ribeir\u00e3o Preto, no interior de S\u00e3o Paulo, e n\u00e3o quiserem se deslocar at\u00e9 a capital paulista, podem se apresentar aos n\u00facleos de IML locais para a realiza\u00e7\u00e3o para o atendimento, entrega de documenta\u00e7\u00e3o e coleta de material biol\u00f3gico.<\/p>\n<h2>Luto Oficial<\/h2>\n<p>O Estado de S\u00e3o Paulo decretou luto oficial de tr\u00eas dias em homenagem \u00e0s 62 v\u00edtimas que estavam em um voo de Cascavel (PR) com destino ao aeroporto de Guarulhos, sendo 34 homens e 28 mulheres.<\/p>\n<p>O pr\u00f3ximo boletim ser\u00e1 divulgado neste domingo (11) \u00e0s 17h.<\/p>\n<\/p><\/div>\n","protected":false},"excerpt":{"rendered":"<p>&#13; &#13; &#13; &#13; &#13; Equipes finalizaram mobiliza\u00e7\u00e3o \u00e0s 22h45 de s\u00e1bado (10), ap\u00f3s a&#8230;<\/p>\n","protected":false},"author":2,"featured_media":0,"comment_status":"open","ping_status":"open","sticky":false,"template":"","format":"standard","meta":{"footnotes":""},"categories":[],"tags":[],"class_list":["post-12743","post","type-post","status-publish","format-standard","hentry"],"amp_enabled":true,"_links":{"self":[{"href":"https:\/\/ipatingafc.com.br\/index.php\/wp-json\/wp\/v2\/posts\/12743","targetHints":{"allow":["GET"]}}],"collection":[{"href":"https:\/\/ipatingafc.com.br\/index.php\/wp-json\/wp\/v2\/posts"}],"about":[{"href":"https:\/\/ipatingafc.com.br\/index.php\/wp-json\/wp\/v2\/types\/post"}],"author":[{"embeddable":true,"href":"https:\/\/ipatingafc.com.br\/index.php\/wp-json\/wp\/v2\/users\/2"}],"replies":[{"embeddable":true,"href":"https:\/\/ipatingafc.com.br\/index.php\/wp-json\/wp\/v2\/comments?post=12743"}],"version-history":[{"count":0,"href":"https:\/\/ipatingafc.com.br\/index.php\/wp-json\/wp\/v2\/posts\/12743\/revisions"}],"wp:attachment":[{"href":"https:\/\/ipatingafc.com.br\/index.php\/wp-json\/wp\/v2\/media?parent=12743"}],"wp:term":[{"taxonomy":"category","embeddable":true,"href":"https:\/\/ipatingafc.com.br\/index.php\/wp-json\/wp\/v2\/categories?post=12743"},{"taxonomy":"post_tag","embeddable":true,"href":"https:\/\/ipatingafc.com.br\/index.php\/wp-json\/wp\/v2\/tags?post=12743"}],"curies":[{"name":"wp","href":"https:\/\/api.w.org\/{rel}","templated":true}]}}