{"id":12747,"date":"2024-08-11T14:52:12","date_gmt":"2024-08-11T17:52:12","guid":{"rendered":"https:\/\/ipatingafc.com.br\/index.php\/2024\/08\/11\/agencia-minas-gerais-governo-de-minas-atrai-investimento-bilionario-para-o-estado-com-previsao-de-criacao-de-18-mil-empregos-diretos-ate-2028\/"},"modified":"2024-08-11T14:52:12","modified_gmt":"2024-08-11T17:52:12","slug":"agencia-minas-gerais-governo-de-minas-atrai-investimento-bilionario-para-o-estado-com-previsao-de-criacao-de-18-mil-empregos-diretos-ate-2028","status":"publish","type":"post","link":"https:\/\/ipatingafc.com.br\/index.php\/2024\/08\/11\/agencia-minas-gerais-governo-de-minas-atrai-investimento-bilionario-para-o-estado-com-previsao-de-criacao-de-18-mil-empregos-diretos-ate-2028\/","title":{"rendered":"Ag\u00eancia Minas Gerais | Governo de Minas atrai investimento bilion\u00e1rio para o estado, com previs\u00e3o de cria\u00e7\u00e3o de 1,8 mil empregos diretos at\u00e9 2028"},"content":{"rendered":"<p><\/p>\n<div>\n<section class=\"news-related \/ col-md-4 col-lg-3 \/ margin-md-bottom-2 margin-left-1 \/ pull-right \/ hidden-xs hidden-sm\">\n<header>\n<p class=\"text-title-section \/ margin-bottom-1\">Relacionadas<\/p>\n<\/header>\n<p>\t\t\t\t\t\t\t<main><\/p>\n<hr class=\"row margin-md-bottom-2\"\/>\n<hr class=\"row margin-md-bottom-2\"\/>\n\t\t\t\t\t\t\t<\/main><br \/>\n\t\t\t\t\t\t<\/section>\n<p>O Governo de Minas\u00a0participou, nessa quinta-feira (8\/8), do lan\u00e7amento da pedra fundamental da empresa Prata Bioenergia, na cidade do\u00a0Prata, no Tri\u00e2ngulo Mineiro.\u00a0Com investimento previsto de mais de R$ 1 bilh\u00e3o, a\u00a0expectativa \u00e9 a de gera\u00e7\u00e3o de 1,8 mil\u00a0empregos diretos at\u00e9 o in\u00edcio das opera\u00e7\u00f5es, em 2028. A atra\u00e7\u00e3o de recursos \u00e9 mais um fruto do trabalho cont\u00ednuo do Estado em prol do desenvolvimento do estado e da cria\u00e7\u00e3o de\u00a0oportunidades de trabalho e renda para os mineiros.<\/p>\n<p>O objetivo da Prata Bioenergia \u00e9 implantar uma ind\u00fastria processadora de cana-de-a\u00e7\u00facar para produ\u00e7\u00e3o de a\u00e7\u00facar, etanol, bioenergia e levedura, al\u00e9m de produzir soja e amendoim na regi\u00e3o. A instala\u00e7\u00e3o da planta est\u00e1 prevista para janeiro de 2026.<\/p>\n<p>\u201cEstamos inaugurando a pedra fundamental de uma usina que vai mudar completamente a cara do setor produtivo do Prata\u201d, comemorou o vice-governador de Minas Gerais, Professor Mateus, ap\u00f3s descerrar a placa que celebra o lan\u00e7amento da pedra fundamental de instala\u00e7\u00e3o da usina.<br \/>&#13;<br \/>\n\u00a0<\/p>\n<table align=\"center\" border=\"0\" cellpadding=\"1\" cellspacing=\"1\" style=\"width: 100%;\">&#13;<\/p>\n<tbody>&#13;<\/p>\n<tr>&#13;<\/p>\n<td colspan=\"5\" style=\"text-align: center; vertical-align: middle;\">&#13;<\/p>\n<p style=\"text-align:center\"><img decoding=\"async\" alt=\"\" height=\"10\" src=\"https:\/\/www.agenciaminas.mg.gov.br\/ckeditor_assets\/pictures\/20949\/content_2_olho_topo.jpg\"\/><\/p>\n<p>&#13;\n\t\t\t<\/td>\n<p>&#13;<br \/>\n\t\t<\/tr>\n<p>&#13;<\/p>\n<tr>&#13;<\/p>\n<td style=\"text-align: center; vertical-align: middle;\">\u00a0<\/td>\n<p>&#13;<\/p>\n<td colspan=\"3\" rowspan=\"3\" style=\"text-align: center; vertical-align: middle;\">&#13;<br \/>\n\t\t\t&#13;\n\t\t\t<\/td>\n<p>&#13;<\/p>\n<td style=\"text-align: center; vertical-align: middle;\">\u00a0<\/td>\n<p>&#13;<br \/>\n\t\t<\/tr>\n<p>&#13;<\/p>\n<tr>&#13;<\/p>\n<td style=\"text-align: center; vertical-align: middle;\">\u00a0<\/td>\n<p>&#13;<\/p>\n<td style=\"text-align: center; vertical-align: middle;\">\u00a0<\/td>\n<p>&#13;<br \/>\n\t\t<\/tr>\n<p>&#13;<\/p>\n<tr>&#13;<\/p>\n<td style=\"text-align: center; vertical-align: middle;\">\u00a0<\/td>\n<p>&#13;<\/p>\n<td style=\"text-align: center; vertical-align: middle;\">\u00a0<\/td>\n<p>&#13;<br \/>\n\t\t<\/tr>\n<p>&#13;<\/p>\n<tr>&#13;<\/p>\n<td colspan=\"5\" style=\"text-align: center; vertical-align: middle;\">&#13;<\/p>\n<p style=\"text-align:center\"><img decoding=\"async\" alt=\"\" height=\"10\" src=\"https:\/\/www.agenciaminas.mg.gov.br\/ckeditor_assets\/pictures\/20950\/content_2_olho_inferior.jpg\"\/><\/p>\n<p>&#13;\n\t\t\t<\/td>\n<p>&#13;<br \/>\n\t\t<\/tr>\n<p>&#13;<br \/>\n\t<\/tbody>\n<p>&#13;<br \/>\n<\/table>\n<p>&#13;<br \/>\nA atra\u00e7\u00e3o de mais este investimento privado pelo Governo de Minas contou com o trabalho da Secretaria de Estado de Desenvolvimento Econ\u00f4mico (Sede-MG), por meio de sua ag\u00eancia vinculada Invest Minas.<\/p>\n<p>\u201cA transi\u00e7\u00e3o para uma economia verde, pautada pelos anseios globais por fontes de energia cada vez mais limpas e sustent\u00e1veis, vem sendo conduzida com afinco pelo Governo de Minas. E n\u00e3o s\u00f3 com a atra\u00e7\u00e3o de investimentos privados como o da Prata Bioenergia, mas tamb\u00e9m com o respaldo de pol\u00edticas p\u00fablicas diversas, como as de fomento \u00e0 pesquisa e novas tecnologias\u201d, afirma o secret\u00e1rio de Estado de Desenvolvimento Econ\u00f4mico, Fernando Passalio.<\/p>\n<p><strong>Negocia\u00e7\u00e3o<\/strong><\/p>\n<p>A Prata Bioenergia solicitou apoio da Invest Minas nas negocia\u00e7\u00f5es das \u00e1reas de abrang\u00eancia para plantio de cana e no licenciamento ambiental. Tamb\u00e9m contou com o suporte da ag\u00eancia nas conversas com a Cemig e no acompanhamento do processo de licenciamento junto \u00e0 Secretaria de Estado de Meio Ambiente e Desenvolvimento Sustent\u00e1vel (Semad).<\/p>\n<p>\u201cA Invest Minas trabalhou para contribuir e facilitar a escolha de Prata pela companhia dos setores de agroneg\u00f3cio e sucroenerg\u00e9tico. Conseguimos apoiar a empresa em suas necessidades, e agora quem vai colher os frutos \u00e9 o povo mineiro\u201d, garantiu o diretor-presidente da ag\u00eancia, Jo\u00e3o Paulo Braga.<\/p>\n<p>\u201cAcreditamos no potencial do agroneg\u00f3cio como propulsor do desenvolvimento econ\u00f4mico e social. Prata receber\u00e1 uma ind\u00fastria moderna, tecnol\u00f3gica e inclusiva, produzindo alimento e energia com sustentabilidade e responsabilidade social\u201d, afirmou o empreendedor da Prata Bioenergia, Florencio Queiroz Neto.<\/p>\n<\/p><\/div>\n","protected":false},"excerpt":{"rendered":"<p>Relacionadas O Governo de Minas\u00a0participou, nessa quinta-feira (8\/8), do lan\u00e7amento da pedra fundamental da empresa&#8230;<\/p>\n","protected":false},"author":2,"featured_media":0,"comment_status":"open","ping_status":"open","sticky":false,"template":"","format":"standard","meta":{"footnotes":""},"categories":[],"tags":[],"class_list":["post-12747","post","type-post","status-publish","format-standard","hentry"],"amp_enabled":true,"_links":{"self":[{"href":"https:\/\/ipatingafc.com.br\/index.php\/wp-json\/wp\/v2\/posts\/12747","targetHints":{"allow":["GET"]}}],"collection":[{"href":"https:\/\/ipatingafc.com.br\/index.php\/wp-json\/wp\/v2\/posts"}],"about":[{"href":"https:\/\/ipatingafc.com.br\/index.php\/wp-json\/wp\/v2\/types\/post"}],"author":[{"embeddable":true,"href":"https:\/\/ipatingafc.com.br\/index.php\/wp-json\/wp\/v2\/users\/2"}],"replies":[{"embeddable":true,"href":"https:\/\/ipatingafc.com.br\/index.php\/wp-json\/wp\/v2\/comments?post=12747"}],"version-history":[{"count":0,"href":"https:\/\/ipatingafc.com.br\/index.php\/wp-json\/wp\/v2\/posts\/12747\/revisions"}],"wp:attachment":[{"href":"https:\/\/ipatingafc.com.br\/index.php\/wp-json\/wp\/v2\/media?parent=12747"}],"wp:term":[{"taxonomy":"category","embeddable":true,"href":"https:\/\/ipatingafc.com.br\/index.php\/wp-json\/wp\/v2\/categories?post=12747"},{"taxonomy":"post_tag","embeddable":true,"href":"https:\/\/ipatingafc.com.br\/index.php\/wp-json\/wp\/v2\/tags?post=12747"}],"curies":[{"name":"wp","href":"https:\/\/api.w.org\/{rel}","templated":true}]}}