{"id":12751,"date":"2024-08-11T17:13:12","date_gmt":"2024-08-11T20:13:12","guid":{"rendered":"https:\/\/ipatingafc.com.br\/index.php\/2024\/08\/11\/agencia-minas-gerais-festival-destila-tiradentes-tera-primeiro-julgamento-popular-de-cachaca-organizado-pela-emater-mg\/"},"modified":"2024-08-11T17:13:12","modified_gmt":"2024-08-11T20:13:12","slug":"agencia-minas-gerais-festival-destila-tiradentes-tera-primeiro-julgamento-popular-de-cachaca-organizado-pela-emater-mg","status":"publish","type":"post","link":"https:\/\/ipatingafc.com.br\/index.php\/2024\/08\/11\/agencia-minas-gerais-festival-destila-tiradentes-tera-primeiro-julgamento-popular-de-cachaca-organizado-pela-emater-mg\/","title":{"rendered":"Ag\u00eancia Minas Gerais | Festival Destila Tiradentes ter\u00e1 primeiro Julgamento Popular de Cacha\u00e7a organizado pela Emater-MG"},"content":{"rendered":"<p><\/p>\n<div>\n<p>Entre os dias 9 e 11\/8, acontecer\u00e1 em Tiradentes, no Campo das Vertentes, o festival Destila Tiradentes. Destaque para a realiza\u00e7\u00e3o do 1\u00ba Julgamento Popular de Cacha\u00e7a, promovido pela Empresa de Assist\u00eancia T\u00e9cnica e Extens\u00e3o Rural de Minas Gerais (Emater-MG).<\/p>\n<p>A cerim\u00f4nia de abertura do festival ser\u00e1 na sexta-feira (9\/8), \u00e0s 17h, na pra\u00e7a Largo das Forras.<\/p>\n<p>O Julgamento Popular de Cacha\u00e7a ser\u00e1 no s\u00e1bado, a partir das 15h. O concurso \u00e9 uma realiza\u00e7\u00e3o da Emater-MG e da comiss\u00e3o organizadora do Destila Tiradentes. O julgamento das cacha\u00e7as ser\u00e1 feito por pessoas com idade acima de 18 anos previamente cadastradas.<\/p>\n<p>Os crit\u00e9rios para avalia\u00e7\u00e3o ser\u00e3o sabor, aroma, sensa\u00e7\u00e3o na boca e aspecto visual. Participam da disputa as marcas com estandes no festival, que s\u00e3o da regi\u00e3o do Campo das Vertentes. Ser\u00e1 premiada a marca vencedora do concurso.<\/p>\n<p>\u201cO julgamento \u00e9 uma iniciativa da Emater-MG, uma oportunidade de conhecer e apreciar as cacha\u00e7as mineiras, al\u00e9m de divulgar o evento com uma modalidade que n\u00e3o \u00e9 comum, o que atrai os turistas amantes de bebidas&#8221;, afirma o extensionista Carlos Alberto da Trindade.<\/p>\n<p>Al\u00e9m da disputa, durante o festival, o Instituto Mineiro de Agropecu\u00e1ria (IMA) e a Emater-MG v\u00e3o divulgar a campanha \u201cO legal merece um brinde\u201d, que estimula a legaliza\u00e7\u00e3o e regulariza\u00e7\u00e3o das cacha\u00e7as mineiras.<\/p>\n<p><strong>Destila Tiradentes<\/strong><\/p>\n<p>Esta \u00e9 a segunda edi\u00e7\u00e3o do Destila Tiradentes, organizada pela iniciativa privada. O evento tem se tornado uma oportunidade para demonstrar a for\u00e7a do setor no munic\u00edpio e regi\u00e3o, com a degusta\u00e7\u00e3o de v\u00e1rios tipos de destilados e a realiza\u00e7\u00e3o de neg\u00f3cios.<\/p>\n<\/p><\/div>\n","protected":false},"excerpt":{"rendered":"<p>Entre os dias 9 e 11\/8, acontecer\u00e1 em Tiradentes, no Campo das Vertentes, o festival&#8230;<\/p>\n","protected":false},"author":2,"featured_media":0,"comment_status":"open","ping_status":"open","sticky":false,"template":"","format":"standard","meta":{"footnotes":""},"categories":[],"tags":[],"class_list":["post-12751","post","type-post","status-publish","format-standard","hentry"],"amp_enabled":true,"_links":{"self":[{"href":"https:\/\/ipatingafc.com.br\/index.php\/wp-json\/wp\/v2\/posts\/12751","targetHints":{"allow":["GET"]}}],"collection":[{"href":"https:\/\/ipatingafc.com.br\/index.php\/wp-json\/wp\/v2\/posts"}],"about":[{"href":"https:\/\/ipatingafc.com.br\/index.php\/wp-json\/wp\/v2\/types\/post"}],"author":[{"embeddable":true,"href":"https:\/\/ipatingafc.com.br\/index.php\/wp-json\/wp\/v2\/users\/2"}],"replies":[{"embeddable":true,"href":"https:\/\/ipatingafc.com.br\/index.php\/wp-json\/wp\/v2\/comments?post=12751"}],"version-history":[{"count":0,"href":"https:\/\/ipatingafc.com.br\/index.php\/wp-json\/wp\/v2\/posts\/12751\/revisions"}],"wp:attachment":[{"href":"https:\/\/ipatingafc.com.br\/index.php\/wp-json\/wp\/v2\/media?parent=12751"}],"wp:term":[{"taxonomy":"category","embeddable":true,"href":"https:\/\/ipatingafc.com.br\/index.php\/wp-json\/wp\/v2\/categories?post=12751"},{"taxonomy":"post_tag","embeddable":true,"href":"https:\/\/ipatingafc.com.br\/index.php\/wp-json\/wp\/v2\/tags?post=12751"}],"curies":[{"name":"wp","href":"https:\/\/api.w.org\/{rel}","templated":true}]}}