{"id":12754,"date":"2024-08-11T17:59:58","date_gmt":"2024-08-11T20:59:58","guid":{"rendered":"https:\/\/ipatingafc.com.br\/index.php\/2024\/08\/11\/boletim-acidente-aereo-em-vinhedo-11-08-17h\/"},"modified":"2024-08-11T17:59:58","modified_gmt":"2024-08-11T20:59:58","slug":"boletim-acidente-aereo-em-vinhedo-11-08-17h","status":"publish","type":"post","link":"https:\/\/ipatingafc.com.br\/index.php\/2024\/08\/11\/boletim-acidente-aereo-em-vinhedo-11-08-17h\/","title":{"rendered":"Boletim \u2013 Acidente a\u00e9reo em Vinhedo \u2013 11\/08 &#8211; 17h"},"content":{"rendered":"<p><\/p>\n<div id=\"\">&#13;<br \/>\n                                <!-- Title -->&#13;<br \/>\n                                &#13;<br \/>\n&#13;<br \/>\n                                <!-- Excerpt -->&#13;<\/p>\n<p class=\"excerpt\">O Instituto M\u00e9dico Legal, unidade Central, segue trabalhando na identifica\u00e7\u00e3o dos corpos das v\u00edtimas do acidente a\u00e9reo da Voepass Linhas A\u00e9reas, ocorrido na tarde de sexta-feira (9) em Vinhedo, interior [\u2026]<\/p>\n<p>&#13;<br \/>\n&#13;<br \/>\n                                &#13;\n                            <\/p><\/div>\n<div id=\"\">&#13;<\/p>\n<p>O Instituto M\u00e9dico Legal, unidade Central, segue trabalhando na identifica\u00e7\u00e3o dos corpos das v\u00edtimas do acidente a\u00e9reo da Voepass Linhas A\u00e9reas, ocorrido na tarde de sexta-feira (9) em Vinhedo, interior de S\u00e3o Paulo. At\u00e9 o momento, 12 foram identificados. Um corpo foi liberado para os familiares e outros sete devem ter o processo finalizado ainda neste domingo (11). As fam\u00edlias s\u00e3o as primeiras a serem comunicadas sobre o avan\u00e7o dos trabalhos de reconhecimento.<\/p>\n<p>Foram acolhidas mais de 40 fam\u00edlias de v\u00edtimas no Instituto Oscar Freire, onde elas deram informa\u00e7\u00f5es para subsidiar o trabalho do IML. O espa\u00e7o \u00e9 localizado pr\u00f3ximo \u00e0 unidade do IML Central. Parentes diretos forneceram tamb\u00e9m material biol\u00f3gico e deixaram contatos para posterior comunica\u00e7\u00e3o da identifica\u00e7\u00e3o. Equipes da Defesa Civil auxiliaram no acolhimento.<\/p>\n<p>Outros 17 familiares foram atendidos em Cascavel (PR) e a documenta\u00e7\u00e3o deles deve chegar neste domingo (11) em Guarulhos, Regi\u00e3o Metropolitana de S\u00e3o Paulo, trazidas por dois peritos do Paran\u00e1.<\/p>\n<p>O IML Central foi direcionado para o atendimento exclusivo ao caso. A unidade recebeu todos os 62 corpos das v\u00edtimas do acidente a\u00e9reo. A unidade conta com cerca de 40 profissionais entre m\u00e9dicos, equipes de odontologia legal, antropologia e radiologia auxiliando nos trabalhos.<\/p>\n<p><strong>Inqu\u00e9rito<\/strong><br \/>A Delegacia de Vinhedo instaurou inqu\u00e9rito policial para investigar o acidente a\u00e9reo. As dilig\u00eancias est\u00e3o em andamento com o objetivo de esclarecer os fatos.<\/p>\n<p>A Secretaria da Administra\u00e7\u00e3o Penitenci\u00e1ria presta apoio na preserva\u00e7\u00e3o do local do acidente desde s\u00e1bado (10) com equipamentos antidrone operados por agentes penitenci\u00e1rios da regi\u00e3o de Campinas. O aux\u00edlio foi necess\u00e1rio para impedir que drones n\u00e3o autorizados sobrevoem o local do acidente.<\/p>\n<p><strong>Caixa Preta <\/strong><br \/>O Corpo de Bombeiros concluiu no s\u00e1bado (10), \u00e0s 22h45, os trabalhos de resgate em Vinhedo, ap\u00f3s a retirada das 62 v\u00edtimas. Os destro\u00e7os permanecem no local sob responsabilidade do Centro de Investiga\u00e7\u00e3o e Preven\u00e7\u00e3o de Acidentes Aeron\u00e1uticos (Cenipa), que j\u00e1 localizou e retirou as caixas pretas para investiga\u00e7\u00e3o em Bras\u00edlia (DF).<\/p>\n<p><strong>Hot\u00e9is<\/strong><br \/>O Governo de SP reservou acomoda\u00e7\u00f5es em um hotel para os familiares das v\u00edtimas que chegam \u00e0 capital para o reconhecimento dos corpos. Trinta e sete j\u00e1 foram recebidas e s\u00e3o atendidas no local. A Secretaria de Desenvolvimento Social monitora os atendimentos. Ap\u00f3s a acomoda\u00e7\u00e3o nos hot\u00e9is, onde tamb\u00e9m receber\u00e3o acompanhamento psicol\u00f3gico, os familiares s\u00e3o orientados a irem at\u00e9 o Instituto Oscar Freire para o prosseguimento dos procedimentos para o reconhecimento.<\/p>\n<p>As fam\u00edlias de v\u00edtimas que residem em Cascavel, no Paran\u00e1, e na cidade de Ribeir\u00e3o Preto, no interior de S\u00e3o Paulo, que n\u00e3o quiserem se deslocar at\u00e9 a capital paulista podem se apresentar aos n\u00facleos de IML locais para a realiza\u00e7\u00e3o do atendimento, entrega de documenta\u00e7\u00e3o e coleta de material biol\u00f3gico.<\/p>\n<p><strong>Luto Oficial<\/strong><br \/>O Estado de S\u00e3o Paulo decretou na sexta-feira luto oficial de tr\u00eas dias em homenagem \u00e0s 62 v\u00edtimas que estavam em um voo de Cascavel (PR) com destino ao aeroporto de Guarulhos, sendo 34 homens e 28 mulheres.<\/p>\n<p><strong>Secretaria de Comunica\u00e7\u00e3o do Estado de S\u00e3o Paulo<\/strong><br \/><strong>imprensa@comunicacao.sp.gov.br<\/strong><br \/><strong>(11) 2193-8520<\/strong><\/p>\n<\/p><\/div>\n","protected":false},"excerpt":{"rendered":"<p>&#13; &#13; &#13; &#13; &#13; O Instituto M\u00e9dico Legal, unidade Central, segue trabalhando na identifica\u00e7\u00e3o&#8230;<\/p>\n","protected":false},"author":2,"featured_media":0,"comment_status":"open","ping_status":"open","sticky":false,"template":"","format":"standard","meta":{"footnotes":""},"categories":[],"tags":[],"class_list":["post-12754","post","type-post","status-publish","format-standard","hentry"],"amp_enabled":true,"_links":{"self":[{"href":"https:\/\/ipatingafc.com.br\/index.php\/wp-json\/wp\/v2\/posts\/12754","targetHints":{"allow":["GET"]}}],"collection":[{"href":"https:\/\/ipatingafc.com.br\/index.php\/wp-json\/wp\/v2\/posts"}],"about":[{"href":"https:\/\/ipatingafc.com.br\/index.php\/wp-json\/wp\/v2\/types\/post"}],"author":[{"embeddable":true,"href":"https:\/\/ipatingafc.com.br\/index.php\/wp-json\/wp\/v2\/users\/2"}],"replies":[{"embeddable":true,"href":"https:\/\/ipatingafc.com.br\/index.php\/wp-json\/wp\/v2\/comments?post=12754"}],"version-history":[{"count":0,"href":"https:\/\/ipatingafc.com.br\/index.php\/wp-json\/wp\/v2\/posts\/12754\/revisions"}],"wp:attachment":[{"href":"https:\/\/ipatingafc.com.br\/index.php\/wp-json\/wp\/v2\/media?parent=12754"}],"wp:term":[{"taxonomy":"category","embeddable":true,"href":"https:\/\/ipatingafc.com.br\/index.php\/wp-json\/wp\/v2\/categories?post=12754"},{"taxonomy":"post_tag","embeddable":true,"href":"https:\/\/ipatingafc.com.br\/index.php\/wp-json\/wp\/v2\/tags?post=12754"}],"curies":[{"name":"wp","href":"https:\/\/api.w.org\/{rel}","templated":true}]}}