{"id":12755,"date":"2024-08-11T19:35:16","date_gmt":"2024-08-11T22:35:16","guid":{"rendered":"https:\/\/ipatingafc.com.br\/index.php\/2024\/08\/11\/agencia-minas-gerais-governo-de-minas-define-equipe-para-apoiar-gestao-da-cultura-organizacional-com-foco-no-aprimoramento-do-servico-publico\/"},"modified":"2024-08-11T19:35:16","modified_gmt":"2024-08-11T22:35:16","slug":"agencia-minas-gerais-governo-de-minas-define-equipe-para-apoiar-gestao-da-cultura-organizacional-com-foco-no-aprimoramento-do-servico-publico","status":"publish","type":"post","link":"https:\/\/ipatingafc.com.br\/index.php\/2024\/08\/11\/agencia-minas-gerais-governo-de-minas-define-equipe-para-apoiar-gestao-da-cultura-organizacional-com-foco-no-aprimoramento-do-servico-publico\/","title":{"rendered":"Ag\u00eancia Minas Gerais | Governo de Minas define equipe para apoiar gest\u00e3o da cultura organizacional com foco no aprimoramento do servi\u00e7o p\u00fablico"},"content":{"rendered":"<p><\/p>\n<div>\n<p>O Governo de Minas Gerais apresentou, nesta semana, a equipe de sustenta\u00e7\u00e3o do projeto Valores e Pr\u00e1ticas. Composta por servidores, a equipe vai dar suporte no processo de gest\u00e3o e fortalecimento da cultura do Estado, refor\u00e7ando as pr\u00e1ticas e os comportamentos desejados no Executivo estadual para aprimorar o servi\u00e7o p\u00fablico mineiro de forma permanente.<\/p>\n<p>Essa \u00e9 mais uma etapa da implementa\u00e7\u00e3o do projeto, conduzido pela Secretaria de Estado de Planejamento e Gest\u00e3o (Seplag-MG), com apoio da Comunitas e parceria t\u00e9cnica da consultoria Bet\u00e2nia Tanure Associados (BTA). A iniciativa teve in\u00edcio em 2020, com os gestores estaduais, e foi expandida para os servidores.<\/p>\n<p>O evento foi realizado no Pr\u00e9dio Tiradentes, na segunda-feira (5\/8), com a participa\u00e7\u00e3o da secret\u00e1ria de Estado de Planejamento e Gest\u00e3o, Camila Neves, e da subsecret\u00e1ria de Gest\u00e3o de Pessoas da Seplag-MG, K\u00eannya Kreppel. Na oportunidade, os gestores refor\u00e7aram a import\u00e2ncia de os servidores acessarem a Jornada da Cultura Organizacional, que est\u00e1 dispon\u00edvel on-line e contribui para apoiar os servidores nas suas atividades, fortalecendo a cultura proposta no Valores e Pr\u00e1ticas.<\/p>\n<p>A secret\u00e1ria de Estado de Planejamento e Gest\u00e3o assinalou que esse \u00e9 um projeto de Estado, que deve ser s\u00f3lido e permanente.<\/p>\n<figure class=\"image\" style=\"float:right\"><img loading=\"lazy\" decoding=\"async\" alt=\"\" height=\"218\" src=\"https:\/\/www.agenciaminas.mg.gov.br\/ckeditor_assets\/pictures\/21446\/content_seplag.jpeg\" width=\"320\"\/>&#13;<figcaption><sub><em>Seplag \/ Divulga\u00e7\u00e3o<\/em><\/sub><\/figcaption>&#13;<br \/>\n<\/figure>\n<p>\u201cEsse processo \u00e9 muito importante para o servi\u00e7o p\u00fablico e para n\u00f3s enquanto servidores, que sabemos da relev\u00e2ncia do nosso trabalho para a popula\u00e7\u00e3o. Nosso prop\u00f3sito \u00e9 aprimorar nossa atua\u00e7\u00e3o, que j\u00e1 \u00e9 de qualidade, para que cada vez mais nosso servi\u00e7o p\u00fablico seja reconhecido positivamente. Por isso, a equipe de sustenta\u00e7\u00e3o \u00e9 fundamental, e \u00e9 essencial que os servidores se envolvam no processo, acessando ferramentas como a Jornada\u201d, afirmou Camila Neves.<\/p>\n<p>Para a forma\u00e7\u00e3o das equipes de sustenta\u00e7\u00e3o, foram indicados servidores que ir\u00e3o apoiar os demais agentes p\u00fablicos no processo de internaliza\u00e7\u00e3o da cultura organizacional do Estado &#8211; que valoriza comportamentos como iniciativa, proatividade, integra\u00e7\u00e3o e desburocratiza\u00e7\u00e3o dos servi\u00e7os.<\/p>\n<p>Entre as fun\u00e7\u00f5es a serem desempenhadas por esses servidores est\u00e3o implementar estrat\u00e9gias e projetos de sustenta\u00e7\u00e3o e atuar como multiplicadores das a\u00e7\u00f5es de cultura, estimular os gestores a se engajar na solu\u00e7\u00e3o de problemas e propor boas pr\u00e1ticas para as equipes.<\/p>\n<p>No evento, foram refor\u00e7ados os conceitos do projeto para subsidiar as equipes de sustenta\u00e7\u00e3o. Os integrantes tamb\u00e9m participaram de din\u00e2micas e atividades com o objetivo de fortalecer a atua\u00e7\u00e3o necess\u00e1ria para que os comportamentos e atitudes sejam incorporados ao cotidiano de trabalho do funcionalismo p\u00fablico mineiro.<\/p>\n<p><strong>Jornada da Cultura Organizacional<\/strong><\/p>\n<p>No Valores e Pr\u00e1ticas, a gest\u00e3o da cultura \u00e9 chamada de \u201cNosso Jeito de Ser e Fazer\u201d, e aponta os comportamentos que fortalecem os objetivos propostos \u2013 n\u00f3s fazemos \u2013 e os que n\u00e3o contribuem para esse aprimoramento \u2013 n\u00f3s n\u00e3o fazemos \u2013 que devem ser observados na rotina de trabalho.<\/p>\n<p>Para refor\u00e7ar esse entendimento, o Governo de Minas disponibilizou aos servidores de secretarias e \u00f3rg\u00e3os aut\u00f4nomos a Jornada da Cultura Organizacional. A jornada \u00e9 uma atividade on-line e individual, em que s\u00e3o apresentados conte\u00fados sobre cultura organizacional e mudan\u00e7a, com objetivo de apoiar os servidores nas suas atividades do dia a dia.<\/p>\n<p>&#8220;A cultura \u00e9 um processo permanente e coletivo, que \u00e9 constru\u00eddo m\u00e3o a m\u00e3o por cada um dos servidores. Ent\u00e3o, a participa\u00e7\u00e3o de todos \u00e9 essencial para a consolida\u00e7\u00e3o das boas pr\u00e1ticas no Governo de Minas. Al\u00e9m de estabelecer os valores e comportamentos, significa tamb\u00e9m um resgate do que a gente j\u00e1 pratica e um refor\u00e7o, n\u00e3o s\u00f3 para n\u00f3s, mas que esteja vis\u00edvel para todas as pessoas que trabalham, que atuam e que recebem os nossos servi\u00e7os\u201d, destacou a subsecret\u00e1ria de Gest\u00e3o de Pessoas, K\u00eannya Kreppel.<\/p>\n<blockquote><p>&#13;<\/p>\n<p>Clique aqui\u00a0para acessar a Jornada da Cultura Organizacional. Para saber mais sobre a Equipe de Sustenta\u00e7\u00e3o procure a \u00e1rea de Recursos Humanos da sua Secret\u00e1ria e \u00d3rg\u00e3o.<\/p>\n<p>&#13;\n<\/p><\/blockquote>\n<p>\u00a0<\/p>\n<\/p><\/div>\n","protected":false},"excerpt":{"rendered":"<p>O Governo de Minas Gerais apresentou, nesta semana, a equipe de sustenta\u00e7\u00e3o do projeto Valores&#8230;<\/p>\n","protected":false},"author":2,"featured_media":0,"comment_status":"open","ping_status":"open","sticky":false,"template":"","format":"standard","meta":{"footnotes":""},"categories":[],"tags":[],"class_list":["post-12755","post","type-post","status-publish","format-standard","hentry"],"amp_enabled":true,"_links":{"self":[{"href":"https:\/\/ipatingafc.com.br\/index.php\/wp-json\/wp\/v2\/posts\/12755","targetHints":{"allow":["GET"]}}],"collection":[{"href":"https:\/\/ipatingafc.com.br\/index.php\/wp-json\/wp\/v2\/posts"}],"about":[{"href":"https:\/\/ipatingafc.com.br\/index.php\/wp-json\/wp\/v2\/types\/post"}],"author":[{"embeddable":true,"href":"https:\/\/ipatingafc.com.br\/index.php\/wp-json\/wp\/v2\/users\/2"}],"replies":[{"embeddable":true,"href":"https:\/\/ipatingafc.com.br\/index.php\/wp-json\/wp\/v2\/comments?post=12755"}],"version-history":[{"count":0,"href":"https:\/\/ipatingafc.com.br\/index.php\/wp-json\/wp\/v2\/posts\/12755\/revisions"}],"wp:attachment":[{"href":"https:\/\/ipatingafc.com.br\/index.php\/wp-json\/wp\/v2\/media?parent=12755"}],"wp:term":[{"taxonomy":"category","embeddable":true,"href":"https:\/\/ipatingafc.com.br\/index.php\/wp-json\/wp\/v2\/categories?post=12755"},{"taxonomy":"post_tag","embeddable":true,"href":"https:\/\/ipatingafc.com.br\/index.php\/wp-json\/wp\/v2\/tags?post=12755"}],"curies":[{"name":"wp","href":"https:\/\/api.w.org\/{rel}","templated":true}]}}