{"id":12831,"date":"2024-08-14T04:53:39","date_gmt":"2024-08-14T07:53:39","guid":{"rendered":"https:\/\/ipatingafc.com.br\/index.php\/2024\/08\/14\/agencia-minas-gerais-programa-de-regularizacao-ambiental-orienta-produtores-rurais-de-caete-sabara-e-nova-uniao\/"},"modified":"2024-08-14T04:53:39","modified_gmt":"2024-08-14T07:53:39","slug":"agencia-minas-gerais-programa-de-regularizacao-ambiental-orienta-produtores-rurais-de-caete-sabara-e-nova-uniao","status":"publish","type":"post","link":"https:\/\/ipatingafc.com.br\/index.php\/2024\/08\/14\/agencia-minas-gerais-programa-de-regularizacao-ambiental-orienta-produtores-rurais-de-caete-sabara-e-nova-uniao\/","title":{"rendered":"Ag\u00eancia Minas Gerais | Programa de Regulariza\u00e7\u00e3o Ambiental orienta produtores rurais de Caet\u00e9, Sabar\u00e1 e Nova Uni\u00e3o\u00a0"},"content":{"rendered":"<p><\/p>\n<div>\n<p>O Instituto Estadual de Florestas (IEF) escolheu o Monumento Natural Estadual Serra da Piedade, em Caet\u00e9, para mais uma oficina do Programa de Regulariza\u00e7\u00e3o Ambiental &#8211; PRA Produzir Sustent\u00e1vel.\u00a0<\/p>\n<p>A a\u00e7\u00e3o realizada no s\u00e1bado (10\/8) contou com a presen\u00e7a de propriet\u00e1rios rurais da regi\u00e3o de Caet\u00e9, Sabar\u00e1 e Nova Uni\u00e3o. As oficinas visam promover a regulariza\u00e7\u00e3o ambiental de im\u00f3veis rurais.<\/p>\n<p>O objetivo da a\u00e7\u00e3o foi disseminar conhecimentos e informa\u00e7\u00f5es, mobilizando propriet\u00e1rios rurais para a realiza\u00e7\u00e3o da inscri\u00e7\u00e3o e\/ou a retifica\u00e7\u00e3o do Cadastro Ambiental Rural (CAR) e recupera\u00e7\u00e3o de \u00e1reas, principalmente as localizadas no interior da Unidade de Conserva\u00e7\u00e3o e em sua \u00e1rea de entorno mais imediato.<\/p>\n<p>Durante a oficina, t\u00e9cnicos do IEF esclareceram d\u00favidas e alinharam informa\u00e7\u00f5es com os propriet\u00e1rios. Tamb\u00e9m foi realizada visita em uma \u00e1rea com potencial para implanta\u00e7\u00e3o de uma Unidade Demonstrativa do Programa PRA Produzir Sustent\u00e1vel. A oficina contou, ainda, com uma palestra do parceiro Probiomas, que desenvolve solu\u00e7\u00f5es socioambientais ecologicamente sustent\u00e1veis na regi\u00e3o.<\/p>\n<p>Frederico Rodrigues, morador da propriedade visitada dentro do monumento, aponta a oficina como esclarecedora.\u00a0<\/p>\n<p>\u201cCom a transforma\u00e7\u00e3o da minha propriedade rural em uma unidade demonstrativa do programa, certamente teremos um grande avan\u00e7o na recupera\u00e7\u00e3o e na prote\u00e7\u00e3o de uma importante nascente na regi\u00e3o\u201d, disse.<\/p>\n<p>Para a analista ambiental Janaina Mendon\u00e7a, do IEF, atuar nas unidades de conserva\u00e7\u00e3o e entorno \u00e9 oportunidade de cumprir a pol\u00edtica florestal de prote\u00e7\u00e3o \u00e0 biodiversidade de forma integrada.<\/p>\n<p><strong>A Unidade de Conserva\u00e7\u00e3o<\/strong><\/p>\n<p>O Monumento Natural Estadual Serra da Piedade \u00e9 uma unidade de conserva\u00e7\u00e3o de prote\u00e7\u00e3o integral gerenciada pelo IEF, situada nos munic\u00edpios de Caet\u00e9 e Sabar\u00e1.\u00a0<\/p>\n<p>Criado pela Constitui\u00e7\u00e3o Mineira em 1989, a \u00e1rea protege 1.947 hectares em um dos pontos mais c\u00eanicos e emblem\u00e1ticos da Regi\u00e3o Metropolitana de Belo Horizonte e da Cordilheira do Espinha\u00e7o Mineiro.\u00a0<\/p>\n<p>No monumento, est\u00e3o situados pontos de grande fluxo tur\u00edstico como o Santu\u00e1rio da Bas\u00edlica de Nossa Senhora da Piedade, casa da padroeira do estado de Minas Gerais.<br \/>&#13;<br \/>\n\u00a0<\/p>\n<\/p><\/div>\n","protected":false},"excerpt":{"rendered":"<p>O Instituto Estadual de Florestas (IEF) escolheu o Monumento Natural Estadual Serra da Piedade, em&#8230;<\/p>\n","protected":false},"author":2,"featured_media":0,"comment_status":"open","ping_status":"open","sticky":false,"template":"","format":"standard","meta":{"footnotes":""},"categories":[],"tags":[],"class_list":["post-12831","post","type-post","status-publish","format-standard","hentry"],"amp_enabled":true,"_links":{"self":[{"href":"https:\/\/ipatingafc.com.br\/index.php\/wp-json\/wp\/v2\/posts\/12831","targetHints":{"allow":["GET"]}}],"collection":[{"href":"https:\/\/ipatingafc.com.br\/index.php\/wp-json\/wp\/v2\/posts"}],"about":[{"href":"https:\/\/ipatingafc.com.br\/index.php\/wp-json\/wp\/v2\/types\/post"}],"author":[{"embeddable":true,"href":"https:\/\/ipatingafc.com.br\/index.php\/wp-json\/wp\/v2\/users\/2"}],"replies":[{"embeddable":true,"href":"https:\/\/ipatingafc.com.br\/index.php\/wp-json\/wp\/v2\/comments?post=12831"}],"version-history":[{"count":0,"href":"https:\/\/ipatingafc.com.br\/index.php\/wp-json\/wp\/v2\/posts\/12831\/revisions"}],"wp:attachment":[{"href":"https:\/\/ipatingafc.com.br\/index.php\/wp-json\/wp\/v2\/media?parent=12831"}],"wp:term":[{"taxonomy":"category","embeddable":true,"href":"https:\/\/ipatingafc.com.br\/index.php\/wp-json\/wp\/v2\/categories?post=12831"},{"taxonomy":"post_tag","embeddable":true,"href":"https:\/\/ipatingafc.com.br\/index.php\/wp-json\/wp\/v2\/tags?post=12831"}],"curies":[{"name":"wp","href":"https:\/\/api.w.org\/{rel}","templated":true}]}}