{"id":12854,"date":"2024-08-14T15:07:23","date_gmt":"2024-08-14T18:07:23","guid":{"rendered":"https:\/\/ipatingafc.com.br\/index.php\/2024\/08\/14\/sp-produz-laudos-para-facilitar-ingresso-no-mercado-de-trabalho-de-pcds\/"},"modified":"2024-08-14T15:07:23","modified_gmt":"2024-08-14T18:07:23","slug":"sp-produz-laudos-para-facilitar-ingresso-no-mercado-de-trabalho-de-pcds","status":"publish","type":"post","link":"https:\/\/ipatingafc.com.br\/index.php\/2024\/08\/14\/sp-produz-laudos-para-facilitar-ingresso-no-mercado-de-trabalho-de-pcds\/","title":{"rendered":"SP produz laudos para facilitar ingresso no mercado de trabalho de PCDs"},"content":{"rendered":"<p><img decoding=\"async\" src=\"https:\/\/www.saopaulo.sp.gov.br\/wp-content\/uploads\/2023\/09\/executivo-de-negocios-para-deficientes-usa-a-tabuleta-digital_1170-1845.jpg\" \/><\/p>\n<div id=\"\">&#13;<br \/>\n                                <!-- Title -->&#13;<br \/>\n                                &#13;<br \/>\n&#13;<br \/>\n                                <!-- Excerpt -->&#13;<\/p>\n<p class=\"excerpt\">Mutir\u00e3o ocorre na sede da UGT, ao lado do Metr\u00f4 Anhangaba\u00fa (sa\u00edda para a Pra\u00e7a das Bandeiras), at\u00e9 o dia 16 de agosto<\/p>\n<p>&#13;<br \/>\n&#13;<br \/>\n                                &#13;\n                            <\/p><\/div>\n<div id=\"\">&#13;<\/p>\n<p>O Instituto de Medicina Social e de Criminologia de S\u00e3o Paulo (Imesc), \u00f3rg\u00e3o vinculado \u00e0 Secretaria da Justi\u00e7a e Cidadania, deu in\u00edcio ao atendimento \u00e0s pessoas com defici\u00eancia (PCDs) que participam do mutir\u00e3o do Programa de Empregabilidade Inclusiva (PEI), realizado pela Uni\u00e3o Geral dos Trabalhadores (UGT) desde o \u00faltimo dia 12.<\/p>\n<p>O evento ocorre na sede da UGT, ao lado do Metr\u00f4 Anhangaba\u00fa (sa\u00edda para a Pra\u00e7a das Bandeiras), e vai at\u00e9 o dia 16 de agosto, das 8h \u00e0s 17h, na Rua Formosa, 99, centro de S\u00e3o Paulo.<\/p>\n<p>Dois peritos do Imesc realizam avalia\u00e7\u00f5es cl\u00ednicas e funcionais dos candidatos para determinar suas condi\u00e7\u00f5es a fim de facilitar o ingresso no mercado de trabalho. \u201cEste mutir\u00e3o refor\u00e7a o compromisso do Imesc e das demais entidades envolvidas em promover a inclus\u00e3o e garantir que as pessoas com defici\u00eancia tenham acesso igualit\u00e1rio \u00e0s oportunidades no mercado de trabalho\u201d, comentou o superintendente do Imesc, Dr. Edilson Jos\u00e9 da Costa.<\/p>\n<p>LEIA TAMB\u00c9M:\u00a0SP realiza mutir\u00e3o de reconhecimento de paternidade<\/p>\n<p>O PEI, gerido pela Secretaria de Estado dos Direitos da Pessoa com Defici\u00eancia, \u00e9 um programa que visa promover a inclus\u00e3o de pessoas com defici\u00eancia no mercado de trabalho. O conv\u00eanio com o Imesc garante a elabora\u00e7\u00e3o de laudos t\u00e9cnicos que atestam a capacidade cl\u00ednica e funcional dos participantes, assegurando que esses indiv\u00edduos possam desempenhar suas fun\u00e7\u00f5es de maneira eficiente e segura.<\/p>\n<p>Todo o processo pericial do Imesc segue a Classifica\u00e7\u00e3o Internacional de Funcionalidade, Incapacidade e Sa\u00fade (CIF) e tamb\u00e9m a Classifica\u00e7\u00e3o Estat\u00edstica Internacional de Doen\u00e7as e de Problemas relacionados \u00e0 Sa\u00fade (CID), ambas da Organiza\u00e7\u00e3o Mundial de Sa\u00fade (OMS), exigidas pelo programa Meu Emprego Inclusivo do Estado.<\/p>\n<p>O Programa Meu Emprego Inclusivo \u00e9 da Secretaria de Desenvolvimento Econ\u00f4mico (SDE) em parceria com a Secretaria de Estado dos Direitos da Pessoa com Defici\u00eancia, com quem o Imesc mant\u00e9m conv\u00eanio. De junho de 2021 at\u00e9 agosto de 2024, j\u00e1 foram expedidos 3.242 laudos. A iniciativa faz parte do programa estadual Meu Emprego Inclusivo e tamb\u00e9m conta com a participa\u00e7\u00e3o do Centro Paula Souza e Sebrae SP. Mais informa\u00e7\u00f5es no site: www.pessoacomdeficiencia.sp.gov.br\/<\/p>\n<\/p><\/div>\n","protected":false},"excerpt":{"rendered":"<p>&#13; &#13; &#13; &#13; &#13; Mutir\u00e3o ocorre na sede da UGT, ao lado do Metr\u00f4&#8230;<\/p>\n","protected":false},"author":2,"featured_media":0,"comment_status":"open","ping_status":"open","sticky":false,"template":"","format":"standard","meta":{"footnotes":""},"categories":[],"tags":[],"class_list":["post-12854","post","type-post","status-publish","format-standard","hentry"],"amp_enabled":true,"_links":{"self":[{"href":"https:\/\/ipatingafc.com.br\/index.php\/wp-json\/wp\/v2\/posts\/12854","targetHints":{"allow":["GET"]}}],"collection":[{"href":"https:\/\/ipatingafc.com.br\/index.php\/wp-json\/wp\/v2\/posts"}],"about":[{"href":"https:\/\/ipatingafc.com.br\/index.php\/wp-json\/wp\/v2\/types\/post"}],"author":[{"embeddable":true,"href":"https:\/\/ipatingafc.com.br\/index.php\/wp-json\/wp\/v2\/users\/2"}],"replies":[{"embeddable":true,"href":"https:\/\/ipatingafc.com.br\/index.php\/wp-json\/wp\/v2\/comments?post=12854"}],"version-history":[{"count":0,"href":"https:\/\/ipatingafc.com.br\/index.php\/wp-json\/wp\/v2\/posts\/12854\/revisions"}],"wp:attachment":[{"href":"https:\/\/ipatingafc.com.br\/index.php\/wp-json\/wp\/v2\/media?parent=12854"}],"wp:term":[{"taxonomy":"category","embeddable":true,"href":"https:\/\/ipatingafc.com.br\/index.php\/wp-json\/wp\/v2\/categories?post=12854"},{"taxonomy":"post_tag","embeddable":true,"href":"https:\/\/ipatingafc.com.br\/index.php\/wp-json\/wp\/v2\/tags?post=12854"}],"curies":[{"name":"wp","href":"https:\/\/api.w.org\/{rel}","templated":true}]}}