{"id":12864,"date":"2024-08-14T22:12:38","date_gmt":"2024-08-15T01:12:38","guid":{"rendered":"https:\/\/ipatingafc.com.br\/index.php\/2024\/08\/14\/mais-de-2-milhoes-de-alunos-participam-da-olimpiada-de-redacao\/"},"modified":"2024-08-14T22:12:38","modified_gmt":"2024-08-15T01:12:38","slug":"mais-de-2-milhoes-de-alunos-participam-da-olimpiada-de-redacao","status":"publish","type":"post","link":"https:\/\/ipatingafc.com.br\/index.php\/2024\/08\/14\/mais-de-2-milhoes-de-alunos-participam-da-olimpiada-de-redacao\/","title":{"rendered":"Mais de 2 milh\u00f5es de alunos participam da Olimp\u00edada de Reda\u00e7\u00e3o"},"content":{"rendered":"<p><img decoding=\"async\" src=\"https:\/\/www.saopaulo.sp.gov.br\/wp-content\/uploads\/2024\/08\/53601101107_12854b25e0_k.jpg\" \/><\/p>\n<div id=\"\">&#13;<br \/>\n                                <!-- Title -->&#13;<br \/>\n                                &#13;<br \/>\n&#13;<br \/>\n                                <!-- Excerpt -->&#13;<\/p>\n<p class=\"excerpt\">Prova ser\u00e1 aplicada entre alunos do 6\u00ba ao 9\u00ba anos do Ensino Fundamental e nas tr\u00eas s\u00e9ries do Ensino M\u00e9dio da rede estadual de SP<\/p>\n<p>&#13;<br \/>\n&#13;<br \/>\n                                &#13;\n                            <\/p><\/div>\n<div id=\"\">&#13;<\/p>\n<p><iframe loading=\"lazy\" title=\"Mais de 2 milh\u00f5es de alunos de SP devem participar da Olimp\u00edada de Reda\u00e7\u00e3o a partir de segunda (19) by Governo do Estado de S\u00e3o Paulo\" width=\"587\" height=\"330\" scrolling=\"no\" frameborder=\"no\" src=\"https:\/\/w.soundcloud.com\/player\/?visual=true&amp;url=https%3A%2F%2Fapi.soundcloud.com%2Ftracks%2F1897248717&amp;show_artwork=true&amp;maxheight=330&amp;maxwidth=587\"><\/iframe><\/p>\n<p>A partir da pr\u00f3xima segunda-feira (19), 2,4 milh\u00f5es de estudantes matriculados nos ensinos Fundamental e M\u00e9dio de S\u00e3o Paulo participam da primeira edi\u00e7\u00e3o da Olimp\u00edada de Reda\u00e7\u00e3o das Escolas Estaduais. O cronograma prev\u00ea a aplica\u00e7\u00e3o da prova at\u00e9 o dia 27 de agosto, come\u00e7ando pelos alunos do 6\u00ba ano do Ensino Fundamental at\u00e9 os alunos da 3\u00aa s\u00e9rie do Ensino M\u00e9dio.<\/p>\n<p>A iniciativa da Secretaria da Educa\u00e7\u00e3o do Estado de S\u00e3o Paulo (Seduc-SP) visa promover o h\u00e1bito da escrita e valorizar o aprendizado de l\u00edngua portuguesa.\u00a0Assim como aconteceu com a Olimp\u00edada de Matem\u00e1tica, os estudantes est\u00e3o em busca de mais de 100 mil medalhas de ouro, prata e bronze. Os professores, escolas e diretorias de ensino tamb\u00e9m ser\u00e3o reconhecidos. A entrega das medalhas est\u00e1 prevista para o m\u00eas de novembro.<\/p>\n<p>O coordenador de olimp\u00edadas da Educa\u00e7\u00e3o, Roberto Serra Campos J\u00fanior, explica que a competi\u00e7\u00e3o ter\u00e1 uma \u00fanica fase e os alunos ir\u00e3o utilizar a plataforma Reda\u00e7\u00e3o Paulista. \u201cOs estudantes dever\u00e3o escrever, na plataforma, texto sobre tema espec\u00edfico elaborado para a Olimp\u00edada de Reda\u00e7\u00e3o.\u00a0 Cada turma, com seu ano e s\u00e9rie, dever\u00e1 seguir um tema diferente, e receber\u00e1 textos de apoio, assim como acontece nos vestibulinhos e vestibulares. A escrita da reda\u00e7\u00e3o para a Olimp\u00edada dever\u00e1 acontecer obrigatoriamente na escola do estudante\u201d, refor\u00e7a Roberto Serra Campos J\u00fanior.<\/p>\n<p>De acordo com o coordenador de olimp\u00edadas da Educa\u00e7\u00e3o, para os estudantes do Ensino M\u00e9dio, a Olimp\u00edada de Reda\u00e7\u00e3o tamb\u00e9m ser\u00e1 uma ferramenta importante para o Prov\u00e3o Paulista, Enem e outros vestibulares do fim do ano. Neste ano letivo, a Educa\u00e7\u00e3o aumentou em 60% o tempo destinado \u00e0 aprendizagem de l\u00edngua portuguesa no Ensino M\u00e9dio. Al\u00e9m das aulas de l\u00edngua portuguesa, os estudantes t\u00eam acesso \u00e0 disciplina de reda\u00e7\u00e3o e leitura.<\/p>\n<\/p><\/div>\n","protected":false},"excerpt":{"rendered":"<p>&#13; &#13; &#13; &#13; &#13; Prova ser\u00e1 aplicada entre alunos do 6\u00ba ao 9\u00ba anos&#8230;<\/p>\n","protected":false},"author":2,"featured_media":0,"comment_status":"open","ping_status":"open","sticky":false,"template":"","format":"standard","meta":{"footnotes":""},"categories":[],"tags":[],"class_list":["post-12864","post","type-post","status-publish","format-standard","hentry"],"amp_enabled":true,"_links":{"self":[{"href":"https:\/\/ipatingafc.com.br\/index.php\/wp-json\/wp\/v2\/posts\/12864","targetHints":{"allow":["GET"]}}],"collection":[{"href":"https:\/\/ipatingafc.com.br\/index.php\/wp-json\/wp\/v2\/posts"}],"about":[{"href":"https:\/\/ipatingafc.com.br\/index.php\/wp-json\/wp\/v2\/types\/post"}],"author":[{"embeddable":true,"href":"https:\/\/ipatingafc.com.br\/index.php\/wp-json\/wp\/v2\/users\/2"}],"replies":[{"embeddable":true,"href":"https:\/\/ipatingafc.com.br\/index.php\/wp-json\/wp\/v2\/comments?post=12864"}],"version-history":[{"count":0,"href":"https:\/\/ipatingafc.com.br\/index.php\/wp-json\/wp\/v2\/posts\/12864\/revisions"}],"wp:attachment":[{"href":"https:\/\/ipatingafc.com.br\/index.php\/wp-json\/wp\/v2\/media?parent=12864"}],"wp:term":[{"taxonomy":"category","embeddable":true,"href":"https:\/\/ipatingafc.com.br\/index.php\/wp-json\/wp\/v2\/categories?post=12864"},{"taxonomy":"post_tag","embeddable":true,"href":"https:\/\/ipatingafc.com.br\/index.php\/wp-json\/wp\/v2\/tags?post=12864"}],"curies":[{"name":"wp","href":"https:\/\/api.w.org\/{rel}","templated":true}]}}