{"id":12866,"date":"2024-08-14T23:47:35","date_gmt":"2024-08-15T02:47:35","guid":{"rendered":"https:\/\/ipatingafc.com.br\/index.php\/2024\/08\/14\/agencia-minas-gerais-governo-de-minas-publica-edital-para-conjunto-de-obras-rodoviarias-em-brumadinho-e-regiao\/"},"modified":"2024-08-14T23:47:35","modified_gmt":"2024-08-15T02:47:35","slug":"agencia-minas-gerais-governo-de-minas-publica-edital-para-conjunto-de-obras-rodoviarias-em-brumadinho-e-regiao","status":"publish","type":"post","link":"https:\/\/ipatingafc.com.br\/index.php\/2024\/08\/14\/agencia-minas-gerais-governo-de-minas-publica-edital-para-conjunto-de-obras-rodoviarias-em-brumadinho-e-regiao\/","title":{"rendered":"Ag\u00eancia Minas Gerais | Governo de Minas publica edital para conjunto de obras rodovi\u00e1rias em Brumadinho e regi\u00e3o"},"content":{"rendered":"<p><\/p>\n<div>\n<section class=\"news-related \/ col-md-4 col-lg-3 \/ margin-md-bottom-2 margin-left-1 \/ pull-right \/ hidden-xs hidden-sm\">\n<header>\n<p class=\"text-title-section \/ margin-bottom-1\">Relacionadas<\/p>\n<\/header>\n<p>\t\t\t\t\t\t\t<main><\/p>\n<hr class=\"row margin-md-bottom-2\"\/>\n<hr class=\"row margin-md-bottom-2\"\/>\n\t\t\t\t\t\t\t<\/main><br \/>\n\t\t\t\t\t\t<\/section>\n<p>O Governo de Minas, por meio do Departamento de Estradas de Rodagem do Estado de Minas Gerais (DER-MG), publicou, nesta quarta-feira (14\/8), o edital de licita\u00e7\u00e3o para contrata\u00e7\u00e3o de empresa para a elabora\u00e7\u00e3o de projeto de engenharia rodovi\u00e1ria de um conjunto de obras em Brumadinho e regi\u00e3o.<\/p>\n<p>Anunciado na \u00faltima segunda-feira (12\/8) pelo governador Romeu Zema, o investimento total est\u00e1 estimado em R$ 350 milh\u00f5es, destinados para a realiza\u00e7\u00e3o do projeto e execu\u00e7\u00e3o das melhorias na infraestrutura vi\u00e1ria.<\/p>\n<p>S\u00e3o contemplados no edital n\u00ba: 2301520 000013\/2024 as obras de recupera\u00e7\u00e3o e posterior duplica\u00e7\u00e3o da estrada que liga Brumadinho \u00e0 BR-381 (Rodovia Fern\u00e3o Dias), que beneficiam, diretamente, al\u00e9m de Brumadinho, os munic\u00edpios de M\u00e1rio Campos e Sarzedo, o que contabiliza mais de 100 mil habitantes.<\/p>\n<p>Dividido em etapas, a primeira envolve a publica\u00e7\u00e3o de edital para elabora\u00e7\u00e3o do projeto de engenharia para duplica\u00e7\u00e3o de trecho entre Brumadinho e a Fern\u00e3o Dias, que definir\u00e1 o melhor tra\u00e7ado a ser adotado.<\/p>\n<p>A segunda etapa prev\u00ea obras de recupera\u00e7\u00e3o do antigo pavimento e inclus\u00e3o de mais faixas de tr\u00e1fego na MG-155, com licita\u00e7\u00e3o prevista para o segundo semestre de 2024. O in\u00edcio das obras ser\u00e1 em 2025.<\/p>\n<p>A terceira etapa prev\u00ea as obras de duplica\u00e7\u00e3o em si, ligando Brumadinho \u00e0 BR-381, cujo melhor tra\u00e7ado ser\u00e1 definido no projeto de engenharia. Estas obras t\u00eam previs\u00e3o de in\u00edcio em 2026.<\/p>\n<p>As melhorias no trecho ir\u00e3o favorecer a mobilidade na regi\u00e3o, beneficiando a comunidade e incentivando o turismo. Al\u00e9m disso, as obras ir\u00e3o contribuir com o desenvolvimento do novo Distrito Industrial, atraindo empresas e facilitando o escoamento da produ\u00e7\u00e3o.<\/p>\n<p>\u00a0<\/p>\n<\/p><\/div>\n","protected":false},"excerpt":{"rendered":"<p>Relacionadas O Governo de Minas, por meio do Departamento de Estradas de Rodagem do Estado&#8230;<\/p>\n","protected":false},"author":2,"featured_media":0,"comment_status":"open","ping_status":"open","sticky":false,"template":"","format":"standard","meta":{"footnotes":""},"categories":[],"tags":[],"class_list":["post-12866","post","type-post","status-publish","format-standard","hentry"],"amp_enabled":true,"_links":{"self":[{"href":"https:\/\/ipatingafc.com.br\/index.php\/wp-json\/wp\/v2\/posts\/12866","targetHints":{"allow":["GET"]}}],"collection":[{"href":"https:\/\/ipatingafc.com.br\/index.php\/wp-json\/wp\/v2\/posts"}],"about":[{"href":"https:\/\/ipatingafc.com.br\/index.php\/wp-json\/wp\/v2\/types\/post"}],"author":[{"embeddable":true,"href":"https:\/\/ipatingafc.com.br\/index.php\/wp-json\/wp\/v2\/users\/2"}],"replies":[{"embeddable":true,"href":"https:\/\/ipatingafc.com.br\/index.php\/wp-json\/wp\/v2\/comments?post=12866"}],"version-history":[{"count":0,"href":"https:\/\/ipatingafc.com.br\/index.php\/wp-json\/wp\/v2\/posts\/12866\/revisions"}],"wp:attachment":[{"href":"https:\/\/ipatingafc.com.br\/index.php\/wp-json\/wp\/v2\/media?parent=12866"}],"wp:term":[{"taxonomy":"category","embeddable":true,"href":"https:\/\/ipatingafc.com.br\/index.php\/wp-json\/wp\/v2\/categories?post=12866"},{"taxonomy":"post_tag","embeddable":true,"href":"https:\/\/ipatingafc.com.br\/index.php\/wp-json\/wp\/v2\/tags?post=12866"}],"curies":[{"name":"wp","href":"https:\/\/api.w.org\/{rel}","templated":true}]}}