{"id":12869,"date":"2024-08-15T02:56:28","date_gmt":"2024-08-15T05:56:28","guid":{"rendered":"https:\/\/ipatingafc.com.br\/index.php\/2024\/08\/15\/governo-de-sp-destaca-oportunidades-de-desenvolvimento-com-investimentos-em-tecnologia\/"},"modified":"2024-08-15T02:56:28","modified_gmt":"2024-08-15T05:56:28","slug":"governo-de-sp-destaca-oportunidades-de-desenvolvimento-com-investimentos-em-tecnologia","status":"publish","type":"post","link":"https:\/\/ipatingafc.com.br\/index.php\/2024\/08\/15\/governo-de-sp-destaca-oportunidades-de-desenvolvimento-com-investimentos-em-tecnologia\/","title":{"rendered":"Governo de SP destaca oportunidades de desenvolvimento com investimentos em tecnologia"},"content":{"rendered":"<p><\/p>\n<div id=\"\">&#13;<br \/>\n                                <!-- Title -->&#13;<br \/>\n                                &#13;<br \/>\n&#13;<br \/>\n                                <!-- Excerpt -->&#13;<\/p>\n<p class=\"excerpt\">Tarc\u00edsio de Freitas participou em Barueri da inaugura\u00e7\u00e3o da 2\u00aa fase do maior campus de data center da Am\u00e9rica Latina<\/p>\n<p>&#13;<br \/>\n&#13;<br \/>\n                                &#13;\n                            <\/p><\/div>\n<div id=\"\">&#13;<\/p>\n<figure id=\"attachment_5933539\" style=\"width: 100%;max-width: 1024px\" class=\"wp-caption alignnone\"><img decoding=\"async\" loading=\"lazy\" class=\"size-large wp-image-5933539\" src=\"https:\/\/www.saopaulo.sp.gov.br\/wp-content\/uploads\/2024\/08\/materia-Data-Centers-1024x616.jpg\" alt=\"\" width=\"1024\" height=\"616\" srcset=\"https:\/\/www.saopaulo.sp.gov.br\/wp-content\/uploads\/2024\/08\/materia-Data-Centers-1024x616.jpg 1024w, https:\/\/www.saopaulo.sp.gov.br\/wp-content\/uploads\/2024\/08\/materia-Data-Centers-300x181.jpg 300w, https:\/\/www.saopaulo.sp.gov.br\/wp-content\/uploads\/2024\/08\/materia-Data-Centers-768x462.jpg 768w, https:\/\/www.saopaulo.sp.gov.br\/wp-content\/uploads\/2024\/08\/materia-Data-Centers-1536x924.jpg 1536w, https:\/\/www.saopaulo.sp.gov.br\/wp-content\/uploads\/2024\/08\/materia-Data-Centers.jpg 1600w\" sizes=\"auto, (max-width: 1024px) 100vw, 1024px\"\/><figcaption class=\"wp-caption-text\">O estado j\u00e1 atraiu R$ 50 bilh\u00f5es em investimentos privados para expans\u00e3o ou instala\u00e7\u00e3o de novos data centers<\/figcaption><\/figure>\n<p>O governador Tarc\u00edsio de Freitas salientou as oportunidades que a tecnologia e a economia baseada em gerenciamento de dados trazem para o estado durante a inaugura\u00e7\u00e3o da segunda fase do Tambor\u00e9, o maior campus de data centers da Am\u00e9rica Latina, em Barueri, regi\u00e3o metropolitana da capital. O estado j\u00e1 atraiu R$ 50 bilh\u00f5es em investimentos privados para expans\u00e3o ou instala\u00e7\u00e3o de novos data centers.<\/p>\n<p>\u201cAl\u00e9m de movimentarmos 6 mil postos de trabalho na constru\u00e7\u00e3o civil durante esta fase, teremos depois a m\u00e3o de obra que vai trabalhar na gest\u00e3o de dados. Estamos falando de quem vai trabalhar em programa\u00e7\u00e3o, energia, computa\u00e7\u00e3o em nuvem e intelig\u00eancia artificial\u201d, afirmou o governador. \u201cNo passado, a riqueza das na\u00e7\u00f5es estava nos metais, no ouro, na cana-de-a\u00e7\u00facar, na ind\u00fastria e servi\u00e7os. Hoje, a riqueza est\u00e1 nos dados, na economia do conhecimento\u201d, acrescentou Tarc\u00edsio.<\/p>\n<p>A inaugura\u00e7\u00e3o desta fase do Campus Tambor\u00e9 contou ainda com a presen\u00e7a do secret\u00e1rio estadual de Desenvolvimento Econ\u00f4mico, Jorge Lima, e executivos da empresa respons\u00e1vel, a Scala Data Centers. O investimento comprometido nesta etapa do empreendimento foi R$ 6,2 bilh\u00f5es.<\/p>\n<p>O Tambor\u00e9 contar\u00e1 com 17 edif\u00edcios de data centers e tr\u00eas subesta\u00e7\u00f5es com capacidade de 600MW de energia, o que posicionar\u00e1 o campus entre os top 10 do mundo. A Scala tem atualmente outros seis data centers no estado de S\u00e3o Paulo.<\/p>\n<h2>Capacita\u00e7\u00e3o<\/h2>\n<p>A demanda por gest\u00e3o de dados e o crescimento das aplica\u00e7\u00f5es da intelig\u00eancia artificial no cotidiano tamb\u00e9m impulsionam os programas de capacita\u00e7\u00e3o para esse novo mercado de trabalho em franco desenvolvimento.<\/p>\n<figure id=\"attachment_5933546\" style=\"width: 100%;max-width: 1024px\" class=\"wp-caption alignnone\"><img decoding=\"async\" loading=\"lazy\" class=\"size-large wp-image-5933546\" src=\"https:\/\/www.saopaulo.sp.gov.br\/wp-content\/uploads\/2024\/08\/materia-data-center-texto-1024x688.jpg\" alt=\"\" width=\"1024\" height=\"688\" srcset=\"https:\/\/www.saopaulo.sp.gov.br\/wp-content\/uploads\/2024\/08\/materia-data-center-texto-1024x688.jpg 1024w, https:\/\/www.saopaulo.sp.gov.br\/wp-content\/uploads\/2024\/08\/materia-data-center-texto-300x202.jpg 300w, https:\/\/www.saopaulo.sp.gov.br\/wp-content\/uploads\/2024\/08\/materia-data-center-texto-768x516.jpg 768w, https:\/\/www.saopaulo.sp.gov.br\/wp-content\/uploads\/2024\/08\/materia-data-center-texto-1536x1032.jpg 1536w, https:\/\/www.saopaulo.sp.gov.br\/wp-content\/uploads\/2024\/08\/materia-data-center-texto.jpg 1600w\" sizes=\"auto, (max-width: 1024px) 100vw, 1024px\"\/><figcaption class=\"wp-caption-text\">O Tambor\u00e9 contar\u00e1 com 17 edif\u00edcios de data centers e tr\u00eas subesta\u00e7\u00f5es com capacidade de 600MW de energia<\/figcaption><\/figure>\n<p>\u201cVamos precisar de mais equipamentos, de mais data centers e de m\u00e3o de obra qualificada, com jovens que dominem programa\u00e7\u00e3o e computa\u00e7\u00e3o em nuvem, por exemplo. \u00c9 por isso que temos um programa de qualifica\u00e7\u00e3o, o Qualifica SP, que tem parcerias com a iniciativa privada e big techs para formar profissionais que aproveitem essa onda da economia do conhecimento\u201d, diz o governador Tarc\u00edsio de Freitas.<\/p>\n<p>Atualmente, o Qualifica SP, programa do Governo de SP, oferece 123 mil vagas em cursos de capacita\u00e7\u00e3o. Apenas na \u00e1rea de Tecnologia da Informa\u00e7\u00e3o, s\u00e3o 21 mil jovens em forma\u00e7\u00e3o.<\/p>\n<\/p><\/div>\n","protected":false},"excerpt":{"rendered":"<p>&#13; &#13; &#13; &#13; &#13; Tarc\u00edsio de Freitas participou em Barueri da inaugura\u00e7\u00e3o da 2\u00aa&#8230;<\/p>\n","protected":false},"author":2,"featured_media":0,"comment_status":"open","ping_status":"open","sticky":false,"template":"","format":"standard","meta":{"footnotes":""},"categories":[],"tags":[],"class_list":["post-12869","post","type-post","status-publish","format-standard","hentry"],"amp_enabled":true,"_links":{"self":[{"href":"https:\/\/ipatingafc.com.br\/index.php\/wp-json\/wp\/v2\/posts\/12869","targetHints":{"allow":["GET"]}}],"collection":[{"href":"https:\/\/ipatingafc.com.br\/index.php\/wp-json\/wp\/v2\/posts"}],"about":[{"href":"https:\/\/ipatingafc.com.br\/index.php\/wp-json\/wp\/v2\/types\/post"}],"author":[{"embeddable":true,"href":"https:\/\/ipatingafc.com.br\/index.php\/wp-json\/wp\/v2\/users\/2"}],"replies":[{"embeddable":true,"href":"https:\/\/ipatingafc.com.br\/index.php\/wp-json\/wp\/v2\/comments?post=12869"}],"version-history":[{"count":0,"href":"https:\/\/ipatingafc.com.br\/index.php\/wp-json\/wp\/v2\/posts\/12869\/revisions"}],"wp:attachment":[{"href":"https:\/\/ipatingafc.com.br\/index.php\/wp-json\/wp\/v2\/media?parent=12869"}],"wp:term":[{"taxonomy":"category","embeddable":true,"href":"https:\/\/ipatingafc.com.br\/index.php\/wp-json\/wp\/v2\/categories?post=12869"},{"taxonomy":"post_tag","embeddable":true,"href":"https:\/\/ipatingafc.com.br\/index.php\/wp-json\/wp\/v2\/tags?post=12869"}],"curies":[{"name":"wp","href":"https:\/\/api.w.org\/{rel}","templated":true}]}}