{"id":12872,"date":"2024-08-15T06:53:54","date_gmt":"2024-08-15T09:53:54","guid":{"rendered":"https:\/\/ipatingafc.com.br\/index.php\/2024\/08\/15\/agencia-minas-gerais-previsao-do-tempo-para-minas-gerais-nesta-quinta-feira-15-de-agosto\/"},"modified":"2024-08-15T06:53:54","modified_gmt":"2024-08-15T09:53:54","slug":"agencia-minas-gerais-previsao-do-tempo-para-minas-gerais-nesta-quinta-feira-15-de-agosto","status":"publish","type":"post","link":"https:\/\/ipatingafc.com.br\/index.php\/2024\/08\/15\/agencia-minas-gerais-previsao-do-tempo-para-minas-gerais-nesta-quinta-feira-15-de-agosto\/","title":{"rendered":"Ag\u00eancia Minas Gerais | Previs\u00e3o do tempo para Minas Gerais nesta quinta-feira, 15 de agosto"},"content":{"rendered":"<p><\/p>\n<div>\n<p>Em Minas Gerais, a previs\u00e3o do tempo para esta quinta-feira (15\/8) \u00e9 de c\u00e9u claro, com possibilidade de geada em pontos isolados das regi\u00f5es Sul e Sudoeste, c\u00e9u parcialmente nublado com n\u00e9voa \u00famida nos vales do Jequitinhonha, do Mucuri e do Rio Doce.<\/p>\n<p>Nas demais regi\u00f5es do estado, c\u00e9u claro com n\u00e9voa seca.<\/p>\n<p>A temperatura m\u00ednima deve ser de 4\u00baC e a m\u00e1xima a 35\u00baC.<\/p>\n<p>Clique aqui para conferir a previs\u00e3o completa do Instituto Nacional de Meteorologia (Inmet).<\/p>\n<p>\u00a0<\/p>\n<\/p><\/div>\n","protected":false},"excerpt":{"rendered":"<p>Em Minas Gerais, a previs\u00e3o do tempo para esta quinta-feira (15\/8) \u00e9 de c\u00e9u claro,&#8230;<\/p>\n","protected":false},"author":2,"featured_media":0,"comment_status":"open","ping_status":"open","sticky":false,"template":"","format":"standard","meta":{"footnotes":""},"categories":[],"tags":[],"class_list":["post-12872","post","type-post","status-publish","format-standard","hentry"],"amp_enabled":true,"_links":{"self":[{"href":"https:\/\/ipatingafc.com.br\/index.php\/wp-json\/wp\/v2\/posts\/12872","targetHints":{"allow":["GET"]}}],"collection":[{"href":"https:\/\/ipatingafc.com.br\/index.php\/wp-json\/wp\/v2\/posts"}],"about":[{"href":"https:\/\/ipatingafc.com.br\/index.php\/wp-json\/wp\/v2\/types\/post"}],"author":[{"embeddable":true,"href":"https:\/\/ipatingafc.com.br\/index.php\/wp-json\/wp\/v2\/users\/2"}],"replies":[{"embeddable":true,"href":"https:\/\/ipatingafc.com.br\/index.php\/wp-json\/wp\/v2\/comments?post=12872"}],"version-history":[{"count":0,"href":"https:\/\/ipatingafc.com.br\/index.php\/wp-json\/wp\/v2\/posts\/12872\/revisions"}],"wp:attachment":[{"href":"https:\/\/ipatingafc.com.br\/index.php\/wp-json\/wp\/v2\/media?parent=12872"}],"wp:term":[{"taxonomy":"category","embeddable":true,"href":"https:\/\/ipatingafc.com.br\/index.php\/wp-json\/wp\/v2\/categories?post=12872"},{"taxonomy":"post_tag","embeddable":true,"href":"https:\/\/ipatingafc.com.br\/index.php\/wp-json\/wp\/v2\/tags?post=12872"}],"curies":[{"name":"wp","href":"https:\/\/api.w.org\/{rel}","templated":true}]}}