{"id":12874,"date":"2024-08-15T09:14:26","date_gmt":"2024-08-15T12:14:26","guid":{"rendered":"https:\/\/ipatingafc.com.br\/index.php\/2024\/08\/15\/agencia-minas-gerais-editais-do-governo-de-minas-vao-destinar-r-225-milhoes-ao-setor-da-cultura-em-todo-o-estado\/"},"modified":"2024-08-15T09:14:26","modified_gmt":"2024-08-15T12:14:26","slug":"agencia-minas-gerais-editais-do-governo-de-minas-vao-destinar-r-225-milhoes-ao-setor-da-cultura-em-todo-o-estado","status":"publish","type":"post","link":"https:\/\/ipatingafc.com.br\/index.php\/2024\/08\/15\/agencia-minas-gerais-editais-do-governo-de-minas-vao-destinar-r-225-milhoes-ao-setor-da-cultura-em-todo-o-estado\/","title":{"rendered":"Ag\u00eancia Minas Gerais | Editais do Governo de Minas v\u00e3o destinar R$ 22,5 milh\u00f5es ao setor da cultura em todo o estado"},"content":{"rendered":"<p><\/p>\n<div>\n<section class=\"news-related \/ col-md-4 col-lg-3 \/ margin-md-bottom-2 margin-left-1 \/ pull-right \/ hidden-xs hidden-sm\">\n<header>\n<p class=\"text-title-section \/ margin-bottom-1\">Relacionadas<\/p>\n<\/header>\n<p>\t\t\t\t\t\t\t<main><\/p>\n<hr class=\"row margin-md-bottom-2\"\/>\n\t\t\t\t\t\t\t<\/main><br \/>\n\t\t\t\t\t\t<\/section>\n<p>Boa not\u00edcia para a cultura mineira. Em uma a\u00e7\u00e3o conjunta da Secretaria de Estado de Cultura e Turismo e das vinculadas Funda\u00e7\u00e3o Cl\u00f3vis Salgado (FCS), Funda\u00e7\u00e3o de Arte de Ouro Preto (Faop), Instituto Estadual de Patrim\u00f4nio Hist\u00f3rico e Art\u00edstico de Minas Gerais (Iepha-MG) e Empresa Mineira de Comunica\u00e7\u00e3o (EMC)\u00a0ser\u00e3o lan\u00e7ados, ao longo dos pr\u00f3ximos dias, 11 editais do Fundo Estadual de Cultura (FEC). Ao todo, ser\u00e3o repassados R$ 22,5 milh\u00f5es aos trabalhadores do setor em todo o estado, cumprindo o objetivo de descentraliza\u00e7\u00e3o e democratiza\u00e7\u00e3o do acesso aos mecanismos de fomento previstos e implementados pela Lei Descentra Cultura.\u00a0\u00a0<\/p>\n<p>Alguns editais j\u00e1 est\u00e3o dispon\u00edveis no site da Secult-MG\u00a0(aba Editais e Documentos, se\u00e7\u00e3o Fundo Estadual de Cultura) e contemplam diversas linguagens e \u00e1reas da cultura. M\u00fasica, literatura, artes visuais, moda, teatro, cultura popular, artesanato, dan\u00e7a, circo e patrim\u00f4nio hist\u00f3rico ser\u00e3o beneficiados em todas as regi\u00f5es de Minas Gerais. Os recursos chegar\u00e3o diretamente \u00e0s m\u00e3os dos agentes culturais, que n\u00e3o precisam passar pelo processo de capta\u00e7\u00e3o como acontece na Lei Estadual de Incentivo \u00e0 Cultura (LeiC).\u00a0<\/p>\n<p>\u201cO lan\u00e7amento dos editais tem uma import\u00e2ncia fundamental para o setor da cultura, e de forma muito especial tamb\u00e9m para o patrim\u00f4nio hist\u00f3rico e as culturas populares e tradicionais, pois chega a todas as regi\u00f5es de Minas e s\u00e3o recursos diretos, n\u00e3o h\u00e1 necessidade de capta\u00e7\u00e3o. S\u00e3o R$ 22,5 milh\u00f5es nas m\u00e3os dos trabalhadores da cultura em Minas, estimulando a economia da criatividade e a produ\u00e7\u00e3o art\u00edstica em suas mais diversas linguagens\u201d, destaca o secret\u00e1rio de Estado de Cultura e Turismo de Minas Gerais, Le\u00f4nidas de Oliveira.\u00a0<\/p>\n<p><strong>Afromineiridades em destaque<\/strong><\/p>\n<p>Entre os editais do Fundo Estadual de Cultura, dois chegam em um momento muito especial. O Afromineiridades, com incentivo de R$ 2,6 milh\u00f5es e voltado a mestres e mestras da cultura popular, grupos e express\u00f5es tradicionais, e o Pr\u00eamio Rainha Conga de Cultura Popular, no valor total de R$ 1,3 milh\u00e3o e exclusivo para a participa\u00e7\u00e3o de mulheres detentoras da cultura e das artes, lan\u00e7ado pelo Iepha-MG dias ap\u00f3s o reconhecimento dos Congados e Reinados como Patrim\u00f4nio Cultural Imaterial de Minas Gerais, no in\u00edcio deste m\u00eas, durante a realiza\u00e7\u00e3o do festival Cozinha das Afromineiridades, no Pal\u00e1cio da Liberdade.<\/p>\n<p>Para Jo\u00e3o Paulo Martins, presidente do Instituto, \u00e9 emblem\u00e1tico que os dois editais sejam publicados depois de uma celebra\u00e7\u00e3o t\u00e3o importante para o povo negro em Minas Gerais porque \u201cs\u00e3o as pol\u00edticas p\u00fablicas de valoriza\u00e7\u00e3o, preserva\u00e7\u00e3o, fomento e salvaguarda a essas manifesta\u00e7\u00f5es e mostram que as a\u00e7\u00f5es de fomento do governo est\u00e3o em plena atua\u00e7\u00e3o\u201d.\u00a0\u00a0<\/p>\n<p><strong>Novidades e recursos para diversas \u00e1reas<\/strong><\/p>\n<p>Pela primeira vez, segmentos espec\u00edficos da moda ter\u00e3o um edital exclusivo. Trata-se do Passarela Liberdade, da Funda\u00e7\u00e3o Cl\u00f3vis Salgado (FCS). Com o valor de R$ 950 mil, o mecanismo contempla categorias que preveem a\u00e7\u00f5es de mem\u00f3ria, hist\u00f3ria, capacita\u00e7\u00e3o, conhecimento, promo\u00e7\u00e3o e visibilidade. Tamb\u00e9m da FCS, o Circula Minas, cujo valor \u00e9 de R$ 2 milh\u00f5es, vai custear a participa\u00e7\u00e3o de artistas, designers de moda, produtores e t\u00e9cnicos das artes em mostras, festivais, feiras, congressos, semin\u00e1rios e demais modalidades de encontros culturais.\u00a0<\/p>\n<p>Projetos de restaura\u00e7\u00e3o, manuten\u00e7\u00e3o e conserva\u00e7\u00e3o de edif\u00edcios tombados em n\u00edveis municipal e estadual, com foco especial para bibliotecas, centros culturais e museus, tamb\u00e9m contar\u00e3o com recursos do FEC via edital Restaura Minas, do Iepha-MG, que destinar\u00e1 R$ 4,5 milh\u00f5es \u00e0s iniciativas aprovadas.\u00a0\u00a0<\/p>\n<p>Lan\u00e7ado pela Funda\u00e7\u00e3o de Arte de Ouro Preto (Faop), o edital Saberes Gerais, no valor de R$ 2,4 milh\u00f5es, engloba projetos das \u00e1reas de m\u00fasica, artesanato, artes c\u00eanicas, cultura alimentar e gastronomia, culturas ind\u00edgenas, fotografia, artes pl\u00e1sticas, of\u00edcios da moda e preserva\u00e7\u00e3o, valoriza\u00e7\u00e3o e promo\u00e7\u00e3o do patrim\u00f4nio imaterial, entre outras.\u00a0<\/p>\n<p><strong>Constru\u00e7\u00e3o democr\u00e1tica<\/strong><\/p>\n<p>A subsecret\u00e1ria de Cultura de Minas Gerais, Nathalia Larsen, ressalta o car\u00e1ter democr\u00e1tico da constru\u00e7\u00e3o dos editais, realizada em di\u00e1logo e colabora\u00e7\u00e3o com membros de diversas \u00e1reas do Conselho Estadual de Pol\u00edtica Cultural (Consec), organiza\u00e7\u00e3o que re\u00fane representantes da sociedade civil.<\/p>\n<p>\u201cCom a regulamenta\u00e7\u00e3o da Lei Descentra Cultura, foi poss\u00edvel descentralizar os recursos do Fundo Estadual de Cultura para a Funda\u00e7\u00e3o de Arte de Ouro Preto, Funda\u00e7\u00e3o Cl\u00f3vis Salgado, Instituto Estadual do Patrim\u00f4nio Hist\u00f3rico e Art\u00edstico de Minas Gerais e Empresa Mineira de Comunica\u00e7\u00e3o, visando o desenvolvimento e o fortalecimento das pol\u00edticas p\u00fablicas de cada segmento da cultura\u201d.<\/p>\n<\/p><\/div>\n","protected":false},"excerpt":{"rendered":"<p>Relacionadas Boa not\u00edcia para a cultura mineira. Em uma a\u00e7\u00e3o conjunta da Secretaria de Estado&#8230;<\/p>\n","protected":false},"author":2,"featured_media":0,"comment_status":"open","ping_status":"open","sticky":false,"template":"","format":"standard","meta":{"footnotes":""},"categories":[],"tags":[],"class_list":["post-12874","post","type-post","status-publish","format-standard","hentry"],"amp_enabled":true,"_links":{"self":[{"href":"https:\/\/ipatingafc.com.br\/index.php\/wp-json\/wp\/v2\/posts\/12874","targetHints":{"allow":["GET"]}}],"collection":[{"href":"https:\/\/ipatingafc.com.br\/index.php\/wp-json\/wp\/v2\/posts"}],"about":[{"href":"https:\/\/ipatingafc.com.br\/index.php\/wp-json\/wp\/v2\/types\/post"}],"author":[{"embeddable":true,"href":"https:\/\/ipatingafc.com.br\/index.php\/wp-json\/wp\/v2\/users\/2"}],"replies":[{"embeddable":true,"href":"https:\/\/ipatingafc.com.br\/index.php\/wp-json\/wp\/v2\/comments?post=12874"}],"version-history":[{"count":0,"href":"https:\/\/ipatingafc.com.br\/index.php\/wp-json\/wp\/v2\/posts\/12874\/revisions"}],"wp:attachment":[{"href":"https:\/\/ipatingafc.com.br\/index.php\/wp-json\/wp\/v2\/media?parent=12874"}],"wp:term":[{"taxonomy":"category","embeddable":true,"href":"https:\/\/ipatingafc.com.br\/index.php\/wp-json\/wp\/v2\/categories?post=12874"},{"taxonomy":"post_tag","embeddable":true,"href":"https:\/\/ipatingafc.com.br\/index.php\/wp-json\/wp\/v2\/tags?post=12874"}],"curies":[{"name":"wp","href":"https:\/\/api.w.org\/{rel}","templated":true}]}}