{"id":12877,"date":"2024-08-15T11:36:20","date_gmt":"2024-08-15T14:36:20","guid":{"rendered":"https:\/\/ipatingafc.com.br\/index.php\/2024\/08\/15\/agencia-minas-gerais-em-juiz-de-fora-40-adolescentes-acautelados-iniciam-cursos-profissionalizantes-na-gastronomia\/"},"modified":"2024-08-15T11:36:20","modified_gmt":"2024-08-15T14:36:20","slug":"agencia-minas-gerais-em-juiz-de-fora-40-adolescentes-acautelados-iniciam-cursos-profissionalizantes-na-gastronomia","status":"publish","type":"post","link":"https:\/\/ipatingafc.com.br\/index.php\/2024\/08\/15\/agencia-minas-gerais-em-juiz-de-fora-40-adolescentes-acautelados-iniciam-cursos-profissionalizantes-na-gastronomia\/","title":{"rendered":"Ag\u00eancia Minas Gerais | Em Juiz de Fora, 40 adolescentes acautelados iniciam cursos profissionalizantes na gastronomia"},"content":{"rendered":"<p><\/p>\n<div>\n<section class=\"news-related \/ col-md-4 col-lg-3 \/ margin-md-bottom-2 margin-left-1 \/ pull-right \/ hidden-xs hidden-sm\">\n<header>\n<p class=\"text-title-section \/ margin-bottom-1\">Relacionadas<\/p>\n<\/header>\n<p>\t\t\t\t\t\t\t<main><\/p>\n<hr class=\"row margin-md-bottom-2\"\/>\n\t\t\t\t\t\t\t<\/main><br \/>\n\t\t\t\t\t\t<\/section>\n<p>A Secretaria de Estado de Justi\u00e7a e Seguran\u00e7a P\u00fablica (Sejusp) iniciou a capacita\u00e7\u00e3o de 40 adolescentes em cursos profissionalizantes no Centro Socioeducativo de Juiz de Fora, na Zona da Mata.<\/p>\n<p>A iniciativa, financiada pela Secretaria de Seguran\u00e7a Urbana e Cidadania de Juiz de Fora, oferece quatro cursos em parceria com o Servi\u00e7o Nacional de Aprendizagem Industrial (Senai), abrangendo \u00e1reas da panifica\u00e7\u00e3o e focando na reintegra\u00e7\u00e3o social dos jovens.<\/p>\n<p>A subsecret\u00e1ria de Atendimento Socioeducativo da Sejusp, Giselle Cyrillo, enfatiza o investimento na qualifica\u00e7\u00e3o e orienta\u00e7\u00e3o profissional, essenciais para a responsabiliza\u00e7\u00e3o e reintegra\u00e7\u00e3o dos adolescentes.<\/p>\n<p>&#8220;O Sistema Socioeducativo mineiro tem investido na qualifica\u00e7\u00e3o das a\u00e7\u00f5es voltadas \u00e0 educa\u00e7\u00e3o e orienta\u00e7\u00e3o profissional, entendendo que, al\u00e9m de serem direitos obrigat\u00f3rios, s\u00e3o pilares essenciais para o rompimento com a trajet\u00f3ria infracional ao t\u00e9rmino da medida socioeducativa&#8221;, explica a subsecret\u00e1ria.<\/p>\n<figure class=\"image\" style=\"float:right\"><img loading=\"lazy\" decoding=\"async\" alt=\"\" height=\"316\" src=\"https:\/\/www.agenciaminas.mg.gov.br\/ckeditor_assets\/pictures\/21500\/content_milena_nascimento-csejf.jpeg\" width=\"320\"\/>&#13;<figcaption><em><sub>Milena Nascimento \/ CSEJF<\/sub><\/em><\/figcaption>&#13;<br \/>\n<\/figure>\n<p>&#13;<br \/>\nAs atividades seguem at\u00e9 outubro e incluem as seguintes profissionaliza\u00e7\u00f5es: Curso de Inicia\u00e7\u00e3o Profissional em No\u00e7\u00f5es B\u00e1sicas de Panifica\u00e7\u00e3o, iniciado em 5\/8, Fabrica\u00e7\u00e3o de Salgados para Festas, Bares e Lanchonetes, que come\u00e7a em 4\/9, Fabrica\u00e7\u00e3o de Tortas Doces Especiais, com in\u00edcio em 19\/9, e Fabrica\u00e7\u00e3o de Produtos Natalinos, previsto para 27\/9.<\/p>\n<p>Cada curso contar\u00e1 com uma m\u00e9dia de dez participantes.<\/p>\n<p><strong>Segunda edi\u00e7\u00e3o<\/strong><\/p>\n<p>O projeto busca promover a reintegra\u00e7\u00e3o social por meio do desenvolvimento de habilidades pr\u00e1ticas e est\u00e1 na sua segunda edi\u00e7\u00e3o. Este ano, a parceria dobrou a oferta de cursos e o n\u00famero de jovens beneficiados. A primeira edi\u00e7\u00e3o, em 2023, ofereceu duas capacita\u00e7\u00f5es (panifica\u00e7\u00e3o e pizzaiolo) para 20 adolescentes.<\/p>\n<p>Devido ao bom desempenho, um dos alunos da primeira edi\u00e7\u00e3o foi indicado pelo instrutor e conseguiu uma vaga em uma padaria ap\u00f3s o encerramento da medida socioeducativa. Para Emerson Rocha, diretor-geral do Centro Socioeducativo de Juiz de Fora, as equipes trabalham para alcan\u00e7ar resultados ainda melhores este ano.<\/p>\n<p>&#8220;Nossa perspectiva \u00e9 ampliar a inser\u00e7\u00e3o no mercado de trabalho, assim como aumentamos os cursos profissionalizantes, para transformar a vida dos jovens e de suas fam\u00edlias&#8221;, destacou o diretor.<\/p>\n<p><strong>Panifica\u00e7\u00e3o<\/strong><\/p>\n<p>O Curso de Inicia\u00e7\u00e3o Profissional em No\u00e7\u00f5es B\u00e1sicas de Panifica\u00e7\u00e3o iniciou este m\u00eas, abrindo a grade das capacita\u00e7\u00f5es. As aulas ocorrem de segunda a sexta-feira, das 13h30 \u00e0s 17h30, e s\u00e3o ministradas por um professor do Senai nas instala\u00e7\u00f5es da unidade socioeducativa de Juiz de Fora.<\/p>\n<p>O curso abrange no\u00e7\u00f5es de higiene pessoal, t\u00e9cnicas de fermenta\u00e7\u00e3o, embalagem, armazenamento e confec\u00e7\u00e3o de p\u00e3es, bolos e biscoitos.<\/p>\n<p>Edson Ribeiro, instrutor do curso, explica que o objetivo \u00e9 proporcionar aos alunos uma compreens\u00e3o abrangente sobre a import\u00e2ncia da panifica\u00e7\u00e3o e das profiss\u00f5es de confeiteiro e pizzaiolo. &#8220;Esse curso oferece uma base s\u00f3lida e pr\u00e1tica que eles podem aplicar no dia a dia&#8221;, afirmou o instrutor.<\/p>\n<p>&#8220;O curso est\u00e1 sendo maravilhoso. Estou aprendendo muitas coisas. Muitas oportunidades que eu n\u00e3o tive e estou tendo somente agora&#8221;, disse o jovem Erculano Passarinho*, de 18 anos, que espera aplicar o que aprendeu ap\u00f3s o t\u00e9rmino da medida socioeducativa.<\/p>\n<p><em>*Nome fict\u00edcio para preservar a identidade do adolescente, conforme recomenda\u00e7\u00e3o do Estatuto da Crian\u00e7a e do Adolescente (ECA).<\/em><\/p>\n<p>\u00a0<\/p>\n<\/p><\/div>\n","protected":false},"excerpt":{"rendered":"<p>Relacionadas A Secretaria de Estado de Justi\u00e7a e Seguran\u00e7a P\u00fablica (Sejusp) iniciou a capacita\u00e7\u00e3o de&#8230;<\/p>\n","protected":false},"author":2,"featured_media":0,"comment_status":"open","ping_status":"open","sticky":false,"template":"","format":"standard","meta":{"footnotes":""},"categories":[],"tags":[],"class_list":["post-12877","post","type-post","status-publish","format-standard","hentry"],"amp_enabled":true,"_links":{"self":[{"href":"https:\/\/ipatingafc.com.br\/index.php\/wp-json\/wp\/v2\/posts\/12877","targetHints":{"allow":["GET"]}}],"collection":[{"href":"https:\/\/ipatingafc.com.br\/index.php\/wp-json\/wp\/v2\/posts"}],"about":[{"href":"https:\/\/ipatingafc.com.br\/index.php\/wp-json\/wp\/v2\/types\/post"}],"author":[{"embeddable":true,"href":"https:\/\/ipatingafc.com.br\/index.php\/wp-json\/wp\/v2\/users\/2"}],"replies":[{"embeddable":true,"href":"https:\/\/ipatingafc.com.br\/index.php\/wp-json\/wp\/v2\/comments?post=12877"}],"version-history":[{"count":0,"href":"https:\/\/ipatingafc.com.br\/index.php\/wp-json\/wp\/v2\/posts\/12877\/revisions"}],"wp:attachment":[{"href":"https:\/\/ipatingafc.com.br\/index.php\/wp-json\/wp\/v2\/media?parent=12877"}],"wp:term":[{"taxonomy":"category","embeddable":true,"href":"https:\/\/ipatingafc.com.br\/index.php\/wp-json\/wp\/v2\/categories?post=12877"},{"taxonomy":"post_tag","embeddable":true,"href":"https:\/\/ipatingafc.com.br\/index.php\/wp-json\/wp\/v2\/tags?post=12877"}],"curies":[{"name":"wp","href":"https:\/\/api.w.org\/{rel}","templated":true}]}}