{"id":12883,"date":"2024-08-15T13:57:09","date_gmt":"2024-08-15T16:57:09","guid":{"rendered":"https:\/\/ipatingafc.com.br\/index.php\/2024\/08\/15\/agencia-minas-gerais-novos-veiculos-vao-fortalecer-o-atendimento-aos-produtores-rurais-em-minas\/"},"modified":"2024-08-15T13:57:09","modified_gmt":"2024-08-15T16:57:09","slug":"agencia-minas-gerais-novos-veiculos-vao-fortalecer-o-atendimento-aos-produtores-rurais-em-minas","status":"publish","type":"post","link":"https:\/\/ipatingafc.com.br\/index.php\/2024\/08\/15\/agencia-minas-gerais-novos-veiculos-vao-fortalecer-o-atendimento-aos-produtores-rurais-em-minas\/","title":{"rendered":"Ag\u00eancia Minas Gerais | Novos ve\u00edculos v\u00e3o fortalecer o atendimento aos produtores rurais em Minas"},"content":{"rendered":"<p><\/p>\n<div>\n<p>A Empresa de Assist\u00eancia T\u00e9cnica e Extens\u00e3o Rural de Minas Gerais (Emater-MG) recebeu nesta quarta-feira (14\/8) 14 ve\u00edculos para refor\u00e7ar a frota da empresa no atendimento aos agricultores familiares. A aquisi\u00e7\u00e3o dos carros \u00e9 resultado de um conv\u00eanio com o Minist\u00e9rio do Desenvolvimento Agr\u00e1rio (MDA) destinado a contribuir com o trabalho das empresas ligadas \u00e0 Associa\u00e7\u00e3o Brasileira das Entidades de Assist\u00eancia T\u00e9cnica e Extens\u00e3o Rural, Pesquisa Agropecu\u00e1ria e Regulariza\u00e7\u00e3o Fundi\u00e1ria (Asbraer).<\/p>\n<p>O conv\u00eanio para a compra dos ve\u00edculos \u00e9 de R$ 1 milh\u00e3o, incluindo a contrapartida do governo estadual. Os munic\u00edpios que ser\u00e3o beneficiados com os novos carros pertencem a diversas regi\u00f5es de Minas. S\u00e3o eles: C\u00f3rrego Novo, Teixeiras, Capit\u00f3lio, Campos Gerais, Concei\u00e7\u00e3o do Par\u00e1, Rio Piracicaba, Juiz de Fora, Cordisburgo, Nepomuceno, Datas, Mutum, Belo Horizonte, Pira\u00edba e Guanh\u00e3es.<\/p>\n<p>\u201cA parceria para renova\u00e7\u00e3o de parte da nossa frota vai dar melhores condi\u00e7\u00f5es para que o trabalho do extensionista chegue com qualidade ao campo. O apoio \u00e0 agricultura familiar depende da extens\u00e3o rural. Esses ve\u00edculos ir\u00e3o ajudar muito\u201d, declarou o presidente da Emater-MG, Ot\u00e1vio Maia.<\/p>\n<p>Segundo o superintendente do MDA em Minas Gerais, Ant\u00f4nio Ver\u00edssimo, a parceria com a Emater-MG vai continuar, mas o valor dos repasses depende do or\u00e7amento federal para as pol\u00edticas p\u00fablicas no setor. \u201cO Minist\u00e9rio tem feito esta contrapartida ao excelente trabalho que a Emater faz em Minas Gerais, por meio dos seus t\u00e9cnicos, no atendimento aos produtores. Que a gente consiga aproximar cada vez mais a esfera federal da esfera estadual, em rela\u00e7\u00e3o \u00e0 pol\u00edtica de desenvolvimento agr\u00e1rio\u201d, disse o superintendente.<\/p>\n<p>A Emater-MG\u00a0est\u00e1 em constante renova\u00e7\u00e3o da sua frota. Somente em 2023, foram adquiridos 160 ve\u00edculos com recursos da pr\u00f3pria empresa. \u201cAl\u00e9m dos ve\u00edculos, investimos em equipamentos de inform\u00e1tica e na melhoria da estrutura dos escrit\u00f3rios no interior do estado\u201d, afirmou o diretor Administrativo e Financeiro da Emater-MG, Cl\u00e1udio Bortolini.<\/p>\n<\/p><\/div>\n","protected":false},"excerpt":{"rendered":"<p>A Empresa de Assist\u00eancia T\u00e9cnica e Extens\u00e3o Rural de Minas Gerais (Emater-MG) recebeu nesta quarta-feira&#8230;<\/p>\n","protected":false},"author":2,"featured_media":0,"comment_status":"open","ping_status":"open","sticky":false,"template":"","format":"standard","meta":{"footnotes":""},"categories":[],"tags":[],"class_list":["post-12883","post","type-post","status-publish","format-standard","hentry"],"amp_enabled":true,"_links":{"self":[{"href":"https:\/\/ipatingafc.com.br\/index.php\/wp-json\/wp\/v2\/posts\/12883","targetHints":{"allow":["GET"]}}],"collection":[{"href":"https:\/\/ipatingafc.com.br\/index.php\/wp-json\/wp\/v2\/posts"}],"about":[{"href":"https:\/\/ipatingafc.com.br\/index.php\/wp-json\/wp\/v2\/types\/post"}],"author":[{"embeddable":true,"href":"https:\/\/ipatingafc.com.br\/index.php\/wp-json\/wp\/v2\/users\/2"}],"replies":[{"embeddable":true,"href":"https:\/\/ipatingafc.com.br\/index.php\/wp-json\/wp\/v2\/comments?post=12883"}],"version-history":[{"count":0,"href":"https:\/\/ipatingafc.com.br\/index.php\/wp-json\/wp\/v2\/posts\/12883\/revisions"}],"wp:attachment":[{"href":"https:\/\/ipatingafc.com.br\/index.php\/wp-json\/wp\/v2\/media?parent=12883"}],"wp:term":[{"taxonomy":"category","embeddable":true,"href":"https:\/\/ipatingafc.com.br\/index.php\/wp-json\/wp\/v2\/categories?post=12883"},{"taxonomy":"post_tag","embeddable":true,"href":"https:\/\/ipatingafc.com.br\/index.php\/wp-json\/wp\/v2\/tags?post=12883"}],"curies":[{"name":"wp","href":"https:\/\/api.w.org\/{rel}","templated":true}]}}