{"id":12896,"date":"2024-08-15T18:40:15","date_gmt":"2024-08-15T21:40:15","guid":{"rendered":"https:\/\/ipatingafc.com.br\/index.php\/2024\/08\/15\/agencia-minas-gerais-programa-jovens-mineiros-sustentaveis-inicia-atividades-do-segundo-semestre-em-lavras\/"},"modified":"2024-08-15T18:40:15","modified_gmt":"2024-08-15T21:40:15","slug":"agencia-minas-gerais-programa-jovens-mineiros-sustentaveis-inicia-atividades-do-segundo-semestre-em-lavras","status":"publish","type":"post","link":"https:\/\/ipatingafc.com.br\/index.php\/2024\/08\/15\/agencia-minas-gerais-programa-jovens-mineiros-sustentaveis-inicia-atividades-do-segundo-semestre-em-lavras\/","title":{"rendered":"Ag\u00eancia Minas Gerais | Programa Jovens Mineiros Sustent\u00e1veis inicia atividades do segundo semestre em Lavras"},"content":{"rendered":"<p><\/p>\n<div>\n<p>O Programa Jovens Mineiros Sustent\u00e1veis (JMS) iniciou a segunda etapa de suas atividades em 2024 com uma visita a escolas participantes do programa no munic\u00edpio de Lavras, Sul de Minas. Nesta segunda fase, uma parceria com a Pol\u00edcia Militar de Minas Gerais (PMMG) proporcionou agregar 19 novos munic\u00edpios ao Programa e a inclus\u00e3o de 30 escolas dos Col\u00e9gios Tiradentes, abrangendo 1.800 novos alunos. Ao todo, o Programa est\u00e1 presente em 106 munic\u00edpios, alcan\u00e7ando mais de 8 mil alunos.<\/p>\n<p>No primeiro semestre de 2024, alunos participantes do JMS foram capacitados em temas como: \u00c1gua, Cidadania e Fauna (Dom\u00e9stica e Silvestre). Para o segundo semestre, os temas abordados ser\u00e3o: Energia, Res\u00edduos S\u00f3lidos, Floresta e Clima, al\u00e9m de uma atividade especial sobre Saneamento.<\/p>\n<p>O Programa Jovens Mineiros Sustent\u00e1veis desenvolve um conjunto de atividades de educa\u00e7\u00e3o ambiental e humanit\u00e1ria, capacitando educadores por meio da disponibiliza\u00e7\u00e3o de curso de educa\u00e7\u00e3o ambiental \u00e0 dist\u00e2ncia (EaD). Tamb\u00e9m forma alunos do 5\u00ba ano do ensino fundamental nas tem\u00e1ticas de consumo consciente de \u00e1gua e energia, cidadania, gest\u00e3o sustent\u00e1vel de res\u00edduos s\u00f3lidos, educa\u00e7\u00e3o humanit\u00e1ria, florestas e clima. S\u00e3o oferecidos aos alunos cadernos com atividades pedag\u00f3gicas e apoio t\u00e9cnico aos professores para desenvolvimento das atividades, via tutoriais.<\/p>\n<p>As atividades s\u00e3o planejadas para atender aos princ\u00edpios pedag\u00f3gicos da Lei de Diretrizes e Bases da Educa\u00e7\u00e3o e Curr\u00edculo Refer\u00eancia de Minas Gerais, alinhadas com os Objetivos de Desenvolvimento Sustent\u00e1vel (ODS) da Organiza\u00e7\u00e3o das Na\u00e7\u00f5es Unidas (ONU), com destaques para: Educa\u00e7\u00e3o de Qualidade; \u00c1gua Pot\u00e1vel e Saneamento; Energia Limpa e Acess\u00edvel; Cidades e Comunidades Sustent\u00e1veis; Consumo e Produ\u00e7\u00e3o Respons\u00e1veis, e Vida Terrestre.<\/p>\n<p><b>A\u00e7\u00f5es<\/b><\/p>\n<p>Ricardo Cottini, diretor de Educa\u00e7\u00e3o Ambiental da Semad, explica que as a\u00e7\u00f5es desenvolvidas com os alunos das escolas cadastradas est\u00e3o alinhadas com as pol\u00edticas p\u00fablicas de Minas Gerais em termos socioecon\u00f4micos e ambientais, numa vis\u00e3o cidad\u00e3, levando conceitos t\u00e9cnicos e humanistas aos jovens mineiros.<\/p>\n<p>Para o subsecret\u00e1rio de Gest\u00e3o Ambiental da Semad, Diogo Melo Franco, o papel educador do Programa JMS \u00e9 important\u00edssimo. \u201cNosso objetivo \u00e9 preparar jovens cidad\u00e3os para que se tornem adultos mais conscientes e capazes de agir de forma ambientalmente sustent\u00e1vel\u201d, frisou.<\/p>\n<p>Raphael Soares Sales, gestor Local do JMS em Lavras, disse que o munic\u00edpio completou dois anos de participa\u00e7\u00e3o no programa. \u201cTem sido uma experi\u00eancia muito rica, pois os modelos de atividades propostas e a din\u00e2mica incluem atividades l\u00fadicas e ao mesmo tempo reais, contribuindo para a aprendizagem dos alunos de forma completa. Os alunos multiplicam o que aprenderam junto a outros alunos, de forma que toda a escola fica mobilizada\u201d, afirmou.<\/p>\n<p>Helena Alves, 10 anos, do 5\u00ba ano da Escola Municipal Umbelina Azevedo Avelar, disse que com o JMS aprendeu a cuidar melhor do meio ambiente de muitas formas diferentes. \u201cTamb\u00e9m levamos para nossas casas o que aprendemos, passando para nossos pais os ensinamentos, chamando aten\u00e7\u00e3o se a fam\u00edlia faz algo errado e corrigindo\u201d, disse.<\/p>\n<\/p><\/div>\n","protected":false},"excerpt":{"rendered":"<p>O Programa Jovens Mineiros Sustent\u00e1veis (JMS) iniciou a segunda etapa de suas atividades em 2024&#8230;<\/p>\n","protected":false},"author":2,"featured_media":0,"comment_status":"open","ping_status":"open","sticky":false,"template":"","format":"standard","meta":{"footnotes":""},"categories":[],"tags":[],"class_list":["post-12896","post","type-post","status-publish","format-standard","hentry"],"amp_enabled":true,"_links":{"self":[{"href":"https:\/\/ipatingafc.com.br\/index.php\/wp-json\/wp\/v2\/posts\/12896","targetHints":{"allow":["GET"]}}],"collection":[{"href":"https:\/\/ipatingafc.com.br\/index.php\/wp-json\/wp\/v2\/posts"}],"about":[{"href":"https:\/\/ipatingafc.com.br\/index.php\/wp-json\/wp\/v2\/types\/post"}],"author":[{"embeddable":true,"href":"https:\/\/ipatingafc.com.br\/index.php\/wp-json\/wp\/v2\/users\/2"}],"replies":[{"embeddable":true,"href":"https:\/\/ipatingafc.com.br\/index.php\/wp-json\/wp\/v2\/comments?post=12896"}],"version-history":[{"count":0,"href":"https:\/\/ipatingafc.com.br\/index.php\/wp-json\/wp\/v2\/posts\/12896\/revisions"}],"wp:attachment":[{"href":"https:\/\/ipatingafc.com.br\/index.php\/wp-json\/wp\/v2\/media?parent=12896"}],"wp:term":[{"taxonomy":"category","embeddable":true,"href":"https:\/\/ipatingafc.com.br\/index.php\/wp-json\/wp\/v2\/categories?post=12896"},{"taxonomy":"post_tag","embeddable":true,"href":"https:\/\/ipatingafc.com.br\/index.php\/wp-json\/wp\/v2\/tags?post=12896"}],"curies":[{"name":"wp","href":"https:\/\/api.w.org\/{rel}","templated":true}]}}