{"id":12898,"date":"2024-08-15T19:27:36","date_gmt":"2024-08-15T22:27:36","guid":{"rendered":"https:\/\/ipatingafc.com.br\/index.php\/2024\/08\/15\/turismo-de-sp-e-destaque-na-festa-do-peao-de-barretos\/"},"modified":"2024-08-15T19:27:36","modified_gmt":"2024-08-15T22:27:36","slug":"turismo-de-sp-e-destaque-na-festa-do-peao-de-barretos","status":"publish","type":"post","link":"https:\/\/ipatingafc.com.br\/index.php\/2024\/08\/15\/turismo-de-sp-e-destaque-na-festa-do-peao-de-barretos\/","title":{"rendered":"Turismo de SP \u00e9 destaque na Festa do Pe\u00e3o de Barretos"},"content":{"rendered":"<p><\/p>\n<div id=\"\">&#13;<br \/>\n                                <!-- Title -->&#13;<br \/>\n                                &#13;<br \/>\n&#13;<br \/>\n                                <!-- Excerpt -->&#13;<\/p>\n<p class=\"excerpt\">Barretos se destaca pela for\u00e7a do turismo rural e religioso, al\u00e9m de ter um rico patrim\u00f4nio cultural<\/p>\n<p>&#13;<br \/>\n&#13;<br \/>\n                                &#13;\n                            <\/p><\/div>\n<div id=\"\">&#13;<br \/>\n                                &#13;<\/p>\n<figure id=\"attachment_5933942\" style=\"width: 100%;max-width: 1178px\" class=\"wp-caption alignnone\"><img decoding=\"async\" loading=\"lazy\" class=\"size-full wp-image-5933942\" src=\"https:\/\/www.saopaulo.sp.gov.br\/wp-content\/uploads\/2024\/08\/Festa-do-Peao-de-Barretos.jpeg\" alt=\"Festa do Pe\u00e3o de Barretos\" width=\"1178\" height=\"784\" srcset=\"https:\/\/www.saopaulo.sp.gov.br\/wp-content\/uploads\/2024\/08\/Festa-do-Peao-de-Barretos.jpeg 1178w, https:\/\/www.saopaulo.sp.gov.br\/wp-content\/uploads\/2024\/08\/Festa-do-Peao-de-Barretos-300x200.jpeg 300w, https:\/\/www.saopaulo.sp.gov.br\/wp-content\/uploads\/2024\/08\/Festa-do-Peao-de-Barretos-1024x682.jpeg 1024w, https:\/\/www.saopaulo.sp.gov.br\/wp-content\/uploads\/2024\/08\/Festa-do-Peao-de-Barretos-768x511.jpeg 768w\" sizes=\"auto, (max-width: 1178px) 100vw, 1178px\"\/><figcaption class=\"wp-caption-text\">Festa do Pe\u00e3o de Barretos pode reunir um milh\u00e3o de pessoas este ano<\/figcaption><\/figure>\n<p>&#13;<\/p>\n<p>A Secretaria de Turismo e Viagens do Estado de S\u00e3o Paulo (Setur-SP) participa da 69\u00aa edi\u00e7\u00e3o da Festa do Pe\u00e3o de Boiadeiro de Barretos, maior festival de rodeio e m\u00fasica sertaneja da Am\u00e9rica Latina. Em seu estande, a Secretaria exibe v\u00eddeos promocionais, divulga cinco regi\u00f5es tur\u00edsticas de SP, promove a intera\u00e7\u00e3o do p\u00fablico em espa\u00e7os tem\u00e1ticos e serve como vitrine para a exposi\u00e7\u00e3o de obras de artes\u00e3os de diversos munic\u00edpios paulistas.<\/p>\n<p>&#13;<br \/>\n&#13;<br \/>\n&#13;<br \/>\n&#13;<\/p>\n<p>A Setur-SP ainda coleta informa\u00e7\u00f5es sobre o perfil do p\u00fablico do evento e estima a movimenta\u00e7\u00e3o financeira por meio de uma pesquisa realizada pelo Centro de Intelig\u00eancia da Economia do Turismo (Ciet). \u201cBarretos tem se tornado um grande palco de desenvolvimento do turismo, um polo estrat\u00e9gico de lazer no norte de SP, al\u00e9m de ter se tornado um grande centro pecuarista\u201d, afirma o secret\u00e1rio Roberto de Lucena, que estar\u00e1 presente no evento.<\/p>\n<p>&#13;<\/p>\n<p class=\"title\"><strong>LEIA TAMB\u00c9M:<\/strong> Festa do Pe\u00e3o de Boiadeiro em Barretos tem delegacia m\u00f3vel e aumento de policiais<\/p>\n<p>&#13;<br \/>\n&#13;<br \/>\n&#13;<br \/>\n&#13;<\/p>\n<p>Al\u00e9m de shows e atra\u00e7\u00f5es musicais, a Festa do Pe\u00e3o de Barretos, cujas origens remetem ao transporte de gado pelas estradas de terra do munic\u00edpio, traz concursos de berrante, tradicional instrumento do pe\u00e3o de boiadeiro; de pau de sebo e concurso culin\u00e1rio da queima do alho, que \u00e9 o nome dado para a tradicional culin\u00e1ria t\u00edpica das comitivas de pe\u00f5es de boiadeiro.Turismo em Barretos \u2013 Capital Nacional do Rodeio, o munic\u00edpio de Barretos se tornou est\u00e2ncia tur\u00edstica em 2021 pela for\u00e7a do turismo rural e religioso, al\u00e9m de potencial para feiras e eventos e um rico patrim\u00f4nio cultural. Integra a Regi\u00e3o Tur\u00edstica \u00c1guas Sertaneja, ao lado dos munic\u00edpios de Bebedouro, Colina, Col\u00f4mbia, Gua\u00edra, Guaraci, Jaborandi, Monte Azul Paulista, Pirangi, Tabapu\u00e3 e Viradouro. Tamb\u00e9m faz parte do programa de certifica\u00e7\u00e3o de seguran\u00e7a SP Ecoaventura e do guia tur\u00edstico da Setur-SP.<\/p>\n<p>&#13;<\/p>\n<p>Siga o canal \u201cGoverno de S\u00e3o Paulo\u201d no WhatsApp:<br \/>https:\/\/bit.ly\/govspnozap<\/p>\n<p>&#13;\n                            <\/p><\/div>\n","protected":false},"excerpt":{"rendered":"<p>&#13; &#13; &#13; &#13; &#13; Barretos se destaca pela for\u00e7a do turismo rural e religioso,&#8230;<\/p>\n","protected":false},"author":2,"featured_media":0,"comment_status":"open","ping_status":"open","sticky":false,"template":"","format":"standard","meta":{"footnotes":""},"categories":[],"tags":[],"class_list":["post-12898","post","type-post","status-publish","format-standard","hentry"],"amp_enabled":true,"_links":{"self":[{"href":"https:\/\/ipatingafc.com.br\/index.php\/wp-json\/wp\/v2\/posts\/12898","targetHints":{"allow":["GET"]}}],"collection":[{"href":"https:\/\/ipatingafc.com.br\/index.php\/wp-json\/wp\/v2\/posts"}],"about":[{"href":"https:\/\/ipatingafc.com.br\/index.php\/wp-json\/wp\/v2\/types\/post"}],"author":[{"embeddable":true,"href":"https:\/\/ipatingafc.com.br\/index.php\/wp-json\/wp\/v2\/users\/2"}],"replies":[{"embeddable":true,"href":"https:\/\/ipatingafc.com.br\/index.php\/wp-json\/wp\/v2\/comments?post=12898"}],"version-history":[{"count":0,"href":"https:\/\/ipatingafc.com.br\/index.php\/wp-json\/wp\/v2\/posts\/12898\/revisions"}],"wp:attachment":[{"href":"https:\/\/ipatingafc.com.br\/index.php\/wp-json\/wp\/v2\/media?parent=12898"}],"wp:term":[{"taxonomy":"category","embeddable":true,"href":"https:\/\/ipatingafc.com.br\/index.php\/wp-json\/wp\/v2\/categories?post=12898"},{"taxonomy":"post_tag","embeddable":true,"href":"https:\/\/ipatingafc.com.br\/index.php\/wp-json\/wp\/v2\/tags?post=12898"}],"curies":[{"name":"wp","href":"https:\/\/api.w.org\/{rel}","templated":true}]}}