{"id":12902,"date":"2024-08-15T21:19:39","date_gmt":"2024-08-16T00:19:39","guid":{"rendered":"https:\/\/ipatingafc.com.br\/index.php\/2024\/08\/15\/audios-da-cabine-do-aviao-divulgados-expondo-tentativa-de-evitar-queda-e-gritos-de-desespero\/"},"modified":"2024-08-15T21:19:39","modified_gmt":"2024-08-16T00:19:39","slug":"audios-da-cabine-do-aviao-divulgados-expondo-tentativa-de-evitar-queda-e-gritos-de-desespero","status":"publish","type":"post","link":"https:\/\/ipatingafc.com.br\/index.php\/2024\/08\/15\/audios-da-cabine-do-aviao-divulgados-expondo-tentativa-de-evitar-queda-e-gritos-de-desespero\/","title":{"rendered":"\u00c1udios da Cabine do Avi\u00e3o Divulgados Expondo Tentativa de Evitar Queda e Gritos de Desespero"},"content":{"rendered":"<p><\/p>\n<div>\n<h2>**\u00c1udios da Cabine do Avi\u00e3o Divulgados Expondo Tentativa de Evitar Queda e Gritos de Desespero**<\/h2>\n<p>No dia 9 de agosto de 2024, uma trag\u00e9dia abalou o Brasil quando um avi\u00e3o da Voepass, antiga Passaredo, caiu em Vinhedo, no interior de S\u00e3o Paulo, ap\u00f3s decolar de Cascavel, Paran\u00e1. A bordo estavam mais de 60 pessoas, todas vitimadas fatalmente, marcando o acidente como um dos mais letais na hist\u00f3ria da avia\u00e7\u00e3o brasileira.<\/p>\n<h2>**An\u00e1lise das Caixas-pretas**<\/h2>\n<p>Nesta quarta-feira, 14 de agosto, o Jornal Nacional revelou detalhes exclusivos da an\u00e1lise das caixas-pretas da aeronave, conduzida pelo Centro de Investiga\u00e7\u00e3o e Preven\u00e7\u00e3o de Acidentes Aeron\u00e1uticos (Cenipa), \u00f3rg\u00e3o vinculado \u00e0 For\u00e7a A\u00e9rea Brasileira. As grava\u00e7\u00f5es de \u00e1udio da cabine, obtidas pela equipe do JN, lan\u00e7am luz sobre os momentos finais antes da trag\u00e9dia.<\/p>\n<p>No \u00e1udio, o copiloto Humberto de Campos Alencar e Silva \u00e9 ouvido questionando o que estava ocorrendo ao perceber que o avi\u00e3o perdia altitude. Em seguida, ele pede ao piloto para aumentar a pot\u00eancia da aeronave, uma tentativa desesperada de impedir a queda iminente. Infelizmente, apesar dos esfor\u00e7os da tripula\u00e7\u00e3o, o avi\u00e3o continuou a descer at\u00e9 colidir com o solo.<\/p>\n<h2>**Gritos de P\u00e2nico**<\/h2>\n<p>O \u00e1udio tamb\u00e9m registra gritos que, segundo as autoridades, refletem o p\u00e2nico generalizado na cabine diante da situa\u00e7\u00e3o cr\u00edtica. Nos momentos finais, antes do impacto, ouvem-se os gritos e, por fim, o estrondo devastador da queda.<\/p>\n<h2>**Investiga\u00e7\u00e3o em Andamento**<\/h2>\n<p>As grava\u00e7\u00f5es das caixas-pretas, que totalizaram cerca de duas horas de transcri\u00e7\u00e3o, fornecem um vislumbre aterrorizante dos \u00faltimos momentos do voo. No entanto, de acordo com os investigadores, esses \u00e1udios por si s\u00f3 n\u00e3o s\u00e3o suficientes para determinar a causa exata do acidente.<\/p>\n<p>Um relat\u00f3rio oficial, com conclus\u00f5es mais detalhadas e a poss\u00edvel causa da trag\u00e9dia, deve ser divulgado nos pr\u00f3ximos 30 dias, ap\u00f3s a conclus\u00e3o da per\u00edcia. Enquanto isso, familiares e amigos das 62 v\u00edtimas aguardam respostas sobre o que levou a essa cat\u00e1strofe que abalou o pa\u00eds.<\/p>\n<p>\u00a0<\/p>\n<h2>Um avi\u00e3o caiu na zona rural de Apiac\u00e1s<\/h2>\n<p>no Mato Grosso, na manh\u00e3 desta quinta-feira, 15. Segundo informa\u00e7\u00f5es da Pol\u00edcia Civil, a aeronave explodiu na queda, ocorrida em uma \u00e1rea de mata. Entre as v\u00edtimas est\u00e3o o empres\u00e1rio Arni Alberto Spiering, de 69 anos, ex-presidente do Uni\u00e3o Rondon\u00f3polis, seus dois netos, o piloto da aeronave e um funcion\u00e1rio do empres\u00e1rio\u00b9.<\/p>\n<p>O empres\u00e1rio Arni Alberto Spiering, de 70 anos, era propriet\u00e1rio de uma empresa de sementes e combust\u00edveis em Mato Grosso e foi presidente do Uni\u00e3o Esporte Clube, time de Rondon\u00f3polis, em 2010, quando o time conquistou o \u00fanico t\u00edtulo estadual. A trag\u00e9dia tamb\u00e9m ceifou a vida de dois dos seus netos, torcedores fi\u00e9is do Uni\u00e3o. O clube emitiu uma nota de pesar confirmando a morte do empres\u00e1rio e expressou solidariedade \u00e0 fam\u00edlia e amigos\u00b9.<\/p>\n<p>A Delegacia da Pol\u00edcia Civil de Apiac\u00e1s est\u00e1 investigando as circunst\u00e2ncias da queda, e uma equipe da Per\u00edcia Oficial e Identifica\u00e7\u00e3o T\u00e9cnica tamb\u00e9m est\u00e1 no local. O Servi\u00e7o Regional de Investiga\u00e7\u00e3o e Preven\u00e7\u00e3o a Acidentes Aeron\u00e1uticos (Seripa), da For\u00e7a A\u00e9rea Brasileira, j\u00e1 foi acionado e enviar\u00e1 uma equipe \u00e0 \u00e1rea da queda da aeronave. Al\u00e9m disso, o Centro de Investiga\u00e7\u00e3o e Preven\u00e7\u00e3o de Acidentes Aeron\u00e1uticos (CENIPA) informou que investigadores est\u00e3o conduzindo a A\u00e7\u00e3o Inicial para coletar dados e verificar os danos causados \u00e0 aeronave\u00b9. Uma trag\u00e9dia lament\u00e1vel que afeta n\u00e3o apenas a fam\u00edlia das v\u00edtimas, mas tamb\u00e9m toda a comunidade. Meus sentimentos a todos os envolvidos.<\/p>\n<p>\u00a0<\/p>\n<h3>Fam\u00edlia Embarca por Engano em Avi\u00e3o que Caiu e S\u00f3 Percebe Ap\u00f3s 30 Minutos: \u201cPoder\u00edamos Ter Sido V\u00edtimas\u201d<\/h3>\n<p>\u00a0<\/p>\n<p>Na \u00faltima sexta-feira (9), um homem de 31 anos, sua esposa e seu filho de apenas 1 ano embarcaram por engano no voo Voepass 2283, que viria a cair em Vinhedo, no interior de S\u00e3o Paulo. A hist\u00f3ria, que poderia ter terminado em trag\u00e9dia, est\u00e1 repercutindo nas redes sociais e traz \u00e0 tona a import\u00e2ncia de aten\u00e7\u00e3o nos procedimentos de embarque.<\/p>\n<h3>O Erro que Quase Custou Vidas<\/h3>\n<p>A fam\u00edlia, cujo destino era Rio Verde, em Goi\u00e1s, acabou embarcando por engano em um voo para Cascavel, Paran\u00e1. O homem, que preferiu manter sua identidade em sigilo, revelou \u00e0 CNN Brasil detalhes do incidente. Ap\u00f3s embarcarem no avi\u00e3o que partiria do Aeroporto Internacional de Guarulhos, a fam\u00edlia percebeu o erro cerca de 30 minutos ap\u00f3s a decolagem, quando o homem ouviu outro passageiro mencionando o destino da aeronave.<\/p>\n<p>Ao descobrir que estavam a bordo do voo errado, o homem entrou em contato com a tripula\u00e7\u00e3o, que confirmou que o destino do voo era, de fato, Cascavel. De acordo com o relato, a confus\u00e3o aconteceu porque os voos para Cascavel e Rio Verde tinham hor\u00e1rios de partida pr\u00f3ximos e o embarque estava sendo realizado simultaneamente, o que resultou na troca acidental.<\/p>\n<h3>O Impacto da Descoberta<\/h3>\n<p>A descoberta foi um choque para a fam\u00edlia, especialmente para o homem, que mencionou ter conversado com as comiss\u00e1rias de bordo que, posteriormente, perderiam suas vidas no tr\u00e1gico acidente. Ele refletiu que, se tivesse seguido para Cascavel, muito provavelmente teria retornado para Guarulhos no mesmo avi\u00e3o e poderia ter sido uma das v\u00edtimas do desastre.<\/p>\n<p>O homem tamb\u00e9m mencionou que o erro poderia ter sido evitado se o funcion\u00e1rio da Voepass tivesse conferido o bilhete de embarque da fam\u00edlia com mais cuidado. \u201cN\u00f3s poder\u00edamos ter sido v\u00edtimas desse acidente. \u00c9 uma sensa\u00e7\u00e3o de al\u00edvio, mas tamb\u00e9m de profunda tristeza pelos que n\u00e3o tiveram a mesma sorte\u201d, declarou.<\/p>\n<h3>A Trag\u00e9dia A\u00e9rea<\/h3>\n<p>O voo Voepass 2283, operado por um ATR 72-500, caiu em Vinhedo, resultando na morte de 62 pessoas. O acidente \u00e9 considerado o maior desastre a\u00e9reo no Brasil em 17 anos. As investiga\u00e7\u00f5es ainda est\u00e3o em andamento, mas o impacto na vida dos familiares das v\u00edtimas e daqueles que, por um acaso do destino, evitaram a trag\u00e9dia, ser\u00e1 eterno.<\/p>\n<p>Essa hist\u00f3ria refor\u00e7a a necessidade de cuidado redobrado em procedimentos de seguran\u00e7a e embarque, lembrando a todos n\u00f3s da fragilidade da vida e das circunst\u00e2ncias que podem mudar nosso destino em quest\u00e3o de minutos.<\/p>\n<h3>Piloto Deixa Bilhete Emocionante para a Namorada Antes de Morrer em Acidente A\u00e9reo: \u201cEu Vou, Mas Eu Volto, Hein\u201d<\/h3>\n<p>\u00a0<\/p>\n<p>O tr\u00e1gico acidente a\u00e9reo que ocorreu na \u00faltima sexta-feira (09\/08), envolvendo o voo Voepass 2283, trouxe \u00e0 tona hist\u00f3rias comoventes das v\u00edtimas. Entre elas, est\u00e1 a do piloto Danilo Santos Romano, de 35 anos, que perdeu a vida na queda do avi\u00e3o na cidade de Vinhedo, no interior de S\u00e3o Paulo. Danilo, que possu\u00eda mais de dez anos de experi\u00eancia na avia\u00e7\u00e3o, deixou um bilhete tocante para sua namorada, Thalita Valente, antes de embarcar no fat\u00eddico voo.<\/p>\n<h3>O Desabafo de Thalita Valente<\/h3>\n<p>Thalita Valente, namorada de Danilo por quase cinco anos, utilizou suas redes sociais para compartilhar sua dor e homenagear o companheiro. Em um emocionante desabafo, ela relatou estar vivendo um verdadeiro pesadelo e que sua vida jamais ser\u00e1 a mesma sem ele. \u201cMeu muito obrigada por tudo o que vivemos\u201d, escreveu Thalita, expressando a profunda tristeza que sente pela perda.<\/p>\n<h3>O Bilhete de Danilo<\/h3>\n<p>Em uma das postagens, Thalita revelou um bilhete escrito \u00e0 m\u00e3o por Danilo antes do desastre a\u00e9reo. No texto, o piloto agradece \u00e0 namorada pela companhia e promete retornar em breve: \u201cObrigado por querer ficar comigo hoje. Eu vou, mas eu volto, hein\u201d. As palavras simples, mas carregadas de carinho, comovem pela trag\u00e9dia que se seguiu. Thalita, emocionada, desabafou: \u201cEsse \u00e9 o dia mais triste da minha vida, s\u00f3 queria voc\u00ea aqui comigo\u201d.<\/p>\n<h3>A Carreira de Danilo Santos Romano<\/h3>\n<p>Danilo come\u00e7ou sua carreira como co-piloto na extinta companhia a\u00e9rea Avianca, onde ganhou experi\u00eancia antes de trabalhar para uma empresa no Cazaquist\u00e3o. H\u00e1 um ano e dez meses, ele retornou ao Brasil para integrar a equipe da Voepass, antiga Passaredo. No ano passado, foi promovido ao cargo de comandante, uma conquista que ele celebrava com alegria. A trag\u00e9dia interrompeu sua trajet\u00f3ria promissora, deixando um legado de dedica\u00e7\u00e3o e paix\u00e3o pela avia\u00e7\u00e3o.<\/p>\n<h3>O Maior Desastre A\u00e9reo no Brasil em 17 Anos<\/h3>\n<p>O acidente com o voo Voepass 2283 \u00e9 considerado o maior desastre a\u00e9reo no Brasil em 17 anos, com a perda de 62 vidas. As investiga\u00e7\u00f5es sobre as causas do acidente ainda est\u00e3o em andamento, mas o impacto na vida das fam\u00edlias e amigos das v\u00edtimas \u00e9 imensur\u00e1vel. As homenagens e relatos de amor, como o de Thalita Valente, trazem \u00e0 tona a dor e a saudade deixadas por aqueles que se foram.<\/p>\n<p>A hist\u00f3ria de Danilo Santos Romano e seu bilhete para Thalita permanecer\u00e1 como um s\u00edmbolo da fragilidade da vida e do poder do amor, mesmo diante de circunst\u00e2ncias t\u00e3o tr\u00e1gicas.<\/p>\n<h3><\/h3>\n<h3>Piloto Morto em Acidente A\u00e9reo Estava de Folga, Mas Foi Convocado de \u00daltima Hora: \u201cN\u00e3o Era o Dia Dele Estar Pilotando\u201d<\/h3>\n<p>Na \u00faltima sexta-feira, 9 de agosto de 2024, um tr\u00e1gico acidente a\u00e9reo chocou o Brasil quando um avi\u00e3o da Voepass Linhas A\u00e9reas, antiga Passaredo, caiu na cidade de Vinhedo, no interior de S\u00e3o Paulo. A aeronave, que transportava 62 pessoas, entre passageiros e tripulantes, n\u00e3o deixou sobreviventes. Entre as v\u00edtimas estava o piloto Danilo Romano, que, segundo amigos pr\u00f3ximos, n\u00e3o deveria estar no comando do voo naquele dia.<\/p>\n<h3>Convoca\u00e7\u00e3o de \u00daltima Hora<\/h3>\n<p>Danilo Romano, o piloto do voo fat\u00eddico, estava de folga no dia do acidente. No entanto, ele foi convocado de \u00faltima hora pela companhia a\u00e9rea para assumir o voo, uma decis\u00e3o que acabou sendo fatal. Um amigo pr\u00f3ximo de Danilo revelou ao programa *Brasil Urgente* que o piloto havia enviado sua escala de trabalho na ter\u00e7a-feira anterior ao acidente, e ela indicava que ele estava de sobreaviso e n\u00e3o estava escalado para pilotar naquele dia. \u201cHoje n\u00e3o era o dia dele estar pilotando, chamaram ele e aconteceu essa trag\u00e9dia\u201d, lamentou o amigo.<\/p>\n<h3>Uma Carreira Promissora<\/h3>\n<p>Danilo Romano estava vivendo um momento de realiza\u00e7\u00e3o em sua carreira. Em julho do ano passado, ele havia sido promovido a comandante, um cargo que o deixou extremamente feliz. O piloto come\u00e7ou sua carreira na Avianca h\u00e1 cerca de dez anos e estava trabalhando na Voepass h\u00e1 quase dois anos. Amigos e colegas de trabalho lembram de Danilo como um profissional dedicado e apaixonado pela avia\u00e7\u00e3o.<\/p>\n<h3>Repercuss\u00e3o da Trag\u00e9dia<\/h3>\n<p>A not\u00edcia da convoca\u00e7\u00e3o de Danilo em sua folga gerou ainda mais como\u00e7\u00e3o e tristeza entre aqueles que o conheciam. A trag\u00e9dia n\u00e3o s\u00f3 ceifou a vida de Danilo, mas tamb\u00e9m levou embora 58 passageiros e outros tr\u00eas tripulantes. Equipes de busca e resgate ainda trabalham no local do acidente, enquanto o pa\u00eds chora as vidas perdidas.<\/p>\n<p>A Voepass Linhas A\u00e9reas, por meio de um comunicado oficial, divulgou os nomes de todas as v\u00edtimas envolvidas na trag\u00e9dia e expressou suas condol\u00eancias \u00e0s fam\u00edlias e amigos. As investiga\u00e7\u00f5es sobre as causas do acidente continuam em andamento, mas o impacto da perda de Danilo Romano e das outras v\u00edtimas ser\u00e1 sentido por muito tempo.<\/p>\n<h3>Trag\u00e9dia em Vinhedo: M\u00e3e de Menina de 4 Anos que Morreu em Queda de Avi\u00e3o Expressa Sua Dor<\/h3>\n<p>Uma trag\u00e9dia abalou o Brasil na \u00faltima sexta-feira, 9 de agosto de 2024. Um avi\u00e3o da companhia Voe Pass, que realizava o voo 2283 de Cascavel (PR) para o Aeroporto Internacional de Guarulhos, em S\u00e3o Paulo, caiu na cidade de Vinhedo, no interior paulista, causando a morte de 61 pessoas. Entre as v\u00edtimas fatais estava Liz Ibba Santos, uma menina de apenas 4 anos, que viajava acompanhada de seu pai, Rafael Fernando dos Santos.<\/p>\n<p>Liz estava a caminho de Florian\u00f3polis, onde planejava passar o Dia dos Pais com Rafael. A not\u00edcia do acidente devastou amigos e familiares, especialmente a m\u00e3e da menina, que utilizou as redes sociais para expressar sua dor e tristeza. \u201cDia frio e sem sorriso. Que Deus te proteja e te guarde. N\u00f3s te amamos\u201d, escreveu ela em uma postagem comovente, que rapidamente se espalhou nas redes sociais.<\/p>\n<p>A queda do avi\u00e3o causou grande como\u00e7\u00e3o em todo o pa\u00eds, relembrando trag\u00e9dias a\u00e9reas passadas, como o acidente com o voo da TAM em Congonhas, em 2007, que resultou na morte de 199 pessoas.<\/p>\n<h3>Detalhes do Acidente<\/h3>\n<p>A aeronave envolvida no acidente era um modelo de pequeno porte, com capacidade para 61 pessoas, incluindo 57 passageiros e quatro tripulantes. Segundo informa\u00e7\u00f5es preliminares, o avi\u00e3o apresentou problemas mec\u00e2nicos pouco antes de sua queda, mas as causas exatas do acidente ainda est\u00e3o sendo investigadas pelas autoridades aeron\u00e1uticas.<\/p>\n<p>A Voe Pass divulgou a lista de passageiros e tripulantes que estavam a bordo e expressou suas condol\u00eancias \u00e0s fam\u00edlias das v\u00edtimas. Equipes de resgate foram imediatamente ao local do acidente, mas infelizmente n\u00e3o houve sobreviventes.<\/p>\n<h3>Luto e Homenagens<\/h3>\n<p>A trag\u00e9dia deixou um vazio irrepar\u00e1vel na vida dos familiares e amigos das v\u00edtimas, que agora enfrentam o luto. Diversas homenagens foram prestadas nas redes sociais, e a hashtag #LutoLiz chegou aos trending topics do Twitter no Brasil. A m\u00e3e de Liz, em sua dor, recebeu uma onda de solidariedade de internautas, que enviaram mensagens de apoio e carinho.<\/p>\n<p>O acidente em Vinhedo marca um dos epis\u00f3dios mais tristes da avia\u00e7\u00e3o brasileira nos \u00faltimos anos e reacende o debate sobre a seguran\u00e7a a\u00e9rea no pa\u00eds. As investiga\u00e7\u00f5es devem continuar nas pr\u00f3ximas semanas, enquanto o pa\u00eds chora a perda de tantas vidas.<\/p>\n<h3>Trag\u00e9dia no Voo Voepass 2283: Pai e Filha Perdem a Vida em Dia que Seria de Comemora\u00e7\u00e3o<\/h3>\n<p>Rafael Fernando dos Santos, de 41 anos, e sua filha Liz Ibba dos Santos, de apenas tr\u00eas anos, est\u00e3o entre as 61 v\u00edtimas fatais do tr\u00e1gico acidente a\u00e9reo ocorrido em Vinhedo, S\u00e3o Paulo, na \u00faltima sexta-feira, 09 de agosto de 2024. O avi\u00e3o, que realizava o voo Voepass 2283, havia decolado de Cascavel, no Paran\u00e1, com destino ao aeroporto de Guarulhos, na Grande S\u00e3o Paulo. Infelizmente, a aeronave perdeu sustenta\u00e7\u00e3o e caiu na zona urbana da cidade de Vinhedo.<\/p>\n<p>Rafael, residente de Florian\u00f3polis, Santa Catarina, trabalhava como programador no Sedem, setor vinculado ao Minist\u00e9rio P\u00fablico do Estado de Santa Catarina (MPSC). Segundo seus familiares, Rafael era um pai dedicado que viajava regularmente para Cascavel, onde Liz morava com a m\u00e3e, a fim de passar momentos especiais com a filha. Neste caso, ele havia buscado a menina para que passassem juntos o Dia dos Pais, que seria celebrado no domingo, 11 de agosto.<\/p>\n<p>De acordo com Mariangela Martins, tia de Rafael, ele era um pai exemplar e muito amoroso. \u201cA maior felicidade dele era quando ia buscar a filha. Ele amava aquela menina como ningu\u00e9m\u201d, relatou emocionada ao portal NSC Total.<\/p>\n<p>A queda do voo Voepass 2283 \u00e9 agora a quinta maior trag\u00e9dia da avia\u00e7\u00e3o civil brasileira, sendo o pior desastre desde o acidente com o voo 3054 da TAM em 2007, que tirou a vida de 199 pessoas.<\/p>\n<p>Este Dia dos Pais, que deveria ter sido marcado por celebra\u00e7\u00f5es, se transformou em um dia de luto e tristeza para a fam\u00edlia dos Santos e para todos os que perderam seus entes queridos nesse tr\u00e1gico acidente.<\/p>\n<p>\u00a0<\/p>\n<h3>Acidente A\u00e9reo em Vinhedo: Lista de V\u00edtimas Fatais Divulgada<\/h3>\n<p>Na tarde de 9 de agosto de 2024, uma trag\u00e9dia a\u00e9rea abalou o Brasil. Um avi\u00e3o modelo ATR-72, operado pela Voepass Linhas A\u00e9reas, caiu na cidade de Vinhedo, S\u00e3o Paulo, resultando na morte de todas as 62 pessoas a bordo, incluindo 58 passageiros e 4 tripulantes. A aeronave partiu de Cascavel, no Paran\u00e1, com destino ao Aeroporto Internacional de Guarulhos.<\/p>\n<h3>Detalhes do Acidente<\/h3>\n<p>O acidente ocorreu por volta das 13h25 no bairro Capela, pr\u00f3ximo \u00e0 Rodovia Miguel Melhado de Campos (SP-324). Testemunhas oculares relataram ter visto o avi\u00e3o girando no ar antes da queda. Imagens de v\u00eddeos gravados por moradores mostram o exato momento em que a aeronave caiu em um condom\u00ednio residencial.<\/p>\n<p>A causa do acidente ainda n\u00e3o foi determinada, e investiga\u00e7\u00f5es est\u00e3o em andamento para esclarecer o que levou \u00e0 queda da aeronave. A For\u00e7a A\u00e9rea Brasileira (FAB) e o Centro de Investiga\u00e7\u00e3o e Preven\u00e7\u00e3o de Acidentes Aeron\u00e1uticos (CENIPA) est\u00e3o conduzindo a investiga\u00e7\u00e3o.<\/p>\n<h3>Lista de V\u00edtimas<\/h3>\n<p>No final da tarde, as autoridades divulgaram a lista das v\u00edtimas fatais. Abaixo est\u00e3o os nomes dos passageiros e tripulantes que perderam a vida no acidente:<\/p>\n<h4>Passageiros:<\/h4>\n<p>\u2013 Rosangela Souza<br \/>\u2013 Eliane Andrade Freire<br \/>\u2013 Luciani Cavalcanti<br \/>\u2013 Jos\u00e9 Fer<br \/>\u2013 Denilda Acordi<br \/>\u2013 Maria Auxiliadora Vaz de Arruda<br \/>\u2013 Jos\u00e9 Cloves Arruda<br \/>\u2013 Nelvio Jos\u00e9 Hubner<br \/>\u2013 Gracinda Marina Castelo da Silva<br \/>\u2013 Ronaldo Cavaliere<br \/>\u2013 Silvia Cristina Osaki<br \/>\u2013 Wlisses Oliveira<br \/>\u2013 Hiales Carpine Fodra<br \/>\u2013 Daniela Schulz Fodra<br \/>\u2013 Regiclaudio Freitas<br \/>\u2013 Simone Mirian Rizental<br \/>\u2013 Josgleidys Gonzalez<br \/>\u2013 Maria Parra<br \/>\u2013 Ioslan Perez<br \/>\u2013 Mauro Bedin<br \/>\u2013 Rosangela Maria de Oliveira<br \/>\u2013 Antonio Deoclides Zinu Junior<br \/>\u2013 Kharine Gavlik Pessoa Zini<br \/>\u2013 Mauro Sguarizi<br \/>\u2013 Leonardo Henrique da Silva<br \/>\u2013 Maria Valdete Bartnik<br \/>\u2013 Renato Bartnik<br \/>\u2013 Hadassa Maria da Silva<br \/>\u2013 Raphael Bohne<br \/>\u2013 Renato Lima<br \/>\u2013 Rafael Alves<br \/>\u2013 Lucas Felipe Costa Camargo<br \/>\u2013 Adriele Costa<br \/>\u2013 Laiana Vasatta<br \/>\u2013 Ana Caroline Redivo<br \/>\u2013 Jos\u00e9 Carlos Copetti<br \/>\u2013 Andre Michel<br \/>\u2013 Sarah Sellalanger<br \/>\u2013 Edilson Hobold<br \/>\u2013 Rafael Fernando dos Santos<br \/>\u2013 Lizibba dos Santos<br \/>\u2013 Paulo Alves<br \/>\u2013 Pedro Gusso do Nascimento<br \/>\u2013 Rosana Santos Xavier<br \/>\u2013 Thiago Almeida Paula<br \/>\u2013 Adriana Santos<br \/>\u2013 Deonir Secco<br \/>\u2013 Alipio Santos Neto<br \/>\u2013 Raquel Ribeiro Moreira<br \/>\u2013 Adriano Daluca Bueno<br \/>\u2013 Miguel Arcanjo Rodrigues Junior<br \/>\u2013 Diogo Avila<br \/>\u2013 Luciano Trindade Alves<br \/>\u2013 Isabella Santana Pozzuoli<br \/>\u2013 Tiago Azevedo<br \/>\u2013 Mariana Belim<br \/>\u2013 Arianne Risso<\/p>\n<h4>Tripulantes:<\/h4>\n<p>\u2013 Debora Soper Avila \u2013 28 anos<br \/>\u2013 Rubia Silva de Lima \u2013 41 anos<br \/>\u2013 Humberto de Campos Alencar e Silva \u2013 61 anos<br \/>\u2013 Danilo Santos Romano \u2013 35 anos<\/p>\n<h3>Impacto e Investiga\u00e7\u00f5es<\/h3>\n<p>\u00a0<\/p>\n<p>Este acidente gerou grande como\u00e7\u00e3o nacional, e as fam\u00edlias das v\u00edtimas est\u00e3o recebendo apoio das autoridades e da companhia a\u00e9rea. A investiga\u00e7\u00e3o sobre a causa do acidente continuar\u00e1 nas pr\u00f3ximas semanas, e as autoridades esperam poder fornecer respostas definitivas em breve.<\/p>\n<p>As pr\u00f3ximas etapas incluem a an\u00e1lise das caixas-pretas da aeronave, que podem fornecer informa\u00e7\u00f5es cruciais sobre o que aconteceu nos minutos finais do voo.<\/p>\n<p>O pa\u00eds lamenta a perda das vidas nesse tr\u00e1gico evento e aguarda por mais esclarecimentos sobre as circunst\u00e2ncias que levaram ao acidente.<\/p>\n<h3>Acidente A\u00e9reo em Vinhedo: Avi\u00e3o com 62 Pessoas a Bordo Cai em Condom\u00ednio<\/h3>\n<p>\u00a0<\/p>\n<p>Nesta sexta-feira, 9 de agosto de 2024, um grave acidente a\u00e9reo ocorreu em Vinhedo, no interior de S\u00e3o Paulo. Um avi\u00e3o bimotor modelo ATR-72, pertencente \u00e0 Voepass Linhas A\u00e9reas (antiga Passaredo), caiu em um condom\u00ednio no bairro Capela, pr\u00f3ximo \u00e0 Rodovia Miguel Melhado de Campos (SP-324). A aeronave transportava 58 passageiros e quatro tripulantes, totalizando 62 pessoas.<\/p>\n<p>\u00a0<\/p>\n<p>O voo 2283 partiu de Cascavel, no Paran\u00e1, com destino ao Aeroporto Internacional de Guarulhos, em S\u00e3o Paulo. Segundo informa\u00e7\u00f5es preliminares, o acidente ocorreu por volta das 13h28. As equipes de resgate, incluindo o Corpo de Bombeiros, Defesa Civil e a Pol\u00edcia Militar, foram rapidamente mobilizadas para o local. A aeronave caiu pr\u00f3ximo a uma resid\u00eancia, mas, felizmente, nenhum morador em solo foi ferido.<\/p>\n<p>\u00a0<\/p>\n<p>A For\u00e7a A\u00e9rea Brasileira (FAB) foi acionada e investigadores do Quarto Servi\u00e7o Regional de Investiga\u00e7\u00e3o e Preven\u00e7\u00e3o de Acidentes Aeron\u00e1uticos (SERIPA IV) j\u00e1 est\u00e3o a caminho do local para realizar as primeiras an\u00e1lises. Ainda n\u00e3o h\u00e1 confirma\u00e7\u00e3o oficial sobre o n\u00famero de v\u00edtimas, mas a expectativa \u00e9 que hospitais de Vinhedo e Valinhos recebam os poss\u00edveis feridos.<\/p>\n<p>\u00a0<\/p>\n<p>O governador de S\u00e3o Paulo, Tarc\u00edsio de Freitas, que estava em Vit\u00f3ria (ES) para uma reuni\u00e3o do Cons\u00f3rcio de Integra\u00e7\u00e3o Sul e Sudeste (Cosud), retornou ao estado para acompanhar de perto as opera\u00e7\u00f5es de resgate e investiga\u00e7\u00e3o.<\/p>\n<p>\u00a0<\/p>\n<h3>Resposta da Companhia A\u00e9rea<\/h3>\n<p>\u00a0<\/p>\n<p>A Voepass Linhas A\u00e9reas informou que todos os meios foram acionados para prestar apoio aos envolvidos no acidente. No momento, a companhia ainda n\u00e3o confirmou as causas do acidente nem a situa\u00e7\u00e3o das pessoas a bordo. Um servi\u00e7o de atendimento foi disponibilizado para os familiares e amigos das v\u00edtimas.<\/p>\n<p>\u00a0<\/p>\n<h3>N\u00e3o h\u00e1 vest\u00edgio de sobreviventes<\/h3>\n<h3>Investiga\u00e7\u00e3o e Repercuss\u00e3o<\/h3>\n<p>\u00a0<\/p>\n<p>A aeronave ATR-72 \u00e9 comumente utilizada em rotas regionais e \u00e9 conhecida por sua efici\u00eancia em voos de curta dist\u00e2ncia. A investiga\u00e7\u00e3o do Cenipa (Centro de Investiga\u00e7\u00e3o e Preven\u00e7\u00e3o de Acidentes Aeron\u00e1uticos) ser\u00e1 fundamental para determinar as causas da trag\u00e9dia.<\/p>\n<p>\u00a0<\/p>\n<p>Imagens a\u00e9reas capturadas pelo Globocop mostraram o local do acidente, com destro\u00e7os espalhados pela \u00e1rea do condom\u00ednio, evidenciando a gravidade do ocorrido. Moradores da regi\u00e3o relataram ter visto o avi\u00e3o girando no ar antes de colidir, o que pode indicar problemas t\u00e9cnicos ou uma tentativa de manobra de emerg\u00eancia.<\/p>\n<p>\u00a0<\/p>\n<p>Este acidente abalou a regi\u00e3o de Campinas e gerou uma mobiliza\u00e7\u00e3o intensa das autoridades. As investiga\u00e7\u00f5es ainda est\u00e3o em andamento, e atualiza\u00e7\u00f5es ser\u00e3o fornecidas conforme novas informa\u00e7\u00f5es sejam reveladas.<\/p>\n<p>\u00a0<\/p>\n<p>\u2014<\/p>\n<p>\u00a0<\/p>\n<p>Este \u00e9 um evento tr\u00e1gico e em desenvolvimento, e informa\u00e7\u00f5es adicionais ser\u00e3o disponibilizadas \u00e0 medida que as equipes de resgate e investiga\u00e7\u00e3o concluam suas opera\u00e7\u00f5es.<\/p>\n<\/div>\n","protected":false},"excerpt":{"rendered":"<p>**\u00c1udios da Cabine do Avi\u00e3o Divulgados Expondo Tentativa de Evitar Queda e Gritos de Desespero**&#8230;<\/p>\n","protected":false},"author":2,"featured_media":0,"comment_status":"open","ping_status":"open","sticky":false,"template":"","format":"standard","meta":{"footnotes":""},"categories":[2],"tags":[],"class_list":["post-12902","post","type-post","status-publish","format-standard","hentry","category-jogos-ao-vivo"],"amp_enabled":true,"_links":{"self":[{"href":"https:\/\/ipatingafc.com.br\/index.php\/wp-json\/wp\/v2\/posts\/12902","targetHints":{"allow":["GET"]}}],"collection":[{"href":"https:\/\/ipatingafc.com.br\/index.php\/wp-json\/wp\/v2\/posts"}],"about":[{"href":"https:\/\/ipatingafc.com.br\/index.php\/wp-json\/wp\/v2\/types\/post"}],"author":[{"embeddable":true,"href":"https:\/\/ipatingafc.com.br\/index.php\/wp-json\/wp\/v2\/users\/2"}],"replies":[{"embeddable":true,"href":"https:\/\/ipatingafc.com.br\/index.php\/wp-json\/wp\/v2\/comments?post=12902"}],"version-history":[{"count":0,"href":"https:\/\/ipatingafc.com.br\/index.php\/wp-json\/wp\/v2\/posts\/12902\/revisions"}],"wp:attachment":[{"href":"https:\/\/ipatingafc.com.br\/index.php\/wp-json\/wp\/v2\/media?parent=12902"}],"wp:term":[{"taxonomy":"category","embeddable":true,"href":"https:\/\/ipatingafc.com.br\/index.php\/wp-json\/wp\/v2\/categories?post=12902"},{"taxonomy":"post_tag","embeddable":true,"href":"https:\/\/ipatingafc.com.br\/index.php\/wp-json\/wp\/v2\/tags?post=12902"}],"curies":[{"name":"wp","href":"https:\/\/api.w.org\/{rel}","templated":true}]}}