{"id":12903,"date":"2024-08-15T21:48:37","date_gmt":"2024-08-16T00:48:37","guid":{"rendered":"https:\/\/ipatingafc.com.br\/index.php\/2024\/08\/15\/sp-realiza-mutirao-de-reconhecimento-de-paternidade\/"},"modified":"2024-08-15T21:48:37","modified_gmt":"2024-08-16T00:48:37","slug":"sp-realiza-mutirao-de-reconhecimento-de-paternidade","status":"publish","type":"post","link":"https:\/\/ipatingafc.com.br\/index.php\/2024\/08\/15\/sp-realiza-mutirao-de-reconhecimento-de-paternidade\/","title":{"rendered":"SP realiza mutir\u00e3o de reconhecimento de paternidade"},"content":{"rendered":"<p><\/p>\n<div id=\"\">&#13;<br \/>\n                                <!-- Title -->&#13;<br \/>\n                                &#13;<br \/>\n&#13;<br \/>\n                                <!-- Excerpt -->&#13;<\/p>\n<p class=\"excerpt\">Ato ocorrer\u00e1 no dia 17 de agosto; para participar, \u00e9 preciso fazer um agendamento pr\u00e9vio at\u00e9 sexta-feira (15)<\/p>\n<p>&#13;<br \/>\n&#13;<br \/>\n                                &#13;\n                            <\/p><\/div>\n<div id=\"\">&#13;<\/p>\n<figure id=\"attachment_5031828\" style=\"width: 100%;max-width: 900px\" class=\"wp-caption alignnone\"><img decoding=\"async\" loading=\"lazy\" class=\"size-full wp-image-5031828\" src=\"https:\/\/www.saopaulo.sp.gov.br\/wp-content\/uploads\/2017\/08\/pipa_divulgacao-1.jpg\" alt=\"pai e filha bricando de pipa\" width=\"900\" height=\"600\" srcset=\"https:\/\/www.saopaulo.sp.gov.br\/wp-content\/uploads\/2017\/08\/pipa_divulgacao-1.jpg 900w, https:\/\/www.saopaulo.sp.gov.br\/wp-content\/uploads\/2017\/08\/pipa_divulgacao-1-300x200.jpg 300w, https:\/\/www.saopaulo.sp.gov.br\/wp-content\/uploads\/2017\/08\/pipa_divulgacao-1-768x512.jpg 768w\" sizes=\"auto, (max-width: 900px) 100vw, 900px\"\/><figcaption class=\"wp-caption-text\">Para participar do mutir\u00e3o de reconhecimento de paternidade, \u00e9 preciso fazer um agendamento pr\u00e9vio<\/figcaption><\/figure>\n<p>Cerca de 6% das crian\u00e7as nascidas no estado de S\u00e3o Paulo n\u00e3o possuem o nome do pai na certid\u00e3o de nascimento. \u00c9 o que mostram dados da Associa\u00e7\u00e3o Nacional dos Registradores de Pessoas Naturais (Arpen-Brasil). Para ajudar a enfrentar esse problema, ser\u00e1 realizado neste s\u00e1bado (17) o Mutir\u00e3o Nacional de Reconhecimento e Investiga\u00e7\u00e3o de Paternidade.<\/p>\n<p>Com o lema \u201cMeu Pai Tem Nome\u201d, a campanha realizada pela Defensoria P\u00fablica de S\u00e3o Paulo pretende informar sobre o direito \u00e0 paternidade, dar atendimento jur\u00eddico e oferecer exames de DNA gratuitos.<\/p>\n<p>Parceiro na a\u00e7\u00e3o, o Instituto de Medicina Social e de Criminologia de S\u00e3o Paulo (IMESC), vinculado \u00e0 Secretaria da Justi\u00e7a e Cidadania, atua na produ\u00e7\u00e3o dos laudos de paternidade na campanha. O servi\u00e7o garante que mais pessoas tenham a oportunidade de ter seus direitos reconhecidos.<\/p>\n<p><strong>LEIA TAMB\u00c9M: <\/strong>Turismo de SP oferece mais de 1.200 vagas no Mutir\u00e3o Nacional de Empregos<\/p>\n<p>Podem buscar o atendimento da Defensoria P\u00fablica no mutir\u00e3o cidad\u00e3os que procuram o reconhecimento volunt\u00e1rio da paternidade nos casos em que exista consenso, crian\u00e7as e adolescentes que desejem investiga\u00e7\u00f5es sobre a sua paternidade e maiores de 18 anos que querem ser reconhecidos como filha ou filho. Para participar, \u00e9 preciso fazer um agendamento pr\u00e9vio at\u00e9 sexta-feira (15), pelo site www.defensoria.sp.def.br\u00a0ou pelo telefone 0800 773 4340.<\/p>\n<h2>IMESC<\/h2>\n<p>O Instituto de Medicina Social e de Criminologia de S\u00e3o Paulo \u00e9 considerado uma refer\u00eancia no quesito dos exames de V\u00ednculo Gen\u00e9tico, o DNA. Possui um laborat\u00f3rio mais bem equipado da Am\u00e9rica Latina e com tecnologia avan\u00e7ada. Anualmente, o IMESC realiza cerca de 8 mil laudos, consolidando sua posi\u00e7\u00e3o como refer\u00eancia em exames de v\u00ednculo gen\u00e9tico no pa\u00eds.<\/p>\n<p>Siga o canal \u201cGoverno de S\u00e3o Paulo\u201d no WhatsApp:<br \/>https:\/\/bit.ly\/govspnozap<\/p>\n<\/p><\/div>\n","protected":false},"excerpt":{"rendered":"<p>&#13; &#13; &#13; &#13; &#13; Ato ocorrer\u00e1 no dia 17 de agosto; para participar, \u00e9&#8230;<\/p>\n","protected":false},"author":2,"featured_media":0,"comment_status":"open","ping_status":"open","sticky":false,"template":"","format":"standard","meta":{"footnotes":""},"categories":[],"tags":[],"class_list":["post-12903","post","type-post","status-publish","format-standard","hentry"],"amp_enabled":true,"_links":{"self":[{"href":"https:\/\/ipatingafc.com.br\/index.php\/wp-json\/wp\/v2\/posts\/12903","targetHints":{"allow":["GET"]}}],"collection":[{"href":"https:\/\/ipatingafc.com.br\/index.php\/wp-json\/wp\/v2\/posts"}],"about":[{"href":"https:\/\/ipatingafc.com.br\/index.php\/wp-json\/wp\/v2\/types\/post"}],"author":[{"embeddable":true,"href":"https:\/\/ipatingafc.com.br\/index.php\/wp-json\/wp\/v2\/users\/2"}],"replies":[{"embeddable":true,"href":"https:\/\/ipatingafc.com.br\/index.php\/wp-json\/wp\/v2\/comments?post=12903"}],"version-history":[{"count":0,"href":"https:\/\/ipatingafc.com.br\/index.php\/wp-json\/wp\/v2\/posts\/12903\/revisions"}],"wp:attachment":[{"href":"https:\/\/ipatingafc.com.br\/index.php\/wp-json\/wp\/v2\/media?parent=12903"}],"wp:term":[{"taxonomy":"category","embeddable":true,"href":"https:\/\/ipatingafc.com.br\/index.php\/wp-json\/wp\/v2\/categories?post=12903"},{"taxonomy":"post_tag","embeddable":true,"href":"https:\/\/ipatingafc.com.br\/index.php\/wp-json\/wp\/v2\/tags?post=12903"}],"curies":[{"name":"wp","href":"https:\/\/api.w.org\/{rel}","templated":true}]}}