{"id":12951,"date":"2024-08-17T11:32:54","date_gmt":"2024-08-17T14:32:54","guid":{"rendered":"https:\/\/ipatingafc.com.br\/index.php\/2024\/08\/17\/sp-inicia-no-dia-19-2a-etapa-de-entrega-de-cobertores\/"},"modified":"2024-08-17T11:32:54","modified_gmt":"2024-08-17T14:32:54","slug":"sp-inicia-no-dia-19-2a-etapa-de-entrega-de-cobertores","status":"publish","type":"post","link":"https:\/\/ipatingafc.com.br\/index.php\/2024\/08\/17\/sp-inicia-no-dia-19-2a-etapa-de-entrega-de-cobertores\/","title":{"rendered":"SP inicia no dia 19 2\u00aa etapa de entrega de cobertores"},"content":{"rendered":"<p><img decoding=\"async\" src=\"https:\/\/www.saopaulo.sp.gov.br\/wp-content\/uploads\/2024\/06\/WhatsApp-Image-2024-06-26-at-09.27.53.jpeg\" \/><\/p>\n<div id=\"\">&#13;<br \/>\n                                <!-- Title -->&#13;<br \/>\n                                &#13;<br \/>\n&#13;<br \/>\n                                <!-- Excerpt -->&#13;<\/p>\n<p class=\"excerpt\">Ao todo, est\u00e3o sendo distribu\u00eddos 125 mil cobertores novos para as prefeituras. Retirada ser\u00e1 feita no dep\u00f3sito do Fundo Social na capital <\/p>\n<p>&#13;<br \/>\n&#13;<br \/>\n                                &#13;\n                            <\/p><\/div>\n<div id=\"\">&#13;<\/p>\n<p>A Campanha do Agasalho do Governo de SP dar\u00e1 in\u00edcio na pr\u00f3xima segunda-feira, dia 19, \u00e0 segunda etapa de entrega de cobertores para os munic\u00edpios paulistas. Ao todo, est\u00e3o sendo doados 125 mil cobertores novos que foram adquiridos pelo Fundo Social de S\u00e3o Paulo para doa\u00e7\u00e3o \u00e0s pessoas em situa\u00e7\u00e3o de vulnerabilidade social nos 645 munic\u00edpios paulistas.<\/p>\n<p>A primeira etapa da entrega de cobertores teve in\u00edcio no dia 5 de agosto na cidade de Nova Odessa, onde as prefeituras come\u00e7aram a retirar o material diretamente junto ao fornecedor contratado, a fabricante Nacional T\u00eaxtil. A partir da pr\u00f3xima segunda-feira, o ponto de retirada ser\u00e1 expandido para a capital e a entrega tamb\u00e9m ser\u00e1 feita no dep\u00f3sito do Fundo Social, localizado no Bairro Jaguar\u00e9, em S\u00e3o Paulo, de acordo com o cronograma de agendamento previamente tra\u00e7ado.<\/p>\n<p>A ordem de prioridade de entrega dos cobertores leva em considera\u00e7\u00e3o o cruzamento de dados entre o Cad\u00danico, cadastro nacional de informa\u00e7\u00f5es sobre fam\u00edlias de baixa renda existentes no pa\u00eds, e os munic\u00edpios que registram as temperaturas mais baixas no Estado de S\u00e3o Paulo.<\/p>\n<p>A distribui\u00e7\u00e3o desta leva se soma aos 10 mil cobertores que foram doados para a campanha e come\u00e7aram a ser entregues na segunda quinzena de julho para os 40 munic\u00edpios com maior vulnerabilidade social. As cidades contempladas naquela primeira etapa est\u00e3o localizadas na Regi\u00e3o de Campinas; no Vale do Para\u00edba e Litoral Norte, na Regi\u00e3o de Ribeir\u00e3o Preto, na Regi\u00e3o de S\u00e3o Jo\u00e3o da Boa Vista, na Regi\u00e3o Central, no Vale do Ribeira e tamb\u00e9m na Regi\u00e3o de Bragan\u00e7a Paulista.<\/p>\n<p>A Campanha do Agasalho teve in\u00edcio no dia 7 de junho com foco especial na doa\u00e7\u00e3o de cobertores novos e vai at\u00e9 o dia 22 de setembro. Al\u00e9m de cobertores, a campanha tamb\u00e9m aceita doa\u00e7\u00f5es espec\u00edficas de itens de inverno como toucas, luvas e meias. At\u00e9 o momento, foram arrecadados 28.684 cobertores, 12,8 mil pe\u00e7as de roupas e mais de R$ 1,39 milh\u00e3o de doa\u00e7\u00e3o em dinheiro depositado na conta do Fundo Social.<\/p>\n<h2>Como doar<\/h2>\n<h3>Doa\u00e7\u00f5es em dinheiro:<\/h3>\n<p>Conta oficial da Campanha do Agasalho no Banco do Brasil:<br \/>Conta corrente n\u00ba 19.771-8<br \/>Ag\u00eancia n\u00ba 1897-X<br \/>CNPJ\/MF n\u00ba 44.111.698-0001\/98<br \/>Pix: doacoesfussp@sp.gov.br<\/p>\n<h3>Doa\u00e7\u00f5es de cobertores e outras pe\u00e7as de inverno:<\/h3>\n<p>Capital: Fundo Social de S\u00e3o Paulo<br \/>Avenida Marechal M\u00e1rio Guedes, 301 \u2013 Jaguar\u00e9 \u2013 S\u00e3o Paulo \u2013 SP<br \/>Hor\u00e1rio: segunda a sexta-feira, das 8h \u00e0s 17h<\/p>\n<h3>Demais cidades: postos definidos pelas prefeituras<\/h3>\n<\/p><\/div>\n","protected":false},"excerpt":{"rendered":"<p>&#13; &#13; &#13; &#13; &#13; Ao todo, est\u00e3o sendo distribu\u00eddos 125 mil cobertores novos para&#8230;<\/p>\n","protected":false},"author":2,"featured_media":0,"comment_status":"open","ping_status":"open","sticky":false,"template":"","format":"standard","meta":{"footnotes":""},"categories":[],"tags":[],"class_list":["post-12951","post","type-post","status-publish","format-standard","hentry"],"amp_enabled":true,"_links":{"self":[{"href":"https:\/\/ipatingafc.com.br\/index.php\/wp-json\/wp\/v2\/posts\/12951","targetHints":{"allow":["GET"]}}],"collection":[{"href":"https:\/\/ipatingafc.com.br\/index.php\/wp-json\/wp\/v2\/posts"}],"about":[{"href":"https:\/\/ipatingafc.com.br\/index.php\/wp-json\/wp\/v2\/types\/post"}],"author":[{"embeddable":true,"href":"https:\/\/ipatingafc.com.br\/index.php\/wp-json\/wp\/v2\/users\/2"}],"replies":[{"embeddable":true,"href":"https:\/\/ipatingafc.com.br\/index.php\/wp-json\/wp\/v2\/comments?post=12951"}],"version-history":[{"count":0,"href":"https:\/\/ipatingafc.com.br\/index.php\/wp-json\/wp\/v2\/posts\/12951\/revisions"}],"wp:attachment":[{"href":"https:\/\/ipatingafc.com.br\/index.php\/wp-json\/wp\/v2\/media?parent=12951"}],"wp:term":[{"taxonomy":"category","embeddable":true,"href":"https:\/\/ipatingafc.com.br\/index.php\/wp-json\/wp\/v2\/categories?post=12951"},{"taxonomy":"post_tag","embeddable":true,"href":"https:\/\/ipatingafc.com.br\/index.php\/wp-json\/wp\/v2\/tags?post=12951"}],"curies":[{"name":"wp","href":"https:\/\/api.w.org\/{rel}","templated":true}]}}