{"id":12955,"date":"2024-08-17T13:53:36","date_gmt":"2024-08-17T16:53:36","guid":{"rendered":"https:\/\/ipatingafc.com.br\/index.php\/2024\/08\/17\/nota-de-pesar-falecimento-de-silvio-santos\/"},"modified":"2024-08-17T13:53:36","modified_gmt":"2024-08-17T16:53:36","slug":"nota-de-pesar-falecimento-de-silvio-santos","status":"publish","type":"post","link":"https:\/\/ipatingafc.com.br\/index.php\/2024\/08\/17\/nota-de-pesar-falecimento-de-silvio-santos\/","title":{"rendered":"NOTA DE PESAR &#8211; Falecimento de Silvio Santos"},"content":{"rendered":"<p><\/p>\n<div id=\"\">&#13;<br \/>\n                                <!-- Title -->&#13;<br \/>\n                                &#13;<br \/>\n&#13;<br \/>\n                                <!-- Excerpt -->&#13;<\/p>\n<p class=\"excerpt\">Governo de S\u00e3o Paulo decreta luto oficial de sete dias no estado pelo falecimento de Silvio Santos<\/p>\n<p>&#13;<br \/>\n&#13;<br \/>\n                                &#13;\n                            <\/p><\/div>\n<div id=\"\">&#13;<\/p>\n<p>Com profundo pesar, o Governo do Estado de S\u00e3o Paulo lamenta o falecimento do empres\u00e1rio e apresentador Silvio Santos, aos 93 anos, neste s\u00e1bado (17), e decreta luto oficial de sete dias no estado de S\u00e3o Paulo. Fundador do Sistema Brasileiro de Televis\u00e3o (SBT), tornou-se um dos s\u00edmbolos da comunica\u00e7\u00e3o brasileira gra\u00e7as \u00e0 maneira simples, direta e carism\u00e1tica com que lidava com o p\u00fablico.<\/p>\n<p>Nascido Senor Abravanel, o empres\u00e1rio aliou seu perfil empreendedor, treinado na adolesc\u00eancia como camel\u00f4, \u00e0 voz potente e inconfund\u00edvel para criar um estilo popular que cativou as massas. Sua trajet\u00f3ria nas r\u00e1dios e nos canais de TV andou lado a lado com seu tino empreendedor em diversos segmentos e no comando do SBT. Carioca, escolheu S\u00e3o Paulo como casa desde os anos 1950.<\/p>\n<p>Nossos sentimentos \u00e0 fam\u00edlia Abravanel, aos amigos, aos funcion\u00e1rios do SBT e aos brasileiros de diversas gera\u00e7\u00f5es que tiveram em Silvio Santos uma das personalidades mais admiradas.<\/p>\n<p><em>Tarc\u00edsio de Freitas, governador do estado de S\u00e3o Paulo<\/em><\/p>\n<\/p><\/div>\n","protected":false},"excerpt":{"rendered":"<p>&#13; &#13; &#13; &#13; &#13; Governo de S\u00e3o Paulo decreta luto oficial de sete dias&#8230;<\/p>\n","protected":false},"author":2,"featured_media":0,"comment_status":"open","ping_status":"open","sticky":false,"template":"","format":"standard","meta":{"footnotes":""},"categories":[],"tags":[],"class_list":["post-12955","post","type-post","status-publish","format-standard","hentry"],"amp_enabled":true,"_links":{"self":[{"href":"https:\/\/ipatingafc.com.br\/index.php\/wp-json\/wp\/v2\/posts\/12955","targetHints":{"allow":["GET"]}}],"collection":[{"href":"https:\/\/ipatingafc.com.br\/index.php\/wp-json\/wp\/v2\/posts"}],"about":[{"href":"https:\/\/ipatingafc.com.br\/index.php\/wp-json\/wp\/v2\/types\/post"}],"author":[{"embeddable":true,"href":"https:\/\/ipatingafc.com.br\/index.php\/wp-json\/wp\/v2\/users\/2"}],"replies":[{"embeddable":true,"href":"https:\/\/ipatingafc.com.br\/index.php\/wp-json\/wp\/v2\/comments?post=12955"}],"version-history":[{"count":0,"href":"https:\/\/ipatingafc.com.br\/index.php\/wp-json\/wp\/v2\/posts\/12955\/revisions"}],"wp:attachment":[{"href":"https:\/\/ipatingafc.com.br\/index.php\/wp-json\/wp\/v2\/media?parent=12955"}],"wp:term":[{"taxonomy":"category","embeddable":true,"href":"https:\/\/ipatingafc.com.br\/index.php\/wp-json\/wp\/v2\/categories?post=12955"},{"taxonomy":"post_tag","embeddable":true,"href":"https:\/\/ipatingafc.com.br\/index.php\/wp-json\/wp\/v2\/tags?post=12955"}],"curies":[{"name":"wp","href":"https:\/\/api.w.org\/{rel}","templated":true}]}}