{"id":12961,"date":"2024-08-17T20:11:40","date_gmt":"2024-08-17T23:11:40","guid":{"rendered":"https:\/\/ipatingafc.com.br\/index.php\/2024\/08\/17\/agencia-minas-gerais-governo-de-minas-e-instituicoes-de-justica-anunciam-obras-que-vao-beneficiar-mais-de-100-mil-pessoas-de-brumadinho-e-regiao\/"},"modified":"2024-08-17T20:11:40","modified_gmt":"2024-08-17T23:11:40","slug":"agencia-minas-gerais-governo-de-minas-e-instituicoes-de-justica-anunciam-obras-que-vao-beneficiar-mais-de-100-mil-pessoas-de-brumadinho-e-regiao","status":"publish","type":"post","link":"https:\/\/ipatingafc.com.br\/index.php\/2024\/08\/17\/agencia-minas-gerais-governo-de-minas-e-instituicoes-de-justica-anunciam-obras-que-vao-beneficiar-mais-de-100-mil-pessoas-de-brumadinho-e-regiao\/","title":{"rendered":"Ag\u00eancia Minas Gerais | Governo de Minas e institui\u00e7\u00f5es de Justi\u00e7a anunciam obras que v\u00e3o beneficiar mais de 100 mil pessoas de Brumadinho e regi\u00e3o"},"content":{"rendered":"<p><\/p>\n<div>\n<section class=\"news-related \/ col-md-4 col-lg-3 \/ margin-md-bottom-2 margin-left-1 \/ pull-right \/ hidden-xs hidden-sm\">\n<header>\n<p class=\"text-title-section \/ margin-bottom-1\">Relacionadas<\/p>\n<\/header>\n<p>\t\t\t\t\t\t\t<main><\/p>\n<hr class=\"row margin-md-bottom-2\"\/>\n<hr class=\"row margin-md-bottom-2\"\/>\n\t\t\t\t\t\t\t<\/main><br \/>\n\t\t\t\t\t\t<\/section>\n<p>O governador Romeu Zema, acompanhado pela diretoria da Associa\u00e7\u00e3o de Familiares de V\u00edtimas e Atingidos pelo Rompimento da Barragem Mina C\u00f3rrego do Feij\u00e3o (Avabrum), e por representantes da Prefeitura Municipal de Brumadinho, Minist\u00e9rio P\u00fablico Federal (MPF), Minist\u00e9rio P\u00fablico de Minas Gerais (MPMG) e Defensoria P\u00fablica do Estado de Minas Gerais (DPMG), anunciou, nesta segunda-feira (12\/8), a destina\u00e7\u00e3o de R$ 350 milh\u00f5es, provenientes do Acordo Judicial de Repara\u00e7\u00e3o pelo rompimento das barragens da Vale S.A. em Brumadinho, para obra de recupera\u00e7\u00e3o e duplica\u00e7\u00e3o de estrada\u00a0que liga Brumadinho \u00e0 BR-381, trecho Fern\u00e3o Dias.<\/p>\n<p>O an\u00fancio foi feito ap\u00f3s vistoria ao terreno onde ser\u00e1 implantado o Distrito Industrial de Brumadinho e incluiu, ainda, o in\u00edcio das obras de pavimenta\u00e7\u00e3o no munic\u00edpio, executadas pela prefeitura, com direcionamento de R$ 45 milh\u00f5es, tamb\u00e9m com recursos previstos no Acordo.<\/p>\n<p>\u201cEstamos dando mais um passo\u00a0nas a\u00e7\u00f5es de\u00a0repara\u00e7\u00e3o da trag\u00e9dia de Brumadinho. S\u00e3o centenas de projetos em todo o estado e um dos principais \u00e9 esse Distrito Industrial, que visa diversificar a economia da cidade, tornando-a cada vez menos dependente da atividade de minera\u00e7\u00e3o, que n\u00f3s sabemos que tem dia e prazo para acabar\u201d, destacou o governador Romeu Zema.<\/p>\n<p>\u201cE, al\u00e9m do Distrito, anunciamos tamb\u00e9m a duplica\u00e7\u00e3o do acesso at\u00e9 a BR-381. O projeto j\u00e1 ser\u00e1 licitado imediatamente e em breve essa obra ser\u00e1 iniciada. Com o Distrito Industrial e com esse acesso f\u00e1cil a uma das principais rodovias do Brasil, muitas empresas ir\u00e3o se instalar aqui\u201d, completou.<\/p>\n<p>O projeto do Distrito Industrial decorre do Acordo de Repara\u00e7\u00e3o e prev\u00ea o aporte de outros R$ 190 milh\u00f5es, com potencial de mudar a realidade econ\u00f4mica do munic\u00edpio. A iniciativa ir\u00e1 urbanizar uma \u00e1rea de cerca de 1 milh\u00e3o de metros quadrados, correspondente a 120 campos de futebol.<\/p>\n<p>Juntos, os tr\u00eas projetos totalizam investimentos de R$ 585 milh\u00f5es.<\/p>\n<p><strong>Distrito Industrial<\/strong><\/p>\n<p>O Distrito Industrial de Brumadinho ser\u00e1 implantado em uma localiza\u00e7\u00e3o estrat\u00e9gica, ao norte do munic\u00edpio, a aproximadamente 3,5 quil\u00f4metros do Centro. A regi\u00e3o do Distrito \u00e9 margeada pelo Rio Paraopeba, com acessos pela rodovia estadual MG-040, pr\u00f3ximo ao km 48, e pela rodovia AMG-0185.<\/p>\n<p>O projeto ir\u00e1 favorecer novos neg\u00f3cios, empregos e oportunidades, o que garante o crescimento social e econ\u00f4mico de toda a regi\u00e3o. Al\u00e9m disso, o projeto ir\u00e1 urbanizar uma \u00e1rea de cerca de 1 milh\u00e3o de metros quadrados, envolvendo \u00e1rea de lotes, sistema vi\u00e1rio, \u00e1rea institucional, espa\u00e7os de uso p\u00fablico e \u00e1reas de preserva\u00e7\u00e3o permanente.<\/p>\n<p>O secret\u00e1rio adjunto de Planejamento e Gest\u00e3o (Seplag) e presidente do Comit\u00ea Pr\u00f3-Brumadinho, Lu\u00eds Ot\u00e1vio de Assis, enalteceu o tamanho da obra que est\u00e1 sendo iniciada e a import\u00e2ncia para o desenvolvimento da cidade.<\/p>\n<p>\u201cEsta obra ser\u00e1 o equivalente a 120 campos de futebol, de \u00e1rea urbanizada. Ser\u00e3o 90 terrenos para empresas de m\u00e9dio e grande porte. Desses 90 terrenos, o menor terreno \u00e9 de 1,5 mil metros quadrados, e o maior chegando de 10 mil metros quadrados. Ent\u00e3o, o objetivo \u00e9 olhar para o futuro, justamente para reduzir a depend\u00eancia da minera\u00e7\u00e3o, diversificando a economia de Brumadinho\u201d, detalhou.<\/p>\n<p>A obra tem o valor estimado em R$ 190 milh\u00f5es, provenientes do Acordo Judicial de Repara\u00e7\u00e3o dos danos causados pelo rompimento das barragens da Vale S.A. em Brumadinho, definidos ap\u00f3s Consulta Popular. Esse e outros recursos visam reparar os impactos ambientais, sociais e econ\u00f4micos decorrentes do desastre que afetou diversas \u00e1reas do estado, e tirou a vida de 272 pessoas.<\/p>\n<p>&#8220;A cria\u00e7\u00e3o deste distrito industrial vai ser muito importante para a nossa cidade de Brumadinho. Esse acordo feito pelo Governo de Minas est\u00e1 fazendo um bem para todos os munic\u00edpios mineiros. Eu s\u00f3 tenho que agradecer ao governador por acatar nossos pedidos e nos acolher nos momentos mais dif\u00edceis&#8221;, ressaltou a representante das fam\u00edlias e vice-presidente da AVABRUM, Nayara Porto.<\/p>\n<p><strong>Brumadinho \/ BR-381<\/strong><\/p>\n<p>As obras de recupera\u00e7\u00e3o e posterior duplica\u00e7\u00e3o da estrada que liga Brumadinho \u00e0 BR 381 (Fern\u00e3o Dias) v\u00e3o contar com valor estimado em R$ 350 milh\u00f5es para a realiza\u00e7\u00e3o do projeto e execu\u00e7\u00e3o. Com isso, ser\u00e3o beneficiados diretamente os munic\u00edpios de Brumadinho, M\u00e1rio Campos e Sarzedo, o que contabiliza mais de 100 mil habitantes.<\/p>\n<p>A primeira etapa ser\u00e1 a publica\u00e7\u00e3o de edital para elabora\u00e7\u00e3o do projeto de engenharia para duplica\u00e7\u00e3o de trecho entre Brumadinho e a Rodovia Fern\u00e3o Dias, que definir\u00e1 o melhor tra\u00e7ado a ser adotado. A previs\u00e3o \u00e9 que o edital para a elabora\u00e7\u00e3o do projeto seja publicado at\u00e9 o dia 14\/8, conforme programa\u00e7\u00e3o do Departamento de Estradas de Rodagem do Estado de Minas Gerais (DER-MG), \u00f3rg\u00e3o respons\u00e1vel pela condu\u00e7\u00e3o das a\u00e7\u00f5es.<\/p>\n<p>A segunda etapa prev\u00ea obras de recupera\u00e7\u00e3o do antigo pavimento e inclus\u00e3o de mais faixa de tr\u00e1fego na MG-155, com licita\u00e7\u00e3o prevista para o 2\u00ba semestre de 2024. O in\u00edcio das obras ser\u00e1 em 2025.<\/p>\n<p>A terceira etapa prev\u00ea as obras de duplica\u00e7\u00e3o em si, ligando Brumadinho \u00e0 BR-381, cujo melhor tra\u00e7ado ser\u00e1 definido no projeto de engenharia. Estas obras t\u00eam previs\u00e3o de in\u00edcio em 2026.<\/p>\n<p>As melhorias no trecho ir\u00e3o favorecer a mobilidade na regi\u00e3o, beneficiando a comunidade incentivando o turismo. Al\u00e9m disso, as obras ir\u00e3o contribuir com o desenvolvimento do novo Distrito Industrial, atraindo empresas e facilitando o escoamento da produ\u00e7\u00e3o.<\/p>\n<p>O presidente do DER-MG, Rodrigo Tavares, falou sobre a import\u00e2ncia da obra e apresentou novos projetos rodovi\u00e1rios que v\u00e3o beneficiar a regi\u00e3o.<\/p>\n<p>\u201cN\u00f3s estamos falando de uma obra de uma enorme complexidade de engenharia. S\u00f3\u00a0para ter uma ideia de projeto, a gente est\u00e1 prevendo o desembolso de quase R$ 10 milh\u00f5es. Em paralelo, j\u00e1 estamos\u00a0com \u00a0projeto de uma melhoria da MG-155 entre M\u00e1rio Campos e a BR 381. Essa licita\u00e7\u00e3o j\u00e1 est\u00e1 em fase de contrata\u00e7\u00e3o e deve sair ainda no m\u00eas de agosto, com expectativa de come\u00e7o\u00a0das\u00a0obras em 2025\u201d, explicou.<\/p>\n<p><strong>Pavimenta\u00e7\u00e3o<\/strong><\/p>\n<p>O in\u00edcio de obras de pavimenta\u00e7\u00e3o da estrada que liga os distritos de Aranha a Suzana e Palhano, executada pela Prefeitura de Brumadinho, \u00e9 outro destaque. O projeto conta com a destina\u00e7\u00e3o de R$ 45 milh\u00f5es em recursos pelo Estado e institui\u00e7\u00f5es de Justi\u00e7a, provenientes do Acordo de Repara\u00e7\u00e3o.<\/p>\n<p>A obra \u00e9 mais um importante avan\u00e7o para a regi\u00e3o, garantindo 14 quil\u00f4metros de recapeamento, pavimenta\u00e7\u00e3o e terceira faixa em alguns trechos.<\/p>\n<p>Desde 2023, 60 projetos foram definidos p\u00f3s Consulta Popular e recursos foram repassados para as prefeituras, somando R$ 1,7 bilh\u00e3o de reais transferidos aos 26 munic\u00edpios atingidos.<\/p>\n<p>Desse montante, o munic\u00edpio que recebeu mais recursos foi Brumadinho, tendo sido direcionados R$ 467 milh\u00f5es para a execu\u00e7\u00e3o de cinco iniciativas: obra de pavimenta\u00e7\u00e3o entre Aranha, Suzana e Palhano; obra de pavimenta\u00e7\u00e3o do trecho Brumadinho a Bonfim; obras de alargamento e melhorias da estrada localizada no Eixo Central; melhorias da estrada que liga Alberto Flores ao C\u00f3rrego do Feij\u00e3o e a Casa Branca\u200b; e constru\u00e7\u00e3o das casas populares na Bacia do Paraopeba.<\/p>\n<\/p><\/div>\n","protected":false},"excerpt":{"rendered":"<p>Relacionadas O governador Romeu Zema, acompanhado pela diretoria da Associa\u00e7\u00e3o de Familiares de V\u00edtimas e&#8230;<\/p>\n","protected":false},"author":2,"featured_media":0,"comment_status":"open","ping_status":"open","sticky":false,"template":"","format":"standard","meta":{"footnotes":""},"categories":[],"tags":[],"class_list":["post-12961","post","type-post","status-publish","format-standard","hentry"],"amp_enabled":true,"_links":{"self":[{"href":"https:\/\/ipatingafc.com.br\/index.php\/wp-json\/wp\/v2\/posts\/12961","targetHints":{"allow":["GET"]}}],"collection":[{"href":"https:\/\/ipatingafc.com.br\/index.php\/wp-json\/wp\/v2\/posts"}],"about":[{"href":"https:\/\/ipatingafc.com.br\/index.php\/wp-json\/wp\/v2\/types\/post"}],"author":[{"embeddable":true,"href":"https:\/\/ipatingafc.com.br\/index.php\/wp-json\/wp\/v2\/users\/2"}],"replies":[{"embeddable":true,"href":"https:\/\/ipatingafc.com.br\/index.php\/wp-json\/wp\/v2\/comments?post=12961"}],"version-history":[{"count":0,"href":"https:\/\/ipatingafc.com.br\/index.php\/wp-json\/wp\/v2\/posts\/12961\/revisions"}],"wp:attachment":[{"href":"https:\/\/ipatingafc.com.br\/index.php\/wp-json\/wp\/v2\/media?parent=12961"}],"wp:term":[{"taxonomy":"category","embeddable":true,"href":"https:\/\/ipatingafc.com.br\/index.php\/wp-json\/wp\/v2\/categories?post=12961"},{"taxonomy":"post_tag","embeddable":true,"href":"https:\/\/ipatingafc.com.br\/index.php\/wp-json\/wp\/v2\/tags?post=12961"}],"curies":[{"name":"wp","href":"https:\/\/api.w.org\/{rel}","templated":true}]}}