{"id":12992,"date":"2024-08-19T15:20:34","date_gmt":"2024-08-19T18:20:34","guid":{"rendered":"https:\/\/ipatingafc.com.br\/index.php\/2024\/08\/19\/agencia-minas-gerais-uai-extrema-passa-a-realizar-emissao-da-carteira-de-identificacao-da-pessoa-com-transtorno-do-espectro-autista\/"},"modified":"2024-08-19T15:20:34","modified_gmt":"2024-08-19T18:20:34","slug":"agencia-minas-gerais-uai-extrema-passa-a-realizar-emissao-da-carteira-de-identificacao-da-pessoa-com-transtorno-do-espectro-autista","status":"publish","type":"post","link":"https:\/\/ipatingafc.com.br\/index.php\/2024\/08\/19\/agencia-minas-gerais-uai-extrema-passa-a-realizar-emissao-da-carteira-de-identificacao-da-pessoa-com-transtorno-do-espectro-autista\/","title":{"rendered":"Ag\u00eancia Minas Gerais | UAI Extrema passa a realizar emiss\u00e3o da Carteira de Identifica\u00e7\u00e3o da Pessoa com Transtorno do Espectro Autista"},"content":{"rendered":"<p><\/p>\n<div>\n<section class=\"news-related \/ col-md-4 col-lg-3 \/ margin-md-bottom-2 margin-left-1 \/ pull-right \/ hidden-xs hidden-sm\">\n<header>\n<p class=\"text-title-section \/ margin-bottom-1\">Relacionadas<\/p>\n<\/header>\n<p>\t\t\t\t\t\t\t<main><\/p>\n<hr class=\"row margin-md-bottom-2\"\/>\n<hr class=\"row margin-md-bottom-2\"\/>\n<hr class=\"row margin-md-bottom-2\"\/>\n\t\t\t\t\t\t\t<\/main><br \/>\n\t\t\t\t\t\t<\/section>\n<p>A Unidade de Atendimento Integrado (UAI) Extrema, no Sul de Minas, coordenada pela Secretaria de Estado de Planejamento e Gest\u00e3o (Seplag-MG), passa a realizar a emiss\u00e3o da Carteira de Identifica\u00e7\u00e3o da Pessoa com Transtorno do Espectro Autista (Ciptea).<\/p>\n<p>Para emitir o documento, \u00e9 necess\u00e1rio agendamento pr\u00e9vio, feito gratuitamente nos canais oficiais do Governo de Minas \u2013 Portal MG, terminais de autoatendimento e aplicativo MG App.<\/p>\n<p>A Ciptea \u00e9 um documento com informa\u00e7\u00f5es de identifica\u00e7\u00e3o da pessoa com Transtorno do Espectro Autista (TEA), que cont\u00e9m seus dados e contatos do seu representante legal ou cuidador.<\/p>\n<p>Ao apresentar a Ciptea, o cidad\u00e3o tem direito a pronto atendimento e prioridade no acesso a servi\u00e7os p\u00fablicos e privados, especialmente nas \u00e1reas de sa\u00fade, educa\u00e7\u00e3o e assist\u00eancia social.<\/p>\n<p>Al\u00e9m da Ciptea, a unidade oferece outros servi\u00e7os como emiss\u00e3o de carteira de identidade, atestado de antecedentes criminais e recupera\u00e7\u00e3o de acesso \u00e0 conta Gov.br.<\/p>\n<p>A UAI Extrema est\u00e1 localizada na Avenida Vereador Jos\u00e9 Ferreira, 41 \u2013 Centro.<\/p>\n<p><strong>Solicita\u00e7\u00e3o on-line<\/strong><\/p>\n<p>Os cidad\u00e3os que possuem a Ciptea tamb\u00e9m podem solicitar a altera\u00e7\u00e3o ou a renova\u00e7\u00e3o do documento de forma on-line, pelo Portal MG Cidad\u00e3o. O login \u00e9 pela conta Gov.br, que deve ter selo de verifica\u00e7\u00e3o Prata ou Ouro para realizar o processo.<\/p>\n<p>Ao entrar no portal, basta clicar na op\u00e7\u00e3o &#8220;Desenvolvimento Social&#8221;, no menu lateral direito, e selecionar o campo &#8220;Ciptea&#8221;. O pr\u00f3ximo passo \u00e9 clicar em &#8220;Altera\u00e7\u00e3o\/Renova\u00e7\u00e3o da Ciptea&#8221; e preencher os campos com as informa\u00e7\u00f5es pessoais solicitadas.<\/p>\n<p>Na sequ\u00eancia, as informa\u00e7\u00f5es ser\u00e3o enviadas para an\u00e1lise da Secretaria de Estado de Desenvolvimento Social (Sedese-MG). O usu\u00e1rio pode acompanhar o andamento da solicita\u00e7\u00e3o no pr\u00f3prio site e ter\u00e1 um retorno em at\u00e9 dez dias \u00fateis.<\/p>\n<p>A digitaliza\u00e7\u00e3o do servi\u00e7o, promovida pela Seplag-MG, busca simplificar o processo para a popula\u00e7\u00e3o.<\/p>\n<div style=\"text-align:center\">\n<figure class=\"image\" style=\"display:inline-block\"><img loading=\"lazy\" decoding=\"async\" alt=\"\" height=\"113\" src=\"https:\/\/www.agenciaminas.mg.gov.br\/ckeditor_assets\/pictures\/21508\/content_ciptea_sedese-mg.png\" width=\"321\"\/>&#13;<figcaption><em><sub>(Sedese-MG \/ Divulga\u00e7\u00e3o)<\/sub><\/em><\/figcaption>&#13;<br \/>\n<\/figure>\n<\/div>\n<p>\u00a0<\/p>\n<\/p><\/div>\n","protected":false},"excerpt":{"rendered":"<p>Relacionadas A Unidade de Atendimento Integrado (UAI) Extrema, no Sul de Minas, coordenada pela Secretaria&#8230;<\/p>\n","protected":false},"author":2,"featured_media":0,"comment_status":"open","ping_status":"open","sticky":false,"template":"","format":"standard","meta":{"footnotes":""},"categories":[],"tags":[],"class_list":["post-12992","post","type-post","status-publish","format-standard","hentry"],"amp_enabled":true,"_links":{"self":[{"href":"https:\/\/ipatingafc.com.br\/index.php\/wp-json\/wp\/v2\/posts\/12992","targetHints":{"allow":["GET"]}}],"collection":[{"href":"https:\/\/ipatingafc.com.br\/index.php\/wp-json\/wp\/v2\/posts"}],"about":[{"href":"https:\/\/ipatingafc.com.br\/index.php\/wp-json\/wp\/v2\/types\/post"}],"author":[{"embeddable":true,"href":"https:\/\/ipatingafc.com.br\/index.php\/wp-json\/wp\/v2\/users\/2"}],"replies":[{"embeddable":true,"href":"https:\/\/ipatingafc.com.br\/index.php\/wp-json\/wp\/v2\/comments?post=12992"}],"version-history":[{"count":0,"href":"https:\/\/ipatingafc.com.br\/index.php\/wp-json\/wp\/v2\/posts\/12992\/revisions"}],"wp:attachment":[{"href":"https:\/\/ipatingafc.com.br\/index.php\/wp-json\/wp\/v2\/media?parent=12992"}],"wp:term":[{"taxonomy":"category","embeddable":true,"href":"https:\/\/ipatingafc.com.br\/index.php\/wp-json\/wp\/v2\/categories?post=12992"},{"taxonomy":"post_tag","embeddable":true,"href":"https:\/\/ipatingafc.com.br\/index.php\/wp-json\/wp\/v2\/tags?post=12992"}],"curies":[{"name":"wp","href":"https:\/\/api.w.org\/{rel}","templated":true}]}}