{"id":13009,"date":"2024-08-19T23:11:35","date_gmt":"2024-08-20T02:11:35","guid":{"rendered":"https:\/\/ipatingafc.com.br\/index.php\/2024\/08\/19\/furtos-caem-62-em-agosto\/"},"modified":"2024-08-19T23:11:35","modified_gmt":"2024-08-20T02:11:35","slug":"furtos-caem-62-em-agosto","status":"publish","type":"post","link":"https:\/\/ipatingafc.com.br\/index.php\/2024\/08\/19\/furtos-caem-62-em-agosto\/","title":{"rendered":"furtos caem 62% em agosto"},"content":{"rendered":"<p><\/p>\n<div id=\"\">&#13;<br \/>\n                                <!-- Title -->&#13;<br \/>\n                                &#13;<br \/>\n&#13;<br \/>\n                                <!-- Excerpt -->&#13;<\/p>\n<p class=\"excerpt\">Monitoramento na regi\u00e3o do fluxo foi realizado entre os dias 5 e 11 deste m\u00eas; roubos ca\u00edram 59% no per\u00edodo<\/p>\n<p>&#13;<br \/>\n&#13;<br \/>\n                                &#13;\n                            <\/p><\/div>\n<div id=\"\">&#13;<\/p>\n<figure id=\"attachment_5935534\" style=\"width: 100%;max-width: 1024px\" class=\"wp-caption alignnone\"><img decoding=\"async\" loading=\"lazy\" class=\"wp-image-5935534 size-large\" src=\"https:\/\/www.saopaulo.sp.gov.br\/wp-content\/uploads\/2024\/08\/00055914-1024x553.jpeg\" alt=\"\" width=\"1024\" height=\"553\" srcset=\"https:\/\/www.saopaulo.sp.gov.br\/wp-content\/uploads\/2024\/08\/00055914-1024x553.jpeg 1024w, https:\/\/www.saopaulo.sp.gov.br\/wp-content\/uploads\/2024\/08\/00055914-300x162.jpeg 300w, https:\/\/www.saopaulo.sp.gov.br\/wp-content\/uploads\/2024\/08\/00055914-768x415.jpeg 768w, https:\/\/www.saopaulo.sp.gov.br\/wp-content\/uploads\/2024\/08\/00055914-1536x829.jpeg 1536w, https:\/\/www.saopaulo.sp.gov.br\/wp-content\/uploads\/2024\/08\/00055914.jpeg 1600w\" sizes=\"auto, (max-width: 1024px) 100vw, 1024px\"\/><figcaption class=\"wp-caption-text\">Pol\u00edcia na regi\u00e3o central de SP<\/figcaption><\/figure>\n<p>Os furtos em geral registraram uma queda hist\u00f3rica na an\u00e1lise semanal realizada na \u00e1rea das cenas abertas de uso, que inclui os dados criminais registrados no 3\u00ba (Campos El\u00edseos) e 77\u00ba (Santa Cec\u00edlia) Distrito Policial, na \u00e1rea central de S\u00e3o Paulo.<\/p>\n<p>Entre os dias 5 e 11 de agosto, a regi\u00e3o registrou 110 furtos, queda de 62% em rela\u00e7\u00e3o aos 291 registrados no mesmo per\u00edodo do ano passado. A marca foi a menor registrada desde o in\u00edcio do monitoramento, em abril de 2023.<\/p>\n<p>Os roubos tamb\u00e9m tiveram baixa, de 59%. O n\u00famero passou de 121 para 50 ocorr\u00eancias no comparativo. Em 2022, foram 112 delitos no per\u00edodo, queda de 55% com a quantidade atual.<\/p>\n<h2>Mais foragidos presos<\/h2>\n<p>O n\u00famero de procurados pela Justi\u00e7a que s\u00e3o capturados na regi\u00e3o e entorno do fluxo tamb\u00e9m aumentou durante o ano. De janeiro a junho, foram 871 capturados na \u00e1rea do 3\u00ba e 77\u00ba DP, 63% a mais do que no acumulado do ano passado.<\/p>\n<p>Em rela\u00e7\u00e3o ao primeiro semestre de 2022, o n\u00famero mais que dobrou, registrando alta de 105% (424).<\/p>\n<p>A quantidade de pris\u00f5es ou apreens\u00f5es de infratores, seja em flagrante ou por mandado, tamb\u00e9m dobrou no per\u00edodo. Neste ano, foram 407 detidos ante 167 do ano passado.<\/p>\n<p>Em toda a regi\u00e3o central, o n\u00famero de pessoas presas ou apreendidas chegou a 3,8 mil no semestre, 15% a mais no comparativo.<\/p>\n<h2>Monitoramento das cenas abertas<\/h2>\n<p>A regi\u00e3o das cenas abertas de uso \u00e9 monitorada desde abril do ano passado, quando passou a apresentar um diagn\u00f3stico semanal sobre a criminalidade no centro, abrangendo principalmente os bairros Santa Cec\u00edlia e Campos El\u00edseos, na \u00e1rea do fluxo.<\/p>\n<p>A atual gest\u00e3o tem intensificado os trabalhos na regi\u00e3o, tanto para aumentar a seguran\u00e7a da popula\u00e7\u00e3o, quanto para recuperar a \u00e1rea que costumava ser o cart\u00e3o postal da cidade.<\/p>\n<p>Dentre as medidas implementadas para devolver o centro \u00e0 popula\u00e7\u00e3o est\u00e3o o investimento em tecnologia, sistema de intelig\u00eancia e o refor\u00e7o do efetivo que ganhou mais 400 policiais militares na regi\u00e3o central neste ano.<\/p>\n<p>H\u00e1, ainda, mais de 1,3 mil vagas disponibilizadas para PMs pela Atividade Delegada, al\u00e9m de opera\u00e7\u00f5es policiais como a Resgate e AC35, da Pol\u00edcia Civil, e inaugura\u00e7\u00f5es de unidades da PM.<\/p>\n<\/p><\/div>\n","protected":false},"excerpt":{"rendered":"<p>&#13; &#13; &#13; &#13; &#13; Monitoramento na regi\u00e3o do fluxo foi realizado entre os dias&#8230;<\/p>\n","protected":false},"author":2,"featured_media":0,"comment_status":"open","ping_status":"open","sticky":false,"template":"","format":"standard","meta":{"footnotes":""},"categories":[],"tags":[],"class_list":["post-13009","post","type-post","status-publish","format-standard","hentry"],"amp_enabled":true,"_links":{"self":[{"href":"https:\/\/ipatingafc.com.br\/index.php\/wp-json\/wp\/v2\/posts\/13009","targetHints":{"allow":["GET"]}}],"collection":[{"href":"https:\/\/ipatingafc.com.br\/index.php\/wp-json\/wp\/v2\/posts"}],"about":[{"href":"https:\/\/ipatingafc.com.br\/index.php\/wp-json\/wp\/v2\/types\/post"}],"author":[{"embeddable":true,"href":"https:\/\/ipatingafc.com.br\/index.php\/wp-json\/wp\/v2\/users\/2"}],"replies":[{"embeddable":true,"href":"https:\/\/ipatingafc.com.br\/index.php\/wp-json\/wp\/v2\/comments?post=13009"}],"version-history":[{"count":0,"href":"https:\/\/ipatingafc.com.br\/index.php\/wp-json\/wp\/v2\/posts\/13009\/revisions"}],"wp:attachment":[{"href":"https:\/\/ipatingafc.com.br\/index.php\/wp-json\/wp\/v2\/media?parent=13009"}],"wp:term":[{"taxonomy":"category","embeddable":true,"href":"https:\/\/ipatingafc.com.br\/index.php\/wp-json\/wp\/v2\/categories?post=13009"},{"taxonomy":"post_tag","embeddable":true,"href":"https:\/\/ipatingafc.com.br\/index.php\/wp-json\/wp\/v2\/tags?post=13009"}],"curies":[{"name":"wp","href":"https:\/\/api.w.org\/{rel}","templated":true}]}}