{"id":13098,"date":"2024-08-22T11:30:49","date_gmt":"2024-08-22T14:30:49","guid":{"rendered":"https:\/\/ipatingafc.com.br\/index.php\/2024\/08\/22\/agencia-minas-gerais-controladoria-geral-do-estado-de-minas-gerais-prorroga-prazo-de-edital-para-compor-conselho-de-transparencia-e-combate-a-corrupcao\/"},"modified":"2024-08-22T11:30:49","modified_gmt":"2024-08-22T14:30:49","slug":"agencia-minas-gerais-controladoria-geral-do-estado-de-minas-gerais-prorroga-prazo-de-edital-para-compor-conselho-de-transparencia-e-combate-a-corrupcao","status":"publish","type":"post","link":"https:\/\/ipatingafc.com.br\/index.php\/2024\/08\/22\/agencia-minas-gerais-controladoria-geral-do-estado-de-minas-gerais-prorroga-prazo-de-edital-para-compor-conselho-de-transparencia-e-combate-a-corrupcao\/","title":{"rendered":"Ag\u00eancia Minas Gerais | Controladoria-Geral do Estado de Minas Gerais prorroga prazo de edital para compor Conselho de Transpar\u00eancia e Combate \u00e0 Corrup\u00e7\u00e3o\u00a0"},"content":{"rendered":"<p><\/p>\n<div>\n<p>Docentes de n\u00edvel superior e pesquisadores t\u00eam at\u00e9 dia 2\/9 para se inscreverem em edital para integrar o Conselho de Transpar\u00eancia e Combate \u00e0 Corrup\u00e7\u00e3o do Poder Executivo do Estado de Minas Gerais.\u00a0<\/p>\n<p>A Controladoria-Geral do Estado de Minas Gerais (CGE-MG) prorrogou o prazo de inscri\u00e7\u00e3o do edital que visa preencher uma vaga de titular e duas vagas de suplentes para representantes da \u00e1rea acad\u00eamica integrarem o Conselho de Transpar\u00eancia P\u00fablica e Combate \u00e0 Corrup\u00e7\u00e3o (CTCC).<\/p>\n<p>Podem participar do processo seletivo profissionais docentes de n\u00edvel superior e pesquisadores que possuam publica\u00e7\u00f5es e pesquisas nas tem\u00e1ticas de preven\u00e7\u00e3o e combate \u00e0 corrup\u00e7\u00e3o, transpar\u00eancia e acesso \u00e0 informa\u00e7\u00e3o p\u00fablica; integridade e \u00e9tica nos setores p\u00fablico e privado ou controle social para acompanhamento e fiscaliza\u00e7\u00e3o da aplica\u00e7\u00e3o dos recursos p\u00fablicos.<\/p>\n<p>As inscri\u00e7\u00f5es devem ser realizadas at\u00e9 o dia 2\/9\/2024, por meio do preenchimento de formul\u00e1rios espec\u00edficos e do envio de documentos comprobat\u00f3rios.\u00a0<\/p>\n<p>A participa\u00e7\u00e3o no conselho \u00e9 considerada presta\u00e7\u00e3o de servi\u00e7o p\u00fablico relevante e n\u00e3o constitui atividade remunerada.<\/p>\n<p>Em caso de d\u00favidas, o participante poder\u00e1 entrar em contato por meio do seguinte endere\u00e7o eletr\u00f4nico: conselho.transparencia@cge.mg.gov.br.<\/p>\n<p>Para mais informa\u00e7\u00f5es, consulte o edital e o formul\u00e1rio de inscri\u00e7\u00f5es dispon\u00edveis abaixo:<\/p>\n<p>\u2022 Edital CTCC \u2013 01\/2024<\/p>\n<p>\u2022 Prorroga\u00e7\u00e3o Edital CTCC \u2013 01\/2024<\/p>\n<p>\u2022 Anexo II \u2013 Formul\u00e1rio de inscri\u00e7\u00e3o<\/p>\n<p><strong>Conselho<\/strong><\/p>\n<p>O Conselho de Transpar\u00eancia e Combate \u00e0 Corrup\u00e7\u00e3o foi institu\u00eddo pelo Decreto Estadual n\u00ba 47.674\/19 e tem como objetivo principal debater e propor medidas que fomentem melhorias na transpar\u00eancia das informa\u00e7\u00f5es p\u00fablicas, de integridade e combate \u00e0 impunidade nos \u00f3rg\u00e3os p\u00fablicos, medidas de controle social e fiscaliza\u00e7\u00e3o da aplica\u00e7\u00e3o dos recursos p\u00fablicos.<br \/>&#13;<br \/>\n\u00a0<\/p>\n<\/p><\/div>\n","protected":false},"excerpt":{"rendered":"<p>Docentes de n\u00edvel superior e pesquisadores t\u00eam at\u00e9 dia 2\/9 para se inscreverem em edital&#8230;<\/p>\n","protected":false},"author":2,"featured_media":0,"comment_status":"open","ping_status":"open","sticky":false,"template":"","format":"standard","meta":{"footnotes":""},"categories":[],"tags":[],"class_list":["post-13098","post","type-post","status-publish","format-standard","hentry"],"amp_enabled":true,"_links":{"self":[{"href":"https:\/\/ipatingafc.com.br\/index.php\/wp-json\/wp\/v2\/posts\/13098","targetHints":{"allow":["GET"]}}],"collection":[{"href":"https:\/\/ipatingafc.com.br\/index.php\/wp-json\/wp\/v2\/posts"}],"about":[{"href":"https:\/\/ipatingafc.com.br\/index.php\/wp-json\/wp\/v2\/types\/post"}],"author":[{"embeddable":true,"href":"https:\/\/ipatingafc.com.br\/index.php\/wp-json\/wp\/v2\/users\/2"}],"replies":[{"embeddable":true,"href":"https:\/\/ipatingafc.com.br\/index.php\/wp-json\/wp\/v2\/comments?post=13098"}],"version-history":[{"count":0,"href":"https:\/\/ipatingafc.com.br\/index.php\/wp-json\/wp\/v2\/posts\/13098\/revisions"}],"wp:attachment":[{"href":"https:\/\/ipatingafc.com.br\/index.php\/wp-json\/wp\/v2\/media?parent=13098"}],"wp:term":[{"taxonomy":"category","embeddable":true,"href":"https:\/\/ipatingafc.com.br\/index.php\/wp-json\/wp\/v2\/categories?post=13098"},{"taxonomy":"post_tag","embeddable":true,"href":"https:\/\/ipatingafc.com.br\/index.php\/wp-json\/wp\/v2\/tags?post=13098"}],"curies":[{"name":"wp","href":"https:\/\/api.w.org\/{rel}","templated":true}]}}