{"id":13165,"date":"2024-08-26T03:19:42","date_gmt":"2024-08-26T06:19:42","guid":{"rendered":"https:\/\/ipatingafc.com.br\/index.php\/2024\/08\/26\/agencia-minas-gerais-policia-militar-e-unimontes-realizam-aula-magna-do-mestrado-profissional-em-ciencias-policiais-e-tecnologias-inovadoras\/"},"modified":"2024-08-26T03:19:42","modified_gmt":"2024-08-26T06:19:42","slug":"agencia-minas-gerais-policia-militar-e-unimontes-realizam-aula-magna-do-mestrado-profissional-em-ciencias-policiais-e-tecnologias-inovadoras","status":"publish","type":"post","link":"https:\/\/ipatingafc.com.br\/index.php\/2024\/08\/26\/agencia-minas-gerais-policia-militar-e-unimontes-realizam-aula-magna-do-mestrado-profissional-em-ciencias-policiais-e-tecnologias-inovadoras\/","title":{"rendered":"Ag\u00eancia Minas Gerais | Pol\u00edcia Militar e Unimontes realizam aula magna do Mestrado Profissional em Ci\u00eancias Policiais e Tecnologias Inovadoras\u00a0"},"content":{"rendered":"<p><\/p>\n<div>\n<p>Com o objetivo de promover o desenvolvimento profissional cont\u00ednuo dos\u00a0policiais militares, a Pol\u00edcia Militar de Minas Gerais (PMMG), por meio do Centro de Pesquisa e P\u00f3s-Gradua\u00e7\u00e3o (CPP), da Academia de Pol\u00edcia Militar (APM), e a Universidade Estadual de Montes Claros (Unimontes), realizaram nessa segunda-feira (19\/4), na sede da APM, em Belo Horizonte, a aula magna inaugural do Mestrado Profissional em Ci\u00eancias Policiais e Tecnologias Inovadoras 2024.<\/p>\n<p>Primeiro curso de Mestrado Stricto Sensu das institui\u00e7\u00f5es militares do Brasil, aprovado pela Coordena\u00e7\u00e3o de Aperfei\u00e7oamento de Pessoal de N\u00edvel Superior (Capes), a iniciativa integra o Pano Estrat\u00e9gico 2024-2027 da PMMG. \u00a0<\/p>\n<p>De acordo com o tenente-coronel Anderson Bima Celante,\u00a0 chefe do CPP, no contexto hist\u00f3rico de evolu\u00e7\u00e3o acad\u00eamica da Pol\u00edcia Militar de Minas Gerais, o in\u00edcio do mestrado consolida, ainda mais, a Academia de Pol\u00edcia Militar como Institui\u00e7\u00e3o de Ensino Superior, conciliando as boas pr\u00e1ticas educacionais com a forma\u00e7\u00e3o policial militar.<\/p>\n<p>\u201cN\u00e3o foram a\u00e7\u00f5es isoladas e sim um conjunto de esfor\u00e7os conjugados, alinhados, entrela\u00e7ados, constru\u00eddo ao longo dos \u00faltimos 18 anos e que se concretizam no solo do Prado Mineiro, demonstrando a evolu\u00e7\u00e3o do ensino na PMMG, que culmina na primeira Institui\u00e7\u00e3o militar estadual a ter um curso de p\u00f3s-gradua\u00e7\u00e3o stricto sensu aprovado pela Capes, o que eleva cada vez mais o prest\u00edgio da Pol\u00edcia Militar, n\u00e3o s\u00f3 pelas a\u00e7\u00f5es operacionais, j\u00e1 reconhecidas em todo o territ\u00f3rio brasileiro, mas agora em \u00e2mbito acad\u00eamico nacional\u201d, destacou.<\/p>\n<p>\u00a0<\/p>\n<\/p><\/div>\n","protected":false},"excerpt":{"rendered":"<p>Com o objetivo de promover o desenvolvimento profissional cont\u00ednuo dos\u00a0policiais militares, a Pol\u00edcia Militar de&#8230;<\/p>\n","protected":false},"author":2,"featured_media":0,"comment_status":"open","ping_status":"open","sticky":false,"template":"","format":"standard","meta":{"footnotes":""},"categories":[],"tags":[],"class_list":["post-13165","post","type-post","status-publish","format-standard","hentry"],"amp_enabled":true,"_links":{"self":[{"href":"https:\/\/ipatingafc.com.br\/index.php\/wp-json\/wp\/v2\/posts\/13165","targetHints":{"allow":["GET"]}}],"collection":[{"href":"https:\/\/ipatingafc.com.br\/index.php\/wp-json\/wp\/v2\/posts"}],"about":[{"href":"https:\/\/ipatingafc.com.br\/index.php\/wp-json\/wp\/v2\/types\/post"}],"author":[{"embeddable":true,"href":"https:\/\/ipatingafc.com.br\/index.php\/wp-json\/wp\/v2\/users\/2"}],"replies":[{"embeddable":true,"href":"https:\/\/ipatingafc.com.br\/index.php\/wp-json\/wp\/v2\/comments?post=13165"}],"version-history":[{"count":0,"href":"https:\/\/ipatingafc.com.br\/index.php\/wp-json\/wp\/v2\/posts\/13165\/revisions"}],"wp:attachment":[{"href":"https:\/\/ipatingafc.com.br\/index.php\/wp-json\/wp\/v2\/media?parent=13165"}],"wp:term":[{"taxonomy":"category","embeddable":true,"href":"https:\/\/ipatingafc.com.br\/index.php\/wp-json\/wp\/v2\/categories?post=13165"},{"taxonomy":"post_tag","embeddable":true,"href":"https:\/\/ipatingafc.com.br\/index.php\/wp-json\/wp\/v2\/tags?post=13165"}],"curies":[{"name":"wp","href":"https:\/\/api.w.org\/{rel}","templated":true}]}}