{"id":13204,"date":"2024-08-27T04:25:48","date_gmt":"2024-08-27T07:25:48","guid":{"rendered":"https:\/\/ipatingafc.com.br\/index.php\/2024\/08\/27\/agencia-minas-gerais-policia-militar-reforca-combate-aos-incendios-florestais-em-operacao-verde-minas\/"},"modified":"2024-08-27T04:25:48","modified_gmt":"2024-08-27T07:25:48","slug":"agencia-minas-gerais-policia-militar-reforca-combate-aos-incendios-florestais-em-operacao-verde-minas","status":"publish","type":"post","link":"https:\/\/ipatingafc.com.br\/index.php\/2024\/08\/27\/agencia-minas-gerais-policia-militar-reforca-combate-aos-incendios-florestais-em-operacao-verde-minas\/","title":{"rendered":"Ag\u00eancia Minas Gerais | Pol\u00edcia Militar refor\u00e7a combate aos inc\u00eandios florestais em Opera\u00e7\u00e3o Verde Minas"},"content":{"rendered":"<p><\/p>\n<div>\n<section class=\"news-related \/ col-md-4 col-lg-3 \/ margin-md-bottom-2 margin-left-1 \/ pull-right \/ hidden-xs hidden-sm\">\n<header>\n<p class=\"text-title-section \/ margin-bottom-1\">Relacionadas<\/p>\n<\/header>\n<p>\t\t\t\t\t\t\t<main><\/p>\n<hr class=\"row margin-md-bottom-2\"\/>\n<hr class=\"row margin-md-bottom-2\"\/>\n\t\t\t\t\t\t\t<\/main><br \/>\n\t\t\t\t\t\t<\/section>\n<p>Desde o in\u00edcio do m\u00eas de agosto, o Governo de Minas realiza uma opera\u00e7\u00e3o em unidades de conserva\u00e7\u00e3o, esta\u00e7\u00f5es e parques ecol\u00f3gicos, reservas ambientais, entre outros espa\u00e7os, para coibir inc\u00eandios.<\/p>\n<p>A Opera\u00e7\u00e3o Verde Minas re\u00fane aproximadamente 900 policiais do Batalh\u00e3o de Pol\u00edcia Militar de Meio Ambiente (BPM Mamb), da Pol\u00edcia Militar de Minas Gerais (PMMG) nas a\u00e7\u00f5es de preserva\u00e7\u00e3o ao meio ambiente, em que os militares contam com o apoio de equipamentos como drones, sistemas de monitoramento remoto, al\u00e9m de outras tecnologias.<\/p>\n<p>A opera\u00e7\u00e3o tamb\u00e9m envolve agentes da Coordenadoria Estadual de Defesa Civil (Cedec), da Secretaria de Estado de Meio Ambiente e Desenvolvimento Sustent\u00e1vel (Semad)\u00a0e do Instituto Estadual de Florestas (IEF).<\/p>\n<p>De acordo com o chefe da Se\u00e7\u00e3o de Planejamento e Opera\u00e7\u00f5es do BPM Mamb, capit\u00e3o Adenilson Brito Ferreira, al\u00e9m das a\u00e7\u00f5es repressivas, foram intensificadas as a\u00e7\u00f5es educativas com o objetivo de promover a conscientiza\u00e7\u00e3o sobre os riscos e danos decorrentes dos inc\u00eandios florestais e das queimadas irregulares em \u00e1reas urbanas e rurais.<\/p>\n<p>\u201c\u00c9 importante salientar que o uso irregular do fogo \u00e9 pass\u00edvel de responsabiliza\u00e7\u00e3o administrativa, civil e criminal, conforme definido no C\u00f3digo Florestal\u201d, destaca ele, ao citar que, criminalmente, a conduta est\u00e1 especificada no artigo 41 da Lei 9.605\/98 (Lei dos Crimes ambientais).<\/p>\n<p>Na esfera c\u00edvel, a pessoa que provocar inc\u00eandios de forma dolosa ou culposa pode ser penalizada com repara\u00e7\u00e3o pelos danos ocasionados. J\u00e1 na esfera administrativa, a pr\u00e1tica de provocar inc\u00eandio\u00a0 \u00e9 classificada como grav\u00edssima, podendo o autor ser multado em valores que podem chegar a R$ 5 mil por hectare ou fra\u00e7\u00e3o queimada, dependendo do bioma.<\/p>\n<p>&#8220;Tamb\u00e9m administrativamente, em \u00e2mbito municipal, a queima de lixo, fato muito corriqueiro realizado pelas pessoas e que pode provocar inc\u00eandios, \u00e9 vedada pelo C\u00f3digo de Conduta dos munic\u00edpios, podendo haver autua\u00e7\u00e3o com multa&#8221;, lembra o capit\u00e3o Adenilson Brito Ferreira.\u00a0\u00a0\u00a0<\/p>\n<p>A PMMG orienta a popula\u00e7\u00e3o que acione a institui\u00e7\u00e3o, via 190, caso observe algum indiv\u00edduo colocando fogo em florestas ou demais formas de vegeta\u00e7\u00e3o.<\/p>\n<p><strong>Dicas de preven\u00e7\u00e3o a inc\u00eandios florestais<\/strong><\/p>\n<p>&#13;<br \/>\n&#8211; N\u00e3o jogue\u00a0 f\u00f3sforos ou guimbas de cigarros acesos pelas janelas de ve\u00edculo ou no ch\u00e3o em \u00e1reas rurais ou \u00e0s margens das rodovias;<\/p>\n<p>&#8211; Descarte o lixo de forma adequada, nunca queimando-o;<\/p>\n<p>&#8211; Ap\u00f3s utilizar a fogueira durante um acampamento, apague-a com \u00e1gua e terra;<\/p>\n<p>&#8211; Mantenha sua propriedade limpa e com aceiros para evitar a propaga\u00e7\u00e3o das chamas em um eventual inc\u00eandio em vegeta\u00e7\u00e3o;<\/p>\n<p>&#8211; Ao utilizar m\u00e1quinas e equipamentos que produzem fa\u00edscas, como ro\u00e7adeiras e motosserras, tome precau\u00e7\u00f5es extras, especialmente em dias secos e quentes;<\/p>\n<p>&#8211; Para realiza\u00e7\u00e3o de queimadas, solicite autoriza\u00e7\u00e3o do IEF.<\/p>\n<\/p><\/div>\n","protected":false},"excerpt":{"rendered":"<p>Relacionadas Desde o in\u00edcio do m\u00eas de agosto, o Governo de Minas realiza uma opera\u00e7\u00e3o&#8230;<\/p>\n","protected":false},"author":2,"featured_media":0,"comment_status":"open","ping_status":"open","sticky":false,"template":"","format":"standard","meta":{"footnotes":""},"categories":[],"tags":[],"class_list":["post-13204","post","type-post","status-publish","format-standard","hentry"],"amp_enabled":true,"_links":{"self":[{"href":"https:\/\/ipatingafc.com.br\/index.php\/wp-json\/wp\/v2\/posts\/13204","targetHints":{"allow":["GET"]}}],"collection":[{"href":"https:\/\/ipatingafc.com.br\/index.php\/wp-json\/wp\/v2\/posts"}],"about":[{"href":"https:\/\/ipatingafc.com.br\/index.php\/wp-json\/wp\/v2\/types\/post"}],"author":[{"embeddable":true,"href":"https:\/\/ipatingafc.com.br\/index.php\/wp-json\/wp\/v2\/users\/2"}],"replies":[{"embeddable":true,"href":"https:\/\/ipatingafc.com.br\/index.php\/wp-json\/wp\/v2\/comments?post=13204"}],"version-history":[{"count":0,"href":"https:\/\/ipatingafc.com.br\/index.php\/wp-json\/wp\/v2\/posts\/13204\/revisions"}],"wp:attachment":[{"href":"https:\/\/ipatingafc.com.br\/index.php\/wp-json\/wp\/v2\/media?parent=13204"}],"wp:term":[{"taxonomy":"category","embeddable":true,"href":"https:\/\/ipatingafc.com.br\/index.php\/wp-json\/wp\/v2\/categories?post=13204"},{"taxonomy":"post_tag","embeddable":true,"href":"https:\/\/ipatingafc.com.br\/index.php\/wp-json\/wp\/v2\/tags?post=13204"}],"curies":[{"name":"wp","href":"https:\/\/api.w.org\/{rel}","templated":true}]}}