{"id":13247,"date":"2024-08-27T23:15:39","date_gmt":"2024-08-28T02:15:39","guid":{"rendered":"https:\/\/ipatingafc.com.br\/index.php\/2024\/08\/27\/agencia-minas-gerais-presidio-de-itajuba-e-apae-firmam-parceria-para-beneficiar-criancas-atendidas-pela-instituicao\/"},"modified":"2024-08-27T23:15:39","modified_gmt":"2024-08-28T02:15:39","slug":"agencia-minas-gerais-presidio-de-itajuba-e-apae-firmam-parceria-para-beneficiar-criancas-atendidas-pela-instituicao","status":"publish","type":"post","link":"https:\/\/ipatingafc.com.br\/index.php\/2024\/08\/27\/agencia-minas-gerais-presidio-de-itajuba-e-apae-firmam-parceria-para-beneficiar-criancas-atendidas-pela-instituicao\/","title":{"rendered":"Ag\u00eancia Minas Gerais | Pres\u00eddio de Itajub\u00e1 e Apae firmam parceria para beneficiar crian\u00e7as atendidas pela institui\u00e7\u00e3o"},"content":{"rendered":"<p><\/p>\n<div>\n<section class=\"news-related \/ col-md-4 col-lg-3 \/ margin-md-bottom-2 margin-left-1 \/ pull-right \/ hidden-xs hidden-sm\">\n<header>\n<p class=\"text-title-section \/ margin-bottom-1\">Relacionadas<\/p>\n<\/header>\n<p>\t\t\t\t\t\t\t<main><\/p>\n<hr class=\"row margin-md-bottom-2\"\/>\n\t\t\t\t\t\t\t<\/main><br \/>\n\t\t\t\t\t\t<\/section>\n<p>As iniciativas que promovem a ressocializa\u00e7\u00e3o por meio do aprendizado de um of\u00edcio podem beneficiar n\u00e3o apenas os detentos, mas tamb\u00e9m a comunidade. Em Itajub\u00e1, no Sul de Minas, produtos fabricados na unidade prisional local t\u00eam sido de grande import\u00e2ncia para a Associa\u00e7\u00e3o de Pais e Amigos dos Excepcionais (Apae), que os utilizam nas atividades terap\u00eauticas realizadas com as crian\u00e7as.<\/p>\n<p>A partir de materiais arrecadados por meio de institui\u00e7\u00f5es parceiras do Pres\u00eddio de Itajub\u00e1, os indiv\u00edduos em reclus\u00e3o confeccionam uma variedade de artigos destinados \u00e0 Apae.<\/p>\n<p>Um exemplo s\u00e3o os mobili\u00e1rios de PVC, que s\u00e3o usados nas sess\u00f5es de fisioterapia e ajudam a estimular o desenvolvimento da coordena\u00e7\u00e3o motora grossa, do equil\u00edbrio e de outras habilidades relacionadas \u00e0s fun\u00e7\u00f5es neuropsicomotoras.<\/p>\n<p>Al\u00e9m da fabrica\u00e7\u00e3o dos mobili\u00e1rios adaptados para fisioterapia, a unidade tamb\u00e9m contribui, por meio do projeto \u201cBoneca de Pano\u201d, com as fam\u00edlias terap\u00eauticas.<\/p>\n<p>Esses grupos de bonecos s\u00e3o confeccionados para representar as pessoas presentes no cotidiano das crian\u00e7as e auxiliam na familiariza\u00e7\u00e3o com as rela\u00e7\u00f5es sociais, seja com a fam\u00edlia, a escola ou a comunidade.<\/p>\n<p>Os detentos do Pres\u00eddio de Itajub\u00e1 tamb\u00e9m s\u00e3o respons\u00e1veis pelos reparos nas cadeiras de rodas usadas pela institui\u00e7\u00e3o. A Apae fornece os materiais necess\u00e1rios para a manuten\u00e7\u00e3o das cadeiras, enquanto a unidade prisional oferece a m\u00e3o de obra.<\/p>\n<p>E a parceria, inclusive, vai al\u00e9m desses tr\u00eas projetos que s\u00e3o bem espec\u00edficos e relacionados com as necessidades da Apae.<\/p>\n<p>A institui\u00e7\u00e3o tamb\u00e9m \u00e9 beneficiada por outras iniciativas da unidade, como a Horta Solid\u00e1ria &#8211; recebendo alimentos frescos da horta do pres\u00eddio &#8211; o Recicla Pet e a F\u00e1brica da Alegria que, de acordo com o diretor-geral do Pres\u00eddio de Itajub\u00e1, Marcelo Castro, ser\u00e1 o projeto respons\u00e1vel pelo envio de diversos brinquedos e jogos para a institui\u00e7\u00e3o.<\/p>\n<p><strong>Conectando oportunidades<\/strong><\/p>\n<p>Marcelo Castro destaca que a parceria com a Apae surgiu como uma forma de conectar a comunidade itajubense com a unidade prisional e oferecer aos detentos a oportunidade de preencher de forma produtiva o tempo dispon\u00edvel.<\/p>\n<p>Atualmente, h\u00e1 23 indiv\u00edduos mobilizados em projetos que, al\u00e9m de beneficiar diretamente a institui\u00e7\u00e3o, ensinam um novo of\u00edcio aos detentos e contribuem para a redu\u00e7\u00e3o da pena.<\/p>\n<p>Ele ressalta que a parceria representa um avan\u00e7o significativo na aproxima\u00e7\u00e3o com a comunidade, fundamental para restabelecer o v\u00ednculo do indiv\u00edduo em reclus\u00e3o com a sociedade.<\/p>\n<p>\u201cOs projetos sociais realizados na unidade devolvem o indiv\u00edduo privado de liberdade ao seu lugar dentro da sociedade, mostrando que existe uma forma positiva de restabelecer esse conv\u00edvio, al\u00e9m de cooperar com a manuten\u00e7\u00e3o de institui\u00e7\u00f5es de alto valor para a comunidade\u201d, afirma o diretor-geral do pres\u00eddio.<\/p>\n<p>Para a Apae, a parceria \u00e9 motivo de grande alegria, pois os materiais confeccionados no Pres\u00eddio de Itajub\u00e1 ampliaram as possibilidades de tratamento dos atendidos.<\/p>\n<p>Ana Paula Cardoso, coordenadora do setor de reabilita\u00e7\u00e3o da institui\u00e7\u00e3o, acredita que a parceria gera benef\u00edcios para ambos os lados.<\/p>\n<p>\u201cEsse projeto \u00e9 uma oportunidade de crescimento pessoal, profissional e social para os detentos, promovendo um novo olhar ao pr\u00f3ximo, um respeito \u00e0 diversidade e a possibilidade de restaurar a dignidade humana\u201d, conclui.<\/p>\n<\/p><\/div>\n","protected":false},"excerpt":{"rendered":"<p>Relacionadas As iniciativas que promovem a ressocializa\u00e7\u00e3o por meio do aprendizado de um of\u00edcio podem&#8230;<\/p>\n","protected":false},"author":2,"featured_media":0,"comment_status":"open","ping_status":"open","sticky":false,"template":"","format":"standard","meta":{"footnotes":""},"categories":[],"tags":[],"class_list":["post-13247","post","type-post","status-publish","format-standard","hentry"],"amp_enabled":true,"_links":{"self":[{"href":"https:\/\/ipatingafc.com.br\/index.php\/wp-json\/wp\/v2\/posts\/13247","targetHints":{"allow":["GET"]}}],"collection":[{"href":"https:\/\/ipatingafc.com.br\/index.php\/wp-json\/wp\/v2\/posts"}],"about":[{"href":"https:\/\/ipatingafc.com.br\/index.php\/wp-json\/wp\/v2\/types\/post"}],"author":[{"embeddable":true,"href":"https:\/\/ipatingafc.com.br\/index.php\/wp-json\/wp\/v2\/users\/2"}],"replies":[{"embeddable":true,"href":"https:\/\/ipatingafc.com.br\/index.php\/wp-json\/wp\/v2\/comments?post=13247"}],"version-history":[{"count":0,"href":"https:\/\/ipatingafc.com.br\/index.php\/wp-json\/wp\/v2\/posts\/13247\/revisions"}],"wp:attachment":[{"href":"https:\/\/ipatingafc.com.br\/index.php\/wp-json\/wp\/v2\/media?parent=13247"}],"wp:term":[{"taxonomy":"category","embeddable":true,"href":"https:\/\/ipatingafc.com.br\/index.php\/wp-json\/wp\/v2\/categories?post=13247"},{"taxonomy":"post_tag","embeddable":true,"href":"https:\/\/ipatingafc.com.br\/index.php\/wp-json\/wp\/v2\/tags?post=13247"}],"curies":[{"name":"wp","href":"https:\/\/api.w.org\/{rel}","templated":true}]}}