{"id":13351,"date":"2024-08-30T20:15:26","date_gmt":"2024-08-30T23:15:26","guid":{"rendered":"https:\/\/ipatingafc.com.br\/index.php\/2024\/08\/30\/agencia-minas-gerais-governo-de-minas-vai-destinar-r-20-milhoes-para-equipar-hospital-universitario-em-uberlandia\/"},"modified":"2024-08-30T20:15:26","modified_gmt":"2024-08-30T23:15:26","slug":"agencia-minas-gerais-governo-de-minas-vai-destinar-r-20-milhoes-para-equipar-hospital-universitario-em-uberlandia","status":"publish","type":"post","link":"https:\/\/ipatingafc.com.br\/index.php\/2024\/08\/30\/agencia-minas-gerais-governo-de-minas-vai-destinar-r-20-milhoes-para-equipar-hospital-universitario-em-uberlandia\/","title":{"rendered":"Ag\u00eancia Minas Gerais | Governo de Minas vai destinar R$ 20 milh\u00f5es para equipar Hospital Universit\u00e1rio em Uberl\u00e2ndia"},"content":{"rendered":"<p><\/p>\n<div>\n<section class=\"news-related \/ col-md-4 col-lg-3 \/ margin-md-bottom-2 margin-left-1 \/ pull-right \/ hidden-xs hidden-sm\">\n<header>\n<p class=\"text-title-section \/ margin-bottom-1\">Relacionadas<\/p>\n<\/header>\n<p>\t\t\t\t\t\t\t<main><\/p>\n<hr class=\"row margin-md-bottom-2\"\/>\n\t\t\t\t\t\t\t<\/main><br \/>\n\t\t\t\t\t\t<\/section>\n<p>O governador Romeu Zema anunciou a destina\u00e7\u00e3o de R$ 20 milh\u00f5es de reais para a melhoria do Hospital Universit\u00e1rio da Universidade Federal de Uberl\u00e2ndia (UFU), nesta sexta-feira (30\/8), durante entrevista coletiva na cidade do Tri\u00e2ngulo Mineiro.<\/p>\n<p>O acordo faz parte do esfor\u00e7o do Governo de Minas de atuar em conjunto com o Minist\u00e9rio da Educa\u00e7\u00e3o no fortalecimento dos hospitais universit\u00e1rios do estado, e o valor ser\u00e1 usado para a compra dos equipamentos da unidade.<br \/>&#13;<br \/>\n\u00a0<\/p>\n<table align=\"center\" border=\"0\" cellpadding=\"1\" cellspacing=\"1\" style=\"width: 100%;\">&#13;<\/p>\n<tbody>&#13;<\/p>\n<tr>&#13;<\/p>\n<td colspan=\"5\" style=\"text-align: center; vertical-align: middle;\">&#13;<\/p>\n<p style=\"text-align:center\"><img decoding=\"async\" alt=\"\" height=\"10\" src=\"https:\/\/www.agenciaminas.mg.gov.br\/ckeditor_assets\/pictures\/20949\/content_2_olho_topo.jpg\"\/><\/p>\n<p>&#13;\n\t\t\t<\/td>\n<p>&#13;<br \/>\n\t\t<\/tr>\n<p>&#13;<\/p>\n<tr>&#13;<\/p>\n<td style=\"text-align: center; vertical-align: middle;\">\u00a0<\/td>\n<p>&#13;<\/p>\n<td colspan=\"3\" rowspan=\"3\" style=\"text-align: center; vertical-align: middle;\">&#13;<br \/>\n\t\t\t&#13;\n\t\t\t<\/td>\n<p>&#13;<\/p>\n<td style=\"text-align: center; vertical-align: middle;\">\u00a0<\/td>\n<p>&#13;<br \/>\n\t\t<\/tr>\n<p>&#13;<\/p>\n<tr>&#13;<\/p>\n<td style=\"text-align: center; vertical-align: middle;\">\u00a0<\/td>\n<p>&#13;<\/p>\n<td style=\"text-align: center; vertical-align: middle;\">\u00a0<\/td>\n<p>&#13;<br \/>\n\t\t<\/tr>\n<p>&#13;<\/p>\n<tr>&#13;<\/p>\n<td style=\"text-align: center; vertical-align: middle;\">\u00a0<\/td>\n<p>&#13;<\/p>\n<td style=\"text-align: center; vertical-align: middle;\">\u00a0<\/td>\n<p>&#13;<br \/>\n\t\t<\/tr>\n<p>&#13;<\/p>\n<tr>&#13;<\/p>\n<td colspan=\"5\" style=\"text-align: center; vertical-align: middle;\">&#13;<\/p>\n<p style=\"text-align:center\"><img decoding=\"async\" alt=\"\" height=\"10\" src=\"https:\/\/www.agenciaminas.mg.gov.br\/ckeditor_assets\/pictures\/20950\/content_2_olho_inferior.jpg\"\/><\/p>\n<p>&#13;\n\t\t\t<\/td>\n<p>&#13;<br \/>\n\t\t<\/tr>\n<p>&#13;<br \/>\n\t<\/tbody>\n<p>&#13;<br \/>\n<\/table>\n<p>&#13;<br \/>\nO governador destacou os avan\u00e7os que Minas j\u00e1 fez para a sa\u00fade do estado, principalmente com o Opera Mais, Minas Gerais, que faz parte do programa Valora Minas, que tem o objetivo de ampliar o acesso da popula\u00e7\u00e3o mineira a cirurgias eletivas hospitalares, a fim de reduzir a fila existente no estado.<\/p>\n<p>\u201cO programa Valora Minas aumenta o repasse de recursos para aqueles hospitais que t\u00eam maior grau de resolu\u00e7\u00e3o. Isso tem acontecido em todo estado e h\u00e1 hospitais que aumentaram seus recursos em at\u00e9 50%. Um hospital que atende mais, opera mais e salva mais vidas, vai receber mais. Estamos trabalhando para melhorar a sa\u00fade dos mineiros\u201d, completou o governador mineiro.<\/p>\n<p>Somente no primeiro ano do Opera Mais, Minas Gerais, o governo estadual repassou R$ 180 milh\u00f5es aos hospitais que participam do programa. Foram incentivados mais de 175 mil procedimentos cir\u00fargicos eletivos hospitalares em todo o estado neste per\u00edodo, um crescimento de cerca de 20% em rela\u00e7\u00e3o ao registrado em 2019 (per\u00edodo anterior \u00e0 pandemia).<\/p>\n<p><strong>UTI a\u00e9rea<\/strong><\/p>\n<p>Ainda no Tri\u00e2ngulo Mineiro, Zema vistoriou a aeronave AW119 Koala, novo helic\u00f3ptero do Suporte A\u00e9reo Avan\u00e7ado de Vida (Saav), que fica na base do servi\u00e7o em Uberaba. Minas possui seis aeronaves (dois avi\u00f5es e quatro helic\u00f3pteros) em atividade no Saav, maior prestador de servi\u00e7o aerom\u00e9dico SUS (Servi\u00e7o \u00danico de Sa\u00fade) do Brasil.<\/p>\n<p>O equipamento \u2013 o mais moderno da frota mineira \u2013 foi entregue em junho, com in\u00edcio imediato dos treinamentos para pilotos e operadores aerot\u00e1ticos. Ap\u00f3s a conclus\u00e3o dessas etapas de prepara\u00e7\u00e3o, a aeronave realizou a primeira miss\u00e3o 18 dias depois, atendendo a uma ocorr\u00eancia de infarto agudo do mioc\u00e1rdio.<\/p>\n<p>\u00a0<\/p>\n<figure class=\"image\" style=\"float:left\"><img loading=\"lazy\" decoding=\"async\" alt=\"\" height=\"213\" src=\"https:\/\/www.agenciaminas.mg.gov.br\/ckeditor_assets\/pictures\/21583\/content_img_7956.jpg\" width=\"320\"\/>&#13;<figcaption><sub><em>(Gil Leonardi \/ Imprensa MG)<\/em><\/sub><\/figcaption>&#13;<br \/>\n<\/figure>\n<p>&#13;<br \/>\nZema ficou impressionado com a aeronave e comemorou a destina\u00e7\u00e3o \u00e0 popula\u00e7\u00e3o por meio do Saav, considerado um Servi\u00e7o de Atendimento M\u00f3vel de Urg\u00eancia (Samu) com asas, ou h\u00e9lices. \u201cPoucas vezes eu vi uma aeronave t\u00e3o moderna. Esse ve\u00edculo funciona como um Samu a\u00e9reo e vai ajudar a salvar muitas vidas\u201d.<\/p>\n<p>Ele celebrou o aumento da cobertura do servi\u00e7o de urg\u00eancia em todo o estado. \u201cQuando eu assumi o Governo de Minas, menos de 50% dos munic\u00edpios mineiros possu\u00eda Samu. Hoje, mais de 90% j\u00e1 t\u00eam atendimentos. Todo nosso esfor\u00e7o \u00e9 para levar sa\u00fade para perto dos mineiros\u201d, destacou o governador Romeu Zema.<\/p>\n<p>O AW119 Koala \u00e9 um helic\u00f3ptero capaz de realizar diversas atividades do Suporte A\u00e9reo Avan\u00e7ado de Vida, como opera\u00e7\u00f5es aerom\u00e9dicas e de UTI a\u00e9rea, com equipamentos como guincho de salvamento e gancho para i\u00e7amento de cargas, e pode transportar at\u00e9 seis passageiros, al\u00e9m do piloto e co-piloto.<\/p>\n<p>O equipamento tamb\u00e9m pode prestar atendimentos pr\u00e9 e inter-hospitalar, atua\u00e7\u00e3o junto ao MG Transplante, \u00e0 For\u00e7a Estadual de Sa\u00fade \u2013 em cen\u00e1rios de crises de sa\u00fade, como surtos de doen\u00e7as ou pandemias \u2013, e salvamentos diversos, especialmente de pessoas em locais de dif\u00edcil acesso.<\/p>\n<p><strong>Saav<\/strong><\/p>\n<p>O Saav \u00e9 um esfor\u00e7o conjunto que envolve a Secretaria de Estado de Sa\u00fade de Minas Gerais (SES-MG), o Corpo de Bombeiros Militar de Minas Gerais (CBMMG) e o Samu, por meio dos cons\u00f3rcios regionais de sa\u00fade.\u00a0<\/p>\n<p>A SES-MG \u00e9 respons\u00e1vel pela aquisi\u00e7\u00e3o e custeio das aeronaves, enquanto o Corpo de Bombeiros contribui com pilotos, copilotos, e operadores aerot\u00e1ticos especializados em salvamento.<\/p>\n<p><strong>Operacionalidade<\/strong><\/p>\n<p>Em 2023, o Suporte A\u00e9reo atendeu aproximadamente 1,3 mil pessoas. Com base nessa m\u00e9dia, a expectativa \u00e9 a de que a nova aeronave realize cerca de 20 atendimentos por m\u00eas.<\/p>\n<p>Com quatro bases de opera\u00e7\u00e3o, seis aeronaves em atividade e uma aeronave de prontid\u00e3o, Minas Gerais \u00e9 o maior prestador de servi\u00e7o aerom\u00e9dico SUS no pa\u00eds. Al\u00e9m da base de opera\u00e7\u00f5es em Uberaba, existe a base de Belo Horizonte (com dois avi\u00f5es e um helic\u00f3ptero), Varginha, com um helic\u00f3ptero, e Montes Claros, que tamb\u00e9m conta com um helic\u00f3ptero.<\/p>\n<p>Para a escolha dos locais de instala\u00e7\u00e3o das bases de opera\u00e7\u00e3o s\u00e3o levados em conta diversos fatores, como a estrutura do Samu da regi\u00e3o, infraestrutura aeroportu\u00e1ria, disponibilidade de portas de entrada hospitalares, densidade populacional, malha rodovi\u00e1ria, al\u00e9m da presen\u00e7a de batalh\u00f5es do Corpo de Bombeiros e a dist\u00e2ncia em rela\u00e7\u00e3o a outras bases do Saav.<\/p>\n<p>Somente na aquisi\u00e7\u00e3o desta aeronave, o Governo de Minas investiu cerca de R$ 35 milh\u00f5es. Al\u00e9m das seis aeronaves em atividade no Saav no estado, h\u00e1 previs\u00e3o de duas novas bases \u2013 uma em Governador Valadares e outra em Juiz de Fora \u2013 com um helic\u00f3ptero em cada uma.<\/p>\n<\/p><\/div>\n","protected":false},"excerpt":{"rendered":"<p>Relacionadas O governador Romeu Zema anunciou a destina\u00e7\u00e3o de R$ 20 milh\u00f5es de reais para&#8230;<\/p>\n","protected":false},"author":2,"featured_media":0,"comment_status":"open","ping_status":"open","sticky":false,"template":"","format":"standard","meta":{"footnotes":""},"categories":[],"tags":[],"class_list":["post-13351","post","type-post","status-publish","format-standard","hentry"],"amp_enabled":true,"_links":{"self":[{"href":"https:\/\/ipatingafc.com.br\/index.php\/wp-json\/wp\/v2\/posts\/13351","targetHints":{"allow":["GET"]}}],"collection":[{"href":"https:\/\/ipatingafc.com.br\/index.php\/wp-json\/wp\/v2\/posts"}],"about":[{"href":"https:\/\/ipatingafc.com.br\/index.php\/wp-json\/wp\/v2\/types\/post"}],"author":[{"embeddable":true,"href":"https:\/\/ipatingafc.com.br\/index.php\/wp-json\/wp\/v2\/users\/2"}],"replies":[{"embeddable":true,"href":"https:\/\/ipatingafc.com.br\/index.php\/wp-json\/wp\/v2\/comments?post=13351"}],"version-history":[{"count":0,"href":"https:\/\/ipatingafc.com.br\/index.php\/wp-json\/wp\/v2\/posts\/13351\/revisions"}],"wp:attachment":[{"href":"https:\/\/ipatingafc.com.br\/index.php\/wp-json\/wp\/v2\/media?parent=13351"}],"wp:term":[{"taxonomy":"category","embeddable":true,"href":"https:\/\/ipatingafc.com.br\/index.php\/wp-json\/wp\/v2\/categories?post=13351"},{"taxonomy":"post_tag","embeddable":true,"href":"https:\/\/ipatingafc.com.br\/index.php\/wp-json\/wp\/v2\/tags?post=13351"}],"curies":[{"name":"wp","href":"https:\/\/api.w.org\/{rel}","templated":true}]}}