{"id":13494,"date":"2024-09-05T01:43:39","date_gmt":"2024-09-05T04:43:39","guid":{"rendered":"https:\/\/ipatingafc.com.br\/index.php\/2024\/09\/05\/entenda-por-que-sp-fechou-unidades-de-conservacao-para-prevenir-queimadas\/"},"modified":"2024-09-05T01:43:39","modified_gmt":"2024-09-05T04:43:39","slug":"entenda-por-que-sp-fechou-unidades-de-conservacao-para-prevenir-queimadas","status":"publish","type":"post","link":"https:\/\/ipatingafc.com.br\/index.php\/2024\/09\/05\/entenda-por-que-sp-fechou-unidades-de-conservacao-para-prevenir-queimadas\/","title":{"rendered":"Entenda por que SP fechou unidades de conserva\u00e7\u00e3o para prevenir queimadas"},"content":{"rendered":"<p><\/p>\n<div id=\"\">&#13;<br \/>\n                                <!-- Title -->&#13;<br \/>\n                                &#13;<br \/>\n&#13;<br \/>\n                                <!-- Excerpt -->&#13;<\/p>\n<p class=\"excerpt\">Objetivo \u00e9 proteger a popula\u00e7\u00e3o e liberar 100% do corpo de funcion\u00e1rios para o monitoramento do per\u00edmetro das unidades<\/p>\n<p>&#13;<br \/>\n&#13;<br \/>\n                                &#13;\n                            <\/p><\/div>\n<div id=\"\">&#13;<\/p>\n<figure id=\"attachment_6077040\" style=\"width: 100%;max-width: 737px\" class=\"wp-caption alignnone\"><img decoding=\"async\" loading=\"lazy\" class=\" wp-image-6077040\" src=\"https:\/\/www.saopaulo.sp.gov.br\/wp-content\/uploads\/2024\/09\/51399686417_3fc608ee73_k-e1725471385469-300x197.jpg\" alt=\"\" width=\"737\" height=\"484\" srcset=\"https:\/\/www.saopaulo.sp.gov.br\/wp-content\/uploads\/2024\/09\/51399686417_3fc608ee73_k-e1725471385469-300x197.jpg 300w, https:\/\/www.saopaulo.sp.gov.br\/wp-content\/uploads\/2024\/09\/51399686417_3fc608ee73_k-e1725471385469-1024x672.jpg 1024w, https:\/\/www.saopaulo.sp.gov.br\/wp-content\/uploads\/2024\/09\/51399686417_3fc608ee73_k-e1725471385469-768x504.jpg 768w, https:\/\/www.saopaulo.sp.gov.br\/wp-content\/uploads\/2024\/09\/51399686417_3fc608ee73_k-e1725471385469-1536x1008.jpg 1536w, https:\/\/www.saopaulo.sp.gov.br\/wp-content\/uploads\/2024\/09\/51399686417_3fc608ee73_k-e1725471385469.jpg 2048w\" sizes=\"auto, (max-width: 737px) 100vw, 737px\"\/><figcaption class=\"wp-caption-text\">Governo de SP refor\u00e7ou as equipes de brigadistas para o combate a inc\u00eandios florestais<\/figcaption><\/figure>\n<p>O fechamento emergencial de 80 unidades de conserva\u00e7\u00e3o localizadas na regi\u00e3o metropolitana e no interior paulista,\u00a0anunciado pelo Governo de S\u00e3o Paulo, tem o objetivo de proteger a popula\u00e7\u00e3o e direcionar 100% do corpo de funcion\u00e1rios para o monitoramento e eventuais a\u00e7\u00f5es de combate a inc\u00eandios florestais.<\/p>\n<p>A decis\u00e3o foi tomada em resposta ao crescente risco de queimadas, que colocam em perigo tanto os visitantes como as \u00e1reas de preserva\u00e7\u00e3o. As unidades s\u00e3o geridas pela Funda\u00e7\u00e3o Florestal, \u00f3rg\u00e3o vinculado \u00e0 Secretaria de Meio Ambiente, Infraestrutura e Log\u00edstica (Semil) do Estado.<\/p>\n<p><strong>Leia a reportagem completa na Ag\u00eancia SP<\/strong><\/p>\n<\/p><\/div>\n","protected":false},"excerpt":{"rendered":"<p>&#13; &#13; &#13; &#13; &#13; Objetivo \u00e9 proteger a popula\u00e7\u00e3o e liberar 100% do corpo&#8230;<\/p>\n","protected":false},"author":2,"featured_media":0,"comment_status":"open","ping_status":"open","sticky":false,"template":"","format":"standard","meta":{"footnotes":""},"categories":[],"tags":[],"class_list":["post-13494","post","type-post","status-publish","format-standard","hentry"],"amp_enabled":true,"_links":{"self":[{"href":"https:\/\/ipatingafc.com.br\/index.php\/wp-json\/wp\/v2\/posts\/13494","targetHints":{"allow":["GET"]}}],"collection":[{"href":"https:\/\/ipatingafc.com.br\/index.php\/wp-json\/wp\/v2\/posts"}],"about":[{"href":"https:\/\/ipatingafc.com.br\/index.php\/wp-json\/wp\/v2\/types\/post"}],"author":[{"embeddable":true,"href":"https:\/\/ipatingafc.com.br\/index.php\/wp-json\/wp\/v2\/users\/2"}],"replies":[{"embeddable":true,"href":"https:\/\/ipatingafc.com.br\/index.php\/wp-json\/wp\/v2\/comments?post=13494"}],"version-history":[{"count":0,"href":"https:\/\/ipatingafc.com.br\/index.php\/wp-json\/wp\/v2\/posts\/13494\/revisions"}],"wp:attachment":[{"href":"https:\/\/ipatingafc.com.br\/index.php\/wp-json\/wp\/v2\/media?parent=13494"}],"wp:term":[{"taxonomy":"category","embeddable":true,"href":"https:\/\/ipatingafc.com.br\/index.php\/wp-json\/wp\/v2\/categories?post=13494"},{"taxonomy":"post_tag","embeddable":true,"href":"https:\/\/ipatingafc.com.br\/index.php\/wp-json\/wp\/v2\/tags?post=13494"}],"curies":[{"name":"wp","href":"https:\/\/api.w.org\/{rel}","templated":true}]}}