{"id":13497,"date":"2024-09-05T03:17:46","date_gmt":"2024-09-05T06:17:46","guid":{"rendered":"https:\/\/ipatingafc.com.br\/index.php\/2024\/09\/05\/agencia-minas-gerais-vesperata-de-diamantina-se-apresentara-pela-primeira-vez-no-palacio-da-liberdade\/"},"modified":"2024-09-05T03:17:46","modified_gmt":"2024-09-05T06:17:46","slug":"agencia-minas-gerais-vesperata-de-diamantina-se-apresentara-pela-primeira-vez-no-palacio-da-liberdade","status":"publish","type":"post","link":"https:\/\/ipatingafc.com.br\/index.php\/2024\/09\/05\/agencia-minas-gerais-vesperata-de-diamantina-se-apresentara-pela-primeira-vez-no-palacio-da-liberdade\/","title":{"rendered":"Ag\u00eancia Minas Gerais | Vesperata de Diamantina se apresentar\u00e1 pela primeira vez no Pal\u00e1cio da Liberdade"},"content":{"rendered":"<p><\/p>\n<div>\n<section class=\"news-related \/ col-md-4 col-lg-3 \/ margin-md-bottom-2 margin-left-1 \/ pull-right \/ hidden-xs hidden-sm\">\n<header>\n<p class=\"text-title-section \/ margin-bottom-1\">Relacionadas<\/p>\n<\/header>\n<p>\t\t\t\t\t\t\t<main><\/p>\n<hr class=\"row margin-md-bottom-2\"\/>\n<hr class=\"row margin-md-bottom-2\"\/>\n\t\t\t\t\t\t\t<\/main><br \/>\n\t\t\t\t\t\t<\/section>\n<p>A Vesperata de Diamantina, uma das mais tradicionais manifesta\u00e7\u00f5es culturais de Minas Gerais, levar\u00e1 sua experi\u00eancia sonora \u00fanica para as sacadas do Pal\u00e1cio da Liberdade, em Belo Horizonte, pela primeira vez, nesta segunda-feira (9\/9), a partir das 20h.<\/p>\n<p>O grupo traz para a capital o repert\u00f3rio dos concertos a c\u00e9u que abrangem diversos estilos, desde m\u00fasicas cl\u00e1ssicas ao cancioneiro popular brasileiro.<\/p>\n<p>A Vesperata de Diamantina encanta o p\u00fablico local e os visitantes h\u00e1 mais de duas d\u00e9cadas. Por sua tradi\u00e7\u00e3o e relev\u00e2ncia, desde 2016, o concerto ao ar livre possui o t\u00edtulo de patrim\u00f4nio cultural de Minas Gerais.<\/p>\n<p>Os m\u00fasicos realizam o espet\u00e1culo das sacadas dos casarios seculares da Rua da Quitanda, atraindo o p\u00fablico que confere a apresenta\u00e7\u00e3o da rua. A Vesperata nasceu de uma tradi\u00e7\u00e3o religiosa, nos s\u00e9culos XVIII e XIX, quando, no per\u00edodo das v\u00e9speras \u2013 a parte da Liturgia das Horas, ritual cat\u00f3lico de ora\u00e7\u00e3o celebrado \u00e0 tarde \u2013 m\u00fasicos tocavam instrumentos nas sacadas e janelas dos casar\u00f5es.<\/p>\n<p>Hoje, o evento n\u00e3o possui mais cunho religioso, com a orquestra formada pela banda militar de Diamantina e pela banda mirim.<\/p>\n<p>O evento, aberto ao p\u00fablico e com entrada gratuita, ser\u00e1 realizado no primeiro dia de atividade da Semana do Minist\u00e9rio P\u00fablico 2024, que tem como tema &#8220;O MPMG rumo aos 40 anos da Constitui\u00e7\u00e3o Federal\u201d.<\/p>\n<p>Entre os dias 9 e 13\/9, haver\u00e1 inaugura\u00e7\u00f5es, premia\u00e7\u00f5es, atra\u00e7\u00f5es culturais, al\u00e9m de uma exposi\u00e7\u00e3o interativa e um simp\u00f3sio com importantes nomes do Judici\u00e1rio nacional. A solenidade de entrega da Medalha do M\u00e9rito do Minist\u00e9rio P\u00fablico encerrar\u00e1 as atividades.<\/p>\n<p><strong>Servi\u00e7o<\/strong><br \/>&#13;<br \/>\n<strong>Data:<\/strong> 9\/9\/2024 (segunda-feira)<br \/>&#13;<br \/>\n<strong>Hor\u00e1rio:<\/strong> 20h<br \/>&#13;<br \/>\n<strong>Local:<\/strong> Pal\u00e1cio da Liberdade (Pra\u00e7a da Liberdade, s\/n\u00ba \u2013 Savassi)<br \/>&#13;<br \/>\nEntrada gratuita<\/p>\n<\/p><\/div>\n","protected":false},"excerpt":{"rendered":"<p>Relacionadas A Vesperata de Diamantina, uma das mais tradicionais manifesta\u00e7\u00f5es culturais de Minas Gerais, levar\u00e1&#8230;<\/p>\n","protected":false},"author":2,"featured_media":0,"comment_status":"open","ping_status":"open","sticky":false,"template":"","format":"standard","meta":{"footnotes":""},"categories":[],"tags":[],"class_list":["post-13497","post","type-post","status-publish","format-standard","hentry"],"amp_enabled":true,"_links":{"self":[{"href":"https:\/\/ipatingafc.com.br\/index.php\/wp-json\/wp\/v2\/posts\/13497","targetHints":{"allow":["GET"]}}],"collection":[{"href":"https:\/\/ipatingafc.com.br\/index.php\/wp-json\/wp\/v2\/posts"}],"about":[{"href":"https:\/\/ipatingafc.com.br\/index.php\/wp-json\/wp\/v2\/types\/post"}],"author":[{"embeddable":true,"href":"https:\/\/ipatingafc.com.br\/index.php\/wp-json\/wp\/v2\/users\/2"}],"replies":[{"embeddable":true,"href":"https:\/\/ipatingafc.com.br\/index.php\/wp-json\/wp\/v2\/comments?post=13497"}],"version-history":[{"count":0,"href":"https:\/\/ipatingafc.com.br\/index.php\/wp-json\/wp\/v2\/posts\/13497\/revisions"}],"wp:attachment":[{"href":"https:\/\/ipatingafc.com.br\/index.php\/wp-json\/wp\/v2\/media?parent=13497"}],"wp:term":[{"taxonomy":"category","embeddable":true,"href":"https:\/\/ipatingafc.com.br\/index.php\/wp-json\/wp\/v2\/categories?post=13497"},{"taxonomy":"post_tag","embeddable":true,"href":"https:\/\/ipatingafc.com.br\/index.php\/wp-json\/wp\/v2\/tags?post=13497"}],"curies":[{"name":"wp","href":"https:\/\/api.w.org\/{rel}","templated":true}]}}