{"id":13499,"date":"2024-09-05T04:00:05","date_gmt":"2024-09-05T07:00:05","guid":{"rendered":"https:\/\/ipatingafc.com.br\/index.php\/2024\/09\/05\/quais-filmes-vao-passar-quarta-04-09-na-globo-sessao-da-tarde\/"},"modified":"2024-09-05T04:00:05","modified_gmt":"2024-09-05T07:00:05","slug":"quais-filmes-vao-passar-quarta-04-09-na-globo-sessao-da-tarde","status":"publish","type":"post","link":"https:\/\/ipatingafc.com.br\/index.php\/2024\/09\/05\/quais-filmes-vao-passar-quarta-04-09-na-globo-sessao-da-tarde\/","title":{"rendered":"Quais filmes v\u00e3o passar Quarta (04\/09) na Globo? SESS\u00c3O DA TARDE"},"content":{"rendered":"<p><\/p>\n<div>\n<p>COnfira a programa\u00e7\u00e3o da Globo\u00a0 <strong>hoje, 04\/09\/<\/strong><strong>2024 e que horas come\u00e7am os filmes de hoje.\u00a0<\/strong><\/p>\n<p>Quinta-feira, 05\/09\/2024<\/p>\n<p>04:00 Hora Um<\/p>\n<p>06:00 Bom Dia Pra\u00e7a<\/p>\n<p>08:30 Bom Dia Brasil<\/p>\n<p>09:30 Encontro Com Patr\u00edcia Poeta<\/p>\n<p>10:40 Mais Voc\u00ea<\/p>\n<p>11:45 Pra\u00e7a TV \u2013 1\u00aa Edi\u00e7\u00e3o<\/p>\n<p>13:00 Hor\u00e1rio Pol\u00edtico 2024<\/p>\n<p>13:10 Pra\u00e7a TV \u2013 1\u00aa Edi\u00e7\u00e3o<\/p>\n<p>13:20 Globo Esporte<\/p>\n<p>13:40 Jornal Hoje<\/p>\n<p>14:40 Paralimp\u00edada de Paris 2024<\/p>\n<p>16:35 Edi\u00e7\u00e3o Especial \u2013 Cabocla<\/p>\n<p>17:20 Vale a Pena Ver de Novo \u2013 Alma G\u00eamea<\/p>\n<p>18:30 No Rancho Fundo<\/p>\n<p>19:15 Pra\u00e7a TV \u2013 2\u00aa Edi\u00e7\u00e3o<\/p>\n<p>19:45 Fam\u00edlia \u00e9 Tudo<\/p>\n<p>20:30 Hor\u00e1rio Pol\u00edtico 2024<\/p>\n<p>20:40 Jornal Nacional<\/p>\n<p>21:30 Renascer<\/p>\n<p>22:40 Estrela da Casa<\/p>\n<p>23:55 The Good Doctor: O Bom Doutor<\/p>\n<p>00:40 Jornal da Globo<\/p>\n<p>01:30 Conversa com Bial<\/p>\n<p>02:10 Fam\u00edlia \u00e9 Tudo<\/p>\n<p>02:50 Com\u00e9dia Na Madruga I<\/p>\n<h2>*Sess\u00e3o da Tarde de Quarta-Feira, 4 de Setembro de 2024: \u201cX-Men 3: O Confronto Final\u201d Agita a Tarde com Muita Aventura!**<\/h2>\n<p>\u00a0<\/p>\n<p>Nesta quarta-feira, 4 de setembro de 2024, a TV Globo apresenta um dos grandes cl\u00e1ssicos do cinema de super-her\u00f3is na *Sess\u00e3o da Tarde*: \u201cX-Men 3: O Confronto Final\u201d (t\u00edtulo original: *X-Men: The Last Stand*). Lan\u00e7ado em 2006, o filme dirigido por Brett Ratner traz uma narrativa intensa e cheia de a\u00e7\u00e3o, explorando a complexidade de mutantes que lutam pela sobreviv\u00eancia em um mundo que os teme.<\/p>\n<p>\u00a0<\/p>\n<h3>**Sinopse do Filme**<\/h3>\n<p>Nesta terceira parte da saga, os X-Men enfrentam um desafio sem precedentes: um \u201ccura\u201d para o gene mutante \u00e9 descoberta, prometendo transformar os mutantes em humanos comuns. Esta revela\u00e7\u00e3o provoca um intenso debate entre os mutantes, dividindo-os em dois grupos: aqueles que veem a cura como uma chance de se livrar de suas habilidades e viver uma vida normal, e os que consideram a cura uma amea\u00e7a \u00e0 sua exist\u00eancia.<\/p>\n<p>\u00a0<\/p>\n<p>Enquanto a batalha sobre a cura amea\u00e7a dividir os mutantes, os X-Men enfrentam um inimigo ainda mais perigoso: Jean Grey (Famke Janssen), sua antiga aliada, que ressurge dominada pela poderosa entidade c\u00f3smica F\u00eanix Negra. Tomada por um poder incontrol\u00e1vel, Jean se torna uma amea\u00e7a mortal para seus antigos amigos e o mundo inteiro, for\u00e7ando os X-Men a confrontar uma decis\u00e3o devastadora.<\/p>\n<p>\u00a0<\/p>\n<h3>**Elenco e Produ\u00e7\u00e3o**<\/h3>\n<p>O filme conta com um elenco de peso, incluindo Hugh Jackman como Wolverine, Halle Berry como Tempestade, Ian McKellen como Magneto, Patrick Stewart como Professor Xavier, Famke Janssen como Jean Grey\/F\u00eanix Negra, e Anna Paquin como Vampira. Dirigido por Brett Ratner, \u201cX-Men 3: O Confronto Final\u201d \u00e9 uma montanha-russa de emo\u00e7\u00f5es que traz \u00e0 tona quest\u00f5es morais profundas sobre aceita\u00e7\u00e3o, identidade e o custo do poder.<\/p>\n<p>\u00a0<\/p>\n<h3>**Um Cl\u00e1ssico que Testa os Limites**<\/h3>\n<p>\u201cX-Men 3: O Confronto Final\u201d \u00e9 um filme que combina a\u00e7\u00e3o intensa com dilemas emocionais, levando o espectador a refletir sobre o que significa ser diferente em um mundo que valoriza a conformidade. A narrativa explora a luta interna de Jean Grey, um dos membros mais poderosos dos X-Men, enquanto ela se transforma na incontrol\u00e1vel F\u00eanix Negra, um desafio que coloca em risco a vida de seus amigos e inimigos.<\/p>\n<p>\u00a0<\/p>\n<h3>**Prepare-se para a Aventura!**<\/h3>\n<p>Sintonize na TV Globo nesta quarta-feira e prepare-se para uma tarde cheia de a\u00e7\u00e3o, superpoderes e dilemas que apenas os X-Men podem proporcionar. N\u00e3o perca \u201cX-Men 3: O Confronto Final\u201d na *Sess\u00e3o da Tarde*, uma aventura que vai prender sua aten\u00e7\u00e3o do come\u00e7o ao fim!<\/p>\n<\/div>\n","protected":false},"excerpt":{"rendered":"<p>COnfira a programa\u00e7\u00e3o da Globo\u00a0 hoje, 04\/09\/2024 e que horas come\u00e7am os filmes de hoje.\u00a0&#8230;<\/p>\n","protected":false},"author":2,"featured_media":0,"comment_status":"open","ping_status":"open","sticky":false,"template":"","format":"standard","meta":{"footnotes":""},"categories":[2],"tags":[],"class_list":["post-13499","post","type-post","status-publish","format-standard","hentry","category-jogos-ao-vivo"],"amp_enabled":true,"_links":{"self":[{"href":"https:\/\/ipatingafc.com.br\/index.php\/wp-json\/wp\/v2\/posts\/13499","targetHints":{"allow":["GET"]}}],"collection":[{"href":"https:\/\/ipatingafc.com.br\/index.php\/wp-json\/wp\/v2\/posts"}],"about":[{"href":"https:\/\/ipatingafc.com.br\/index.php\/wp-json\/wp\/v2\/types\/post"}],"author":[{"embeddable":true,"href":"https:\/\/ipatingafc.com.br\/index.php\/wp-json\/wp\/v2\/users\/2"}],"replies":[{"embeddable":true,"href":"https:\/\/ipatingafc.com.br\/index.php\/wp-json\/wp\/v2\/comments?post=13499"}],"version-history":[{"count":0,"href":"https:\/\/ipatingafc.com.br\/index.php\/wp-json\/wp\/v2\/posts\/13499\/revisions"}],"wp:attachment":[{"href":"https:\/\/ipatingafc.com.br\/index.php\/wp-json\/wp\/v2\/media?parent=13499"}],"wp:term":[{"taxonomy":"category","embeddable":true,"href":"https:\/\/ipatingafc.com.br\/index.php\/wp-json\/wp\/v2\/categories?post=13499"},{"taxonomy":"post_tag","embeddable":true,"href":"https:\/\/ipatingafc.com.br\/index.php\/wp-json\/wp\/v2\/tags?post=13499"}],"curies":[{"name":"wp","href":"https:\/\/api.w.org\/{rel}","templated":true}]}}