{"id":13500,"date":"2024-09-05T04:41:03","date_gmt":"2024-09-05T07:41:03","guid":{"rendered":"https:\/\/ipatingafc.com.br\/index.php\/2024\/09\/05\/governo-de-ms-mantem-trabalho-para-criar-primeiro-espaco-de-acolhimento-para-pessoas-lgbtqia\/"},"modified":"2024-09-05T04:41:03","modified_gmt":"2024-09-05T07:41:03","slug":"governo-de-ms-mantem-trabalho-para-criar-primeiro-espaco-de-acolhimento-para-pessoas-lgbtqia","status":"publish","type":"post","link":"https:\/\/ipatingafc.com.br\/index.php\/2024\/09\/05\/governo-de-ms-mantem-trabalho-para-criar-primeiro-espaco-de-acolhimento-para-pessoas-lgbtqia\/","title":{"rendered":"Governo de MS mant\u00e9m trabalho para criar primeiro espa\u00e7o de acolhimento para pessoas LGBTQIA+"},"content":{"rendered":"<p><\/p>\n<div>\n<p>O Governo do Estado de Mato Grosso do Sul mant\u00e9m o trabalho para criar o primeiro espa\u00e7o de acolhimento para pessoas v\u00edtimas de homofobia.<\/p>\n<p>Em reuni\u00e3o realizada na manh\u00e3 desta quarta-feira (4), o governador Eduardo Riedel recebeu representantes de \u00f3rg\u00e3os estaduais e da Uni\u00e3o, que formam o grupo de trabalho respons\u00e1vel pela cria\u00e7\u00e3o do local.<\/p>\n<p>Para acolher a popula\u00e7\u00e3o LGBTQIA+ de Mato Grosso Sul, o local vai funcionar como uma resid\u00eancia provis\u00f3ria. \u201c\u00c9 uma casa de acolhimento, de prote\u00e7\u00e3o, que engloba todas as pol\u00edticas p\u00fablicas. E tamb\u00e9m n\u00f3s teremos o centro especializado em atendimento psicossocial. Se estamos falando que este grupo \u00e9 vulner\u00e1vel, que muitos saem de casa, s\u00e3o expulsos ou est\u00e3o em vulnerabilidade morando nas ruas, n\u00f3s precisamos traz\u00ea-los para a sociedade de maneira digna. Ent\u00e3o \u00e9 primeiro precisamos de uma casa que acolha este grupo identit\u00e1rio, e que tamb\u00e9m fa\u00e7a o atendimento psicossocial, tenha pol\u00edtica p\u00fablica de forma\u00e7\u00e3o, capacita\u00e7\u00e3o, inser\u00e7\u00e3o econ\u00f4mica\u201d, explicou a secret\u00e1ria de Estado de Cidadania, Viviane Luiza.<\/p>\n<p>Em maio deste ano os representantes do Governo Federal, do Estado, da prefeitura, UEMS, IFMS, C\u00e2mara Municipal, Assembleia Legislativa, Conselho Estadual LGBTQIA+, IPHAN, Defensoria P\u00fablica do Estado e Defensoria P\u00fablica da Uni\u00e3o, passaram a formar o GT (Grupo de Trabalho) que vai tornar realidade a Casa de Direitos LGBTQIA+.<\/p>\n<p>\u201c\u00c9 uma constru\u00e7\u00e3o, e n\u00f3s temos que viabilizar o estudo de implementa\u00e7\u00e3o, de experi\u00eancia dessa casa de acolhimento. O que a gente precisa, a partir de agora, \u00e9 construir com a sociedade civil e desenhar os pr\u00f3ximos passos\u201d, disse o subsecret\u00e1rio de Pol\u00edticas P\u00fablicas para Popula\u00e7\u00e3o LGBTQIA+, Vagner Campos.<\/p>\n<p>A proposta \u00e9 construir um espa\u00e7o de refer\u00eancia no atendimento, garantia de direitos e acolhimento \u00e0s pessoas LGBTQIA+ em todo o Estado.<\/p>\n<p>\u201cEssa casa \u00e9 para pessoas com mais de 18 anos, um local de passagem para acolher, tratar o psicol\u00f3gico, e para um atendimento mais amplo, at\u00e9 a inser\u00e7\u00e3o no mercado de trabalho. Esse encontro \u00e9 importante porque \u00e9 uma reuni\u00e3o ampliada que desenha toda essa pol\u00edtica p\u00fablica para o MS, \u00e9 isso que estamos fazendo neste momento\u201d, finalizou a secret\u00e1ria.<\/p>\n<p><em>Natalia Yahn, Comunica\u00e7\u00e3o Governo de MS<\/em><br \/><em>Fotos: Bruno Rezende<\/em><\/p>\n<p>\u2014\u2014\u2014\u2014\u2014\u2014\u2014\u2014\u2014\u2014\u2014\u2014\u2014\u2014\u2014\u2014\u2014<\/p>\n<p><strong>Leia mais:<\/strong><\/p>\n<p class=\"green mt-3\"><strong>Em comemora\u00e7\u00e3o ao Maio da Diversidade, GT \u00e9 proposto para tornar realidade a Casa de Direitos LGBTQIA+ em MS<\/strong><\/p>\n<\/div>\n","protected":false},"excerpt":{"rendered":"<p>O Governo do Estado de Mato Grosso do Sul mant\u00e9m o trabalho para criar o&#8230;<\/p>\n","protected":false},"author":2,"featured_media":0,"comment_status":"open","ping_status":"open","sticky":false,"template":"","format":"standard","meta":{"footnotes":""},"categories":[2],"tags":[],"class_list":["post-13500","post","type-post","status-publish","format-standard","hentry","category-jogos-ao-vivo"],"amp_enabled":true,"_links":{"self":[{"href":"https:\/\/ipatingafc.com.br\/index.php\/wp-json\/wp\/v2\/posts\/13500","targetHints":{"allow":["GET"]}}],"collection":[{"href":"https:\/\/ipatingafc.com.br\/index.php\/wp-json\/wp\/v2\/posts"}],"about":[{"href":"https:\/\/ipatingafc.com.br\/index.php\/wp-json\/wp\/v2\/types\/post"}],"author":[{"embeddable":true,"href":"https:\/\/ipatingafc.com.br\/index.php\/wp-json\/wp\/v2\/users\/2"}],"replies":[{"embeddable":true,"href":"https:\/\/ipatingafc.com.br\/index.php\/wp-json\/wp\/v2\/comments?post=13500"}],"version-history":[{"count":0,"href":"https:\/\/ipatingafc.com.br\/index.php\/wp-json\/wp\/v2\/posts\/13500\/revisions"}],"wp:attachment":[{"href":"https:\/\/ipatingafc.com.br\/index.php\/wp-json\/wp\/v2\/media?parent=13500"}],"wp:term":[{"taxonomy":"category","embeddable":true,"href":"https:\/\/ipatingafc.com.br\/index.php\/wp-json\/wp\/v2\/categories?post=13500"},{"taxonomy":"post_tag","embeddable":true,"href":"https:\/\/ipatingafc.com.br\/index.php\/wp-json\/wp\/v2\/tags?post=13500"}],"curies":[{"name":"wp","href":"https:\/\/api.w.org\/{rel}","templated":true}]}}