{"id":13502,"date":"2024-09-05T06:25:41","date_gmt":"2024-09-05T09:25:41","guid":{"rendered":"https:\/\/ipatingafc.com.br\/index.php\/2024\/09\/05\/agencia-minas-gerais-fhemig-abre-consulta-publica-para-contratacao-de-solucao-para-a-gestao-de-frequencia-e-escala-de-servidores\/"},"modified":"2024-09-05T06:25:41","modified_gmt":"2024-09-05T09:25:41","slug":"agencia-minas-gerais-fhemig-abre-consulta-publica-para-contratacao-de-solucao-para-a-gestao-de-frequencia-e-escala-de-servidores","status":"publish","type":"post","link":"https:\/\/ipatingafc.com.br\/index.php\/2024\/09\/05\/agencia-minas-gerais-fhemig-abre-consulta-publica-para-contratacao-de-solucao-para-a-gestao-de-frequencia-e-escala-de-servidores\/","title":{"rendered":"Ag\u00eancia Minas Gerais | Fhemig abre consulta p\u00fablica para contrata\u00e7\u00e3o de solu\u00e7\u00e3o para a Gest\u00e3o de frequ\u00eancia e escala de servidores"},"content":{"rendered":"<p><\/p>\n<div>\n<p>A Funda\u00e7\u00e3o Hospitalar do Estado de Minas Gerais (Fhemig) divulgou besta quarta-feira (4\/9) a abertura da consulta p\u00fablica n\u00ba 43 para a contrata\u00e7\u00e3o de solu\u00e7\u00e3o para a gest\u00e3o de frequ\u00eancia e escala de seus servidores.<\/p>\n<p>A consulta \u00e9 direcionada \u00e0s empresas fornecedoras de solu\u00e7\u00f5es para gest\u00e3o da frequ\u00eancia e escala de colaboradores, devidamente cadastradas.\u00a0<\/p>\n<p>O objetivo \u00e9 a coleta de contribui\u00e7\u00f5es a respeito dos requisitos da contrata\u00e7\u00e3o de empresa especializada para fornecimento desse servi\u00e7o, bem como sobre implanta\u00e7\u00e3o, interface com os sistemas de informa\u00e7\u00e3o, capacita\u00e7\u00e3o t\u00e9cnica (e funcional), suporte t\u00e9cnico remoto, sustenta\u00e7\u00e3o \u00e0 opera\u00e7\u00e3o e atualiza\u00e7\u00e3o legal tecnol\u00f3gica e evolutiva das solu\u00e7\u00f5es contratadas.\u00a0<\/p>\n<p>Considerando as especificidades do servi\u00e7o p\u00fablico, as legisla\u00e7\u00f5es e normativas vigentes e as possibilidades de atendimento dentro desse contexto, a consulta p\u00fablica garantir\u00e1 que os requisitos especificados n\u00e3o apenas atendam \u00e0s expectativas da Fhemig, como tamb\u00e9m estejam alinhados com as capacidades do mercado, assegurando que a contrata\u00e7\u00e3o seja realizada com sucesso.<\/p>\n<p>O per\u00edodo de recebimento das contribui\u00e7\u00f5es j\u00e1 esta aberto e termina \u00e0s 23h59 do dia 17\/9, por meio do http:\/\/www.consultapublica.mg.gov.br, no qual tamb\u00e9m est\u00e3o descritas informa\u00e7\u00f5es sobre o processo.<\/p>\n<\/p><\/div>\n","protected":false},"excerpt":{"rendered":"<p>A Funda\u00e7\u00e3o Hospitalar do Estado de Minas Gerais (Fhemig) divulgou besta quarta-feira (4\/9) a abertura&#8230;<\/p>\n","protected":false},"author":2,"featured_media":0,"comment_status":"open","ping_status":"open","sticky":false,"template":"","format":"standard","meta":{"footnotes":""},"categories":[],"tags":[],"class_list":["post-13502","post","type-post","status-publish","format-standard","hentry"],"amp_enabled":true,"_links":{"self":[{"href":"https:\/\/ipatingafc.com.br\/index.php\/wp-json\/wp\/v2\/posts\/13502","targetHints":{"allow":["GET"]}}],"collection":[{"href":"https:\/\/ipatingafc.com.br\/index.php\/wp-json\/wp\/v2\/posts"}],"about":[{"href":"https:\/\/ipatingafc.com.br\/index.php\/wp-json\/wp\/v2\/types\/post"}],"author":[{"embeddable":true,"href":"https:\/\/ipatingafc.com.br\/index.php\/wp-json\/wp\/v2\/users\/2"}],"replies":[{"embeddable":true,"href":"https:\/\/ipatingafc.com.br\/index.php\/wp-json\/wp\/v2\/comments?post=13502"}],"version-history":[{"count":0,"href":"https:\/\/ipatingafc.com.br\/index.php\/wp-json\/wp\/v2\/posts\/13502\/revisions"}],"wp:attachment":[{"href":"https:\/\/ipatingafc.com.br\/index.php\/wp-json\/wp\/v2\/media?parent=13502"}],"wp:term":[{"taxonomy":"category","embeddable":true,"href":"https:\/\/ipatingafc.com.br\/index.php\/wp-json\/wp\/v2\/categories?post=13502"},{"taxonomy":"post_tag","embeddable":true,"href":"https:\/\/ipatingafc.com.br\/index.php\/wp-json\/wp\/v2\/tags?post=13502"}],"curies":[{"name":"wp","href":"https:\/\/api.w.org\/{rel}","templated":true}]}}