{"id":13537,"date":"2024-09-06T04:22:51","date_gmt":"2024-09-06T07:22:51","guid":{"rendered":"https:\/\/ipatingafc.com.br\/index.php\/2024\/09\/06\/agencia-minas-gerais-previsao-do-tempo-para-minas-gerais-nesta-quarta-feira-4-de-setembro\/"},"modified":"2024-09-06T04:22:51","modified_gmt":"2024-09-06T07:22:51","slug":"agencia-minas-gerais-previsao-do-tempo-para-minas-gerais-nesta-quarta-feira-4-de-setembro","status":"publish","type":"post","link":"https:\/\/ipatingafc.com.br\/index.php\/2024\/09\/06\/agencia-minas-gerais-previsao-do-tempo-para-minas-gerais-nesta-quarta-feira-4-de-setembro\/","title":{"rendered":"Ag\u00eancia Minas Gerais | Previs\u00e3o do tempo para Minas Gerais nesta quarta-feira, 4 de setembro"},"content":{"rendered":"<p><\/p>\n<div>\n<p>Quarta-feira (4\/9) segue com tempo quente e seco em Minas Gerais. As temperaturas superam os 34\u00b0C em todas as regi\u00f5es mineiras, podendo chegar aos 39\u00b0C no Tri\u00e2ngulo Mineiro e Norte do estado. N\u00e3o h\u00e1 perspectiva de chuva para o estado at\u00e9 meados do m\u00eas.<\/p>\n<p>Clique aqui para conferir a previs\u00e3o completa do Instituto Nacional de Meteorologia (Inmet).<\/p>\n<\/p><\/div>\n","protected":false},"excerpt":{"rendered":"<p>Quarta-feira (4\/9) segue com tempo quente e seco em Minas Gerais. As temperaturas superam os&#8230;<\/p>\n","protected":false},"author":2,"featured_media":0,"comment_status":"open","ping_status":"open","sticky":false,"template":"","format":"standard","meta":{"footnotes":""},"categories":[],"tags":[],"class_list":["post-13537","post","type-post","status-publish","format-standard","hentry"],"amp_enabled":true,"_links":{"self":[{"href":"https:\/\/ipatingafc.com.br\/index.php\/wp-json\/wp\/v2\/posts\/13537","targetHints":{"allow":["GET"]}}],"collection":[{"href":"https:\/\/ipatingafc.com.br\/index.php\/wp-json\/wp\/v2\/posts"}],"about":[{"href":"https:\/\/ipatingafc.com.br\/index.php\/wp-json\/wp\/v2\/types\/post"}],"author":[{"embeddable":true,"href":"https:\/\/ipatingafc.com.br\/index.php\/wp-json\/wp\/v2\/users\/2"}],"replies":[{"embeddable":true,"href":"https:\/\/ipatingafc.com.br\/index.php\/wp-json\/wp\/v2\/comments?post=13537"}],"version-history":[{"count":0,"href":"https:\/\/ipatingafc.com.br\/index.php\/wp-json\/wp\/v2\/posts\/13537\/revisions"}],"wp:attachment":[{"href":"https:\/\/ipatingafc.com.br\/index.php\/wp-json\/wp\/v2\/media?parent=13537"}],"wp:term":[{"taxonomy":"category","embeddable":true,"href":"https:\/\/ipatingafc.com.br\/index.php\/wp-json\/wp\/v2\/categories?post=13537"},{"taxonomy":"post_tag","embeddable":true,"href":"https:\/\/ipatingafc.com.br\/index.php\/wp-json\/wp\/v2\/tags?post=13537"}],"curies":[{"name":"wp","href":"https:\/\/api.w.org\/{rel}","templated":true}]}}