{"id":13578,"date":"2024-09-07T17:12:21","date_gmt":"2024-09-07T20:12:21","guid":{"rendered":"https:\/\/ipatingafc.com.br\/index.php\/2024\/09\/07\/agencia-minas-gerais-biblioteca-publica-estadual-de-minas-gerais-abre-inscricoes-para-o-encontro-meu-negocio-e-literatura\/"},"modified":"2024-09-07T17:12:21","modified_gmt":"2024-09-07T20:12:21","slug":"agencia-minas-gerais-biblioteca-publica-estadual-de-minas-gerais-abre-inscricoes-para-o-encontro-meu-negocio-e-literatura","status":"publish","type":"post","link":"https:\/\/ipatingafc.com.br\/index.php\/2024\/09\/07\/agencia-minas-gerais-biblioteca-publica-estadual-de-minas-gerais-abre-inscricoes-para-o-encontro-meu-negocio-e-literatura\/","title":{"rendered":"Ag\u00eancia Minas Gerais | Biblioteca P\u00fablica Estadual de Minas Gerais abre inscri\u00e7\u00f5es para o encontro Meu Neg\u00f3cio \u00e9 Literatura"},"content":{"rendered":"<p><\/p>\n<div>\n<p>O Governo de Minas, por meio da Secretaria de Estado de Cultura e Turismo (Secult-MG) e da Biblioteca P\u00fablica Estadual, ter\u00e1 uma participa\u00e7\u00e3o especial na Expo Favela 2024, que acontece entre os dias 13 e 14\/9 na sede do Sebrae Minas, em Belo Horizonte.<\/p>\n<p>Dentre as atividades oferecidas para o p\u00fablico, destaca-se o encontro Meu Neg\u00f3cio \u00e9 Literatura, que \u00e9 oportunidade r\u00e1pida e eficaz para autores e editoras independentes apresentarem suas obras a leitores ou patrocinadores.<\/p>\n<p>A a\u00e7\u00e3o liter\u00e1ria ocorrer\u00e1 no dia 14\/9, no audit\u00f3rio 3, das 12h \u00e0s 15h. Os interessados poder\u00e3o se inscrever at\u00e9 esta sexta-feira (6\/9) neste\u00a0link.<\/p>\n<p>Ser\u00e3o selecionados 20 escritores e dez editoras independentes para apresentarem suas obras a uma comiss\u00e3o da biblioteca. Eles ter\u00e3o a oportunidade de fazer uma apresenta\u00e7\u00e3o r\u00e1pida e presencial de seu livro para uma comiss\u00e3o.<\/p>\n<p>A avalia\u00e7\u00e3o resultar\u00e1 na escolha de cinco editoras e dez autores que ter\u00e3o seus livros adquiridos, com um investimento total de R$ 30 mil, permitindo que seus livros integrem o acervo da Biblioteca P\u00fablica Estadual e sejam distribu\u00eddos pelo Sistema Estadual de Bibliotecas de Minas Gerais.<\/p>\n<p>Segundo o diretor do Livro, Leitura, Literatura e Bibliotecas de Minas Gerais, Lucas Amorim, em rela\u00e7\u00e3o \u00e0 cadeia produtiva do livro, \u00e9 essencial a cria\u00e7\u00e3o de condi\u00e7\u00f5es para a circula\u00e7\u00e3o e distribui\u00e7\u00e3o, promovendo a diversidade de obras.<\/p>\n<p>\u201cA aquisi\u00e7\u00e3o de t\u00edtulos de escritores e editoras independentes \u00e9 essencial para fomentar a produ\u00e7\u00e3o liter\u00e1ria mineira. Esse apoio proporciona aos autores a oportunidade de publicar e divulgar suas obras e valoriza a diversidade de vozes, permitindo que hist\u00f3rias e perspectivas variadas, especialmente de comunidades marginalizadas, tenham maior visibilidade\u201d, afirma Amorim.<\/p>\n<p>O Meu Neg\u00f3cio \u00e9 Literatura \u00e9 um programa do Governo de Minas em parceria com o Sebrae Minas, que visa promover uma acelera\u00e7\u00e3o da cadeia produtiva com foco no empreendedorismo criativo, tendo as bibliotecas p\u00fablicas como espa\u00e7os culturais para o desenvolvimento de atividades formativas e rodadas de neg\u00f3cios com o objetivo de ensinar como transformar talentos em renda.<\/p>\n<p>A a\u00e7\u00e3o liter\u00e1ria \u00e9 patrocinada pela Cemig, por meio da Lei Estadual de Incentivo \u00e0 Cultura, e realizado em parceria com a Associa\u00e7\u00e3o de Amigos da Biblioteca P\u00fablica Estadual.<\/p>\n<p>Os resultados da sele\u00e7\u00e3o ser\u00e3o anunciados no palco principal \u00e0s 16h30. A programa\u00e7\u00e3o da Biblioteca na Expo Favela tem correaliza\u00e7\u00e3o do Instituto Perif\u00e9rico e apoio do Sebrae.<\/p>\n<p><strong>Favela Liter\u00e1ria celebra 70 anos da Biblioteca<\/strong><\/p>\n<p>Al\u00e9m do Meu Neg\u00f3cio \u00e9 Literatura, a Expo Favela contar\u00e1 com outras atividades liter\u00e1rias, como slams de poesia, conta\u00e7\u00e3o de hist\u00f3rias e oficinas de livro cartonero, todas voltadas \u00e0 promo\u00e7\u00e3o da literatura mineira e \u00e0 valoriza\u00e7\u00e3o de autores locais.<\/p>\n<p>O estande da Biblioteca ser\u00e1 um espa\u00e7o dedicado \u00e0 promo\u00e7\u00e3o da literatura mineira, destacando autores locais e oferecendo uma programa\u00e7\u00e3o inovadora e acess\u00edvel para todos os visitantes, que ter\u00e3o acesso a importantes livros de autores de Minas Gerais, valorizando os escritores do estado e formando novos p\u00fablicos.<\/p>\n<p>De acordo com a diretora-presidente do Instituto Perif\u00e9rico, Gabriela Santoro, a\u00e7\u00f5es de incentivo \u00e0 leitura s\u00e3o muito importantes para forma\u00e7\u00e3o de novos p\u00fablicos e valoriza\u00e7\u00e3o dos escritores, em especial de Minas Gerais.<\/p>\n<p>\u201c\u00c9 muito gratificante participar pela segunda vez da Expo Favela, desta vez como correalizadores das a\u00e7\u00f5es da Biblioteca P\u00fablica Estadual de Minas Gerais. Esta parceria \u00e9 uma oportunidade \u00fanica de fortalecer o acesso \u00e0 leitura nas comunidades perif\u00e9ricas e valorizar o empreendedorismo social criativo\u201d, ressalta.<\/p>\n<p>\u201cAcreditamos que a\u00e7\u00f5es de incentivo \u00e0 leitura s\u00e3o fundamentais para empoderar indiv\u00edduos e transformar realidades. O conhecimento \u00e9 uma ferramenta poderosa, e promover a leitura \u00e9 essencial para construir um futuro mais justo e igualit\u00e1rio\u201d, conclui.<\/p>\n<\/p><\/div>\n","protected":false},"excerpt":{"rendered":"<p>O Governo de Minas, por meio da Secretaria de Estado de Cultura e Turismo (Secult-MG)&#8230;<\/p>\n","protected":false},"author":2,"featured_media":0,"comment_status":"open","ping_status":"open","sticky":false,"template":"","format":"standard","meta":{"footnotes":""},"categories":[],"tags":[],"class_list":["post-13578","post","type-post","status-publish","format-standard","hentry"],"amp_enabled":true,"_links":{"self":[{"href":"https:\/\/ipatingafc.com.br\/index.php\/wp-json\/wp\/v2\/posts\/13578","targetHints":{"allow":["GET"]}}],"collection":[{"href":"https:\/\/ipatingafc.com.br\/index.php\/wp-json\/wp\/v2\/posts"}],"about":[{"href":"https:\/\/ipatingafc.com.br\/index.php\/wp-json\/wp\/v2\/types\/post"}],"author":[{"embeddable":true,"href":"https:\/\/ipatingafc.com.br\/index.php\/wp-json\/wp\/v2\/users\/2"}],"replies":[{"embeddable":true,"href":"https:\/\/ipatingafc.com.br\/index.php\/wp-json\/wp\/v2\/comments?post=13578"}],"version-history":[{"count":0,"href":"https:\/\/ipatingafc.com.br\/index.php\/wp-json\/wp\/v2\/posts\/13578\/revisions"}],"wp:attachment":[{"href":"https:\/\/ipatingafc.com.br\/index.php\/wp-json\/wp\/v2\/media?parent=13578"}],"wp:term":[{"taxonomy":"category","embeddable":true,"href":"https:\/\/ipatingafc.com.br\/index.php\/wp-json\/wp\/v2\/categories?post=13578"},{"taxonomy":"post_tag","embeddable":true,"href":"https:\/\/ipatingafc.com.br\/index.php\/wp-json\/wp\/v2\/tags?post=13578"}],"curies":[{"name":"wp","href":"https:\/\/api.w.org\/{rel}","templated":true}]}}