{"id":13627,"date":"2024-09-10T02:24:38","date_gmt":"2024-09-10T05:24:38","guid":{"rendered":"https:\/\/ipatingafc.com.br\/index.php\/2024\/09\/10\/agencia-minas-gerais-ouvidoria-geral-do-estado-reforca-a-prevencao-e-o-combate-ao-assedio-moral-e-sexual\/"},"modified":"2024-09-10T02:24:38","modified_gmt":"2024-09-10T05:24:38","slug":"agencia-minas-gerais-ouvidoria-geral-do-estado-reforca-a-prevencao-e-o-combate-ao-assedio-moral-e-sexual","status":"publish","type":"post","link":"https:\/\/ipatingafc.com.br\/index.php\/2024\/09\/10\/agencia-minas-gerais-ouvidoria-geral-do-estado-reforca-a-prevencao-e-o-combate-ao-assedio-moral-e-sexual\/","title":{"rendered":"Ag\u00eancia Minas Gerais | Ouvidoria-Geral do Estado refor\u00e7a a preven\u00e7\u00e3o e o combate ao ass\u00e9dio moral e sexual"},"content":{"rendered":"<p><\/p>\n<div>\n<p>A Ouvidoria de Preven\u00e7\u00e3o e Combate ao Ass\u00e9dio Moral e Sexual foi criada em 2019, na gest\u00e3o do governador Romeu Zema, dentro do processo de reestrutura\u00e7\u00e3o da Ouvidoria-Geral do Estado de Minas Gerais (OGE-MG).\u00a0<\/p>\n<p>A ouvidoria tem\u00e1tica\u00a0\u00e9 a respons\u00e1vel pelo acolhimento de den\u00fancias de atos praticados por agentes p\u00fablicos do governo estadual, bem como pelo desenvolvimento de a\u00e7\u00f5es educativas nos \u00f3rg\u00e3os e demais esferas da administra\u00e7\u00e3o p\u00fablica.<\/p>\n<p>As a\u00e7\u00f5es s\u00e3o realizadas tamb\u00e9m em parceria com secretarias e unidades do Executivo. Exemplo vem de campanha nos sistemas prisionais e socioeducativos, em parceria com a Secretaria de Estado de Justi\u00e7a e Seguran\u00e7a P\u00fablica (Sejusp) e a Controladoria-Geral do Estado (CGE\/MG).<\/p>\n<p>\u00a0Ao todo, de mar\u00e7o a agosto deste ano, mais de 280 gestores foram capacitados nas Regi\u00f5es Integradas de Seguran\u00e7a P\u00fablica (RISPs), incluindo as macrorregi\u00f5es de Belo Horizonte, Montes Claros, Uberl\u00e2ndia, Pouso Alegre e, agora, Juiz de Fora.<\/p>\n<p>A medida reflete o empenho da OGE\/MG em trabalhar com transpar\u00eancia e lisura, refor\u00e7ar a urbanidade e a \u00e9tica no Poder Executivo Estadual.\u00a0<\/p>\n<p>\u201cNosso empenho \u00e9 manter um ambiente de trabalho saud\u00e1vel e respeitoso, livre de qualquer forma de ass\u00e9dio. Na Ouvidoria-Geral do Estado, continuamos com o firme prop\u00f3sito de avan\u00e7ar no sentido de prevenir e combater fortemente pr\u00e1ticas abusivas na Administra\u00e7\u00e3o P\u00fablica Estadual\u201d, destaca a ouvidora-geral do Estado, Simone Deoud.<\/p>\n<p><strong>Informa\u00e7\u00e3o e conscientiza\u00e7\u00e3o<\/strong><\/p>\n<p>Anualmente, a Ouvidoria-Geral do Estado, em parceria com a Secretaria de Estado de Planejamento e Gest\u00e3o (Seplag) e a CGE\/MG, organiza o Semin\u00e1rio Estadual de Preven\u00e7\u00e3o e Combate ao Ass\u00e9dio Moral, realizado todo m\u00eas de mar\u00e7o com a proposta de construir um Estado ainda mais acolhedor e atento ao bem-estar dos agentes p\u00fablicos.<\/p>\n<p>Ao longo do ano, tamb\u00e9m s\u00e3o realizadas campanhas e palestras espec\u00edficas nos \u00f3rg\u00e3os p\u00fablicos estaduais, com o objetivo de capacitar os servidores e gestores para que eles sejam multiplicadores do tema e possam influenciar e motivar os colegas de trabalho na preven\u00e7\u00e3o e combate ao ass\u00e9dio moral e sexual.<\/p>\n<p>Exemplo vem de grande campanha de conscientiza\u00e7\u00e3o em parceria com a Funda\u00e7\u00e3o Hospitalar do Estado de Minas Gerais (Fhemig).\u00a0<\/p>\n<p>Intitulada #TodosContraOAss\u00e9dio, a a\u00e7\u00e3o percorreu hospitais regionais e o Hospital Jo\u00e3o XXIII, em Belo Horizonte, com a realiza\u00e7\u00e3o de visitas t\u00e9cnicas e palestras. Tamb\u00e9m contou com a realiza\u00e7\u00e3o de a\u00e7\u00f5es do projeto Ouvidoria M\u00f3vel, que levou atendimento presencial e esclareceu d\u00favidas dos servidores.<\/p>\n<p><strong>Cartilhas<\/strong><\/p>\n<p>Tanto no site (www.ouvidoriageral.mg.gov.br) quanto no Instagram da OGE\/MG (@ouvidoriamg) est\u00e3o dispon\u00edveis as cartilhas de ass\u00e9dio moral e sexual para consulta.\u00a0<\/p>\n<p>Elas foram criadas com o objetivo de explicar &#8220;o que \u00e9&#8221; e &#8220;o que n\u00e3o \u00e9&#8221; ass\u00e9dio, orientar os servidores p\u00fablicos estaduais e divulgar os canais para o registro de den\u00fancias.<\/p>\n<p><strong>A OGE-MG mant\u00e9m os seguintes canais de atendimento<\/strong>:<\/p>\n<p>&#8211; Bel, assistente virtual da OGE\/MG &#8211; (31) 3915-2022 (Whatsapp)<\/p>\n<p>&#8211; www.ouvidoriageral.mg.gov.br<\/p>\n<p>&#8211; MG App (dispon\u00edvel para Android e IOS<\/p>\n<p>&#8211; 162 &#8211; Disque-Ouvidoria \/ 136 \u2013 Disque-Sa\u00fade<\/p>\n<\/p><\/div>\n","protected":false},"excerpt":{"rendered":"<p>A Ouvidoria de Preven\u00e7\u00e3o e Combate ao Ass\u00e9dio Moral e Sexual foi criada em 2019,&#8230;<\/p>\n","protected":false},"author":2,"featured_media":0,"comment_status":"open","ping_status":"open","sticky":false,"template":"","format":"standard","meta":{"footnotes":""},"categories":[],"tags":[],"class_list":["post-13627","post","type-post","status-publish","format-standard","hentry"],"amp_enabled":true,"_links":{"self":[{"href":"https:\/\/ipatingafc.com.br\/index.php\/wp-json\/wp\/v2\/posts\/13627","targetHints":{"allow":["GET"]}}],"collection":[{"href":"https:\/\/ipatingafc.com.br\/index.php\/wp-json\/wp\/v2\/posts"}],"about":[{"href":"https:\/\/ipatingafc.com.br\/index.php\/wp-json\/wp\/v2\/types\/post"}],"author":[{"embeddable":true,"href":"https:\/\/ipatingafc.com.br\/index.php\/wp-json\/wp\/v2\/users\/2"}],"replies":[{"embeddable":true,"href":"https:\/\/ipatingafc.com.br\/index.php\/wp-json\/wp\/v2\/comments?post=13627"}],"version-history":[{"count":0,"href":"https:\/\/ipatingafc.com.br\/index.php\/wp-json\/wp\/v2\/posts\/13627\/revisions"}],"wp:attachment":[{"href":"https:\/\/ipatingafc.com.br\/index.php\/wp-json\/wp\/v2\/media?parent=13627"}],"wp:term":[{"taxonomy":"category","embeddable":true,"href":"https:\/\/ipatingafc.com.br\/index.php\/wp-json\/wp\/v2\/categories?post=13627"},{"taxonomy":"post_tag","embeddable":true,"href":"https:\/\/ipatingafc.com.br\/index.php\/wp-json\/wp\/v2\/tags?post=13627"}],"curies":[{"name":"wp","href":"https:\/\/api.w.org\/{rel}","templated":true}]}}