{"id":13783,"date":"2024-09-14T12:17:34","date_gmt":"2024-09-14T15:17:34","guid":{"rendered":"https:\/\/ipatingafc.com.br\/index.php\/2024\/09\/14\/agencia-minas-gerais-previdencia-faz-quarta-chamada-de-servidores-aprovados-no-concurso-2023\/"},"modified":"2024-09-14T12:17:34","modified_gmt":"2024-09-14T15:17:34","slug":"agencia-minas-gerais-previdencia-faz-quarta-chamada-de-servidores-aprovados-no-concurso-2023","status":"publish","type":"post","link":"https:\/\/ipatingafc.com.br\/index.php\/2024\/09\/14\/agencia-minas-gerais-previdencia-faz-quarta-chamada-de-servidores-aprovados-no-concurso-2023\/","title":{"rendered":"Ag\u00eancia Minas Gerais | Previd\u00eancia faz\u00a0quarta chamada de servidores aprovados no concurso 2023\u00a0"},"content":{"rendered":"<p><\/p>\n<div>\n<p>O Instituto de Previd\u00eancia dos Servidores do Estado de Minas Gerias (Ipsemg) publicou nesta sexta-feira (13\/9), no\u00a0<u>Di\u00e1rio Oficial do Estado de Minas Gerais<\/u>, mais uma nomea\u00e7\u00e3o dos candidatos aprovados no Concurso P\u00fablico\/Edital Ipsemg n\u00b001\/23. Esta \u00e9 a quarta chamada de profissionais aprovados no \u00faltimo concurso.\u00a0<\/p>\n<p>Os 32 novos profissionais correspondem a diversas \u00e1reas: enfermeiros, fisioterapeutas, m\u00e9dicos de diferentes especialidades, farmac\u00eauticos, t\u00e9cnicos, entre outros. Todos foram nomeados para integrar a equipe assistencial do Instituto.<\/p>\n<p>Os profissionais convocados ir\u00e3o desempenhar suas atividades na rede pr\u00f3pria do instituto em Belo Horizonte, no Hospital Governador Israel Pinheiro (HGIP), no Centro de Especialidades M\u00e9dicas (CEM) e na Ger\u00eancia Odontol\u00f3gica (Geodont). Ampliando os recursos humanos dispon\u00edveis para atender \u00e0s necessidades da institui\u00e7\u00e3o.\u00a0\u00a0<\/p>\n<p><b>\u00a0Pr\u00f3ximas Etapas\u00a0<\/b>\u00a0<\/p>\n<p>A pr\u00f3xima etapa envolver\u00e1 a convoca\u00e7\u00e3o dos nomeados para exame admissional, sob responsabilidade da Superintend\u00eancia Central de Per\u00edcia M\u00e9dica e Sa\u00fade Ocupacional da Secretaria de Estado e Planejamento e Gest\u00e3o (Seplag). As datas e hor\u00e1rios do acolhimento e dos exames ser\u00e3o comunicados pela equipe do Ipsemg.\u00a0\u00a0<\/p>\n<p>Para mais detalhes sobre o processo de convoca\u00e7\u00e3o e demais informa\u00e7\u00f5es, os interessados podem acessar o site oficial do Ipsemg e ir ao menu Transpar\u00eancia &gt; Concursos &gt; Concurso P\u00fablico 2023 ou <u>clique aqui.<\/u>\u00a0\u00a0\u00a0<\/p>\n<p><b>Sobre o Concurso P\u00fablico Ipsemg 2023<\/b>\u00a0<\/p>\n<p>No dia 18 de outubro de 2023, foram publicados os nomes dos 279 candidatos aprovados no Concurso P\u00fablico Seplag\/Ipsemg 01\/2023, de 14 de fevereiro de 2023, com a finalidade de integrar a equipe da rede pr\u00f3pria do Ipsemg.\u00a0<\/p>\n<p>Esta nova convoca\u00e7\u00e3o tem por objetivo preencher as vagas que n\u00e3o foram ocupadas durante a primeira convoca\u00e7\u00e3o. O Ipsemg e a Seplag\u00a0est\u00e3o avaliando a possibilidade de nomear mais candidatos conforme vac\u00e2ncia.<\/p>\n<p>\u00a0<\/p>\n<\/p><\/div>\n","protected":false},"excerpt":{"rendered":"<p>O Instituto de Previd\u00eancia dos Servidores do Estado de Minas Gerias (Ipsemg) publicou nesta sexta-feira&#8230;<\/p>\n","protected":false},"author":2,"featured_media":0,"comment_status":"","ping_status":"","sticky":false,"template":"","format":"standard","meta":{"footnotes":""},"categories":[2],"tags":[],"class_list":["post-13783","post","type-post","status-publish","format-standard","hentry","category-jogos-ao-vivo"],"amp_enabled":true,"_links":{"self":[{"href":"https:\/\/ipatingafc.com.br\/index.php\/wp-json\/wp\/v2\/posts\/13783","targetHints":{"allow":["GET"]}}],"collection":[{"href":"https:\/\/ipatingafc.com.br\/index.php\/wp-json\/wp\/v2\/posts"}],"about":[{"href":"https:\/\/ipatingafc.com.br\/index.php\/wp-json\/wp\/v2\/types\/post"}],"author":[{"embeddable":true,"href":"https:\/\/ipatingafc.com.br\/index.php\/wp-json\/wp\/v2\/users\/2"}],"replies":[{"embeddable":true,"href":"https:\/\/ipatingafc.com.br\/index.php\/wp-json\/wp\/v2\/comments?post=13783"}],"version-history":[{"count":0,"href":"https:\/\/ipatingafc.com.br\/index.php\/wp-json\/wp\/v2\/posts\/13783\/revisions"}],"wp:attachment":[{"href":"https:\/\/ipatingafc.com.br\/index.php\/wp-json\/wp\/v2\/media?parent=13783"}],"wp:term":[{"taxonomy":"category","embeddable":true,"href":"https:\/\/ipatingafc.com.br\/index.php\/wp-json\/wp\/v2\/categories?post=13783"},{"taxonomy":"post_tag","embeddable":true,"href":"https:\/\/ipatingafc.com.br\/index.php\/wp-json\/wp\/v2\/tags?post=13783"}],"curies":[{"name":"wp","href":"https:\/\/api.w.org\/{rel}","templated":true}]}}