{"id":13858,"date":"2024-09-17T01:24:50","date_gmt":"2024-09-17T04:24:50","guid":{"rendered":"https:\/\/ipatingafc.com.br\/index.php\/2024\/09\/17\/agencia-minas-gerais-fapemig-assina-acordo-de-cooperacao-cientifica-com-a-fapesp\/"},"modified":"2024-09-17T01:24:50","modified_gmt":"2024-09-17T04:24:50","slug":"agencia-minas-gerais-fapemig-assina-acordo-de-cooperacao-cientifica-com-a-fapesp","status":"publish","type":"post","link":"https:\/\/ipatingafc.com.br\/index.php\/2024\/09\/17\/agencia-minas-gerais-fapemig-assina-acordo-de-cooperacao-cientifica-com-a-fapesp\/","title":{"rendered":"Ag\u00eancia Minas Gerais | Fapemig assina acordo de coopera\u00e7\u00e3o cient\u00edfica com a Fapesp"},"content":{"rendered":"<p><\/p>\n<div>\n<p>A Funda\u00e7\u00e3o de Amparo \u00e0 Pesquisa do Estado de Minas Gerais (Fapemig) e a Funda\u00e7\u00e3o de Amparo \u00e0 Pesquisa do Estado de S\u00e3o Paulo (Fapesp) firmaram um acordo de coopera\u00e7\u00e3o cient\u00edfica e tecnol\u00f3gica que ir\u00e1 viabilizar o lan\u00e7amento de chamadas futuras, o apoio a projetos, programas e outras iniciativas at\u00e9 setembro de 2029.<\/p>\n<p>O documento foi assinado pelo presidente da Fapemig, Carlos Arruda, e pelo presidente da Fapesp, Marco Antonio Zago, em S\u00e3o Paulo, em 13\/9.<\/p>\n<p>A parceria busca promover a coopera\u00e7\u00e3o e o interc\u00e2mbio de conhecimentos em \u00e1reas de interesse para o desenvolvimento econ\u00f4mico e social sustent\u00e1vel de Minas Gerais e de S\u00e3o Paulo.<\/p>\n<p>As \u00e1reas priorit\u00e1rias ser\u00e3o transi\u00e7\u00e3o energ\u00e9tica, seguran\u00e7a alimentar, agrotecnologia e agroneg\u00f3cio, tecnologias qu\u00e2nticas; materiais avan\u00e7ados, nanotecnologia, sa\u00fade humana, imunobiol\u00f3gicos e biof\u00e1rmacos, intelig\u00eancia artificial e IoT, comunica\u00e7\u00e3o 5G e 6G, seguran\u00e7a cibern\u00e9tica e educa\u00e7\u00e3o.<\/p>\n<p>\u201cO objetivo \u00e9 identificar \u00e1reas de conhecimento em que ICTs mineiras estejam avan\u00e7adas e bens desenvolvidas e buscar mecanismos de coopera\u00e7\u00e3o com as ICTs paulistas\u201d, declarou Carlos Arruda.<\/p>\n<p><strong>Visita<\/strong><\/p>\n<p>Em visita \u00e0 Fapemig, o diretor-presidente do Conselho T\u00e9cnico-Administrativo da Fapesp, Carlos Am\u00e9rico Pacheco comentou sobre o acordo.<\/p>\n<p>Para ele, esse tipo de parceria contribui para impulsionar o impacto da produ\u00e7\u00e3o cient\u00edfica em ambos estados.<\/p>\n<p>\u201cTemos clareza de que essa coopera\u00e7\u00e3o \u00e9 muito \u00fatil. H\u00e1 v\u00e1rias possibilidades de coopera\u00e7\u00e3o em v\u00e1rias \u00e1reas que estamos estudando, nas quais h\u00e1 compet\u00eancia em Minas e em S\u00e3o Paulo, e h\u00e1 diversos tipos de problemas que exigem alguma pesquisa colaborativa, aplicada, que tamb\u00e9m s\u00e3o est\u00edmulos a este tipo de coopera\u00e7\u00e3o\u201d, declarou Pacheco.<\/p>\n<\/p><\/div>\n","protected":false},"excerpt":{"rendered":"<p>A Funda\u00e7\u00e3o de Amparo \u00e0 Pesquisa do Estado de Minas Gerais (Fapemig) e a Funda\u00e7\u00e3o&#8230;<\/p>\n","protected":false},"author":2,"featured_media":0,"comment_status":"","ping_status":"","sticky":false,"template":"","format":"standard","meta":{"footnotes":""},"categories":[2],"tags":[],"class_list":["post-13858","post","type-post","status-publish","format-standard","hentry","category-jogos-ao-vivo"],"amp_enabled":true,"_links":{"self":[{"href":"https:\/\/ipatingafc.com.br\/index.php\/wp-json\/wp\/v2\/posts\/13858","targetHints":{"allow":["GET"]}}],"collection":[{"href":"https:\/\/ipatingafc.com.br\/index.php\/wp-json\/wp\/v2\/posts"}],"about":[{"href":"https:\/\/ipatingafc.com.br\/index.php\/wp-json\/wp\/v2\/types\/post"}],"author":[{"embeddable":true,"href":"https:\/\/ipatingafc.com.br\/index.php\/wp-json\/wp\/v2\/users\/2"}],"replies":[{"embeddable":true,"href":"https:\/\/ipatingafc.com.br\/index.php\/wp-json\/wp\/v2\/comments?post=13858"}],"version-history":[{"count":0,"href":"https:\/\/ipatingafc.com.br\/index.php\/wp-json\/wp\/v2\/posts\/13858\/revisions"}],"wp:attachment":[{"href":"https:\/\/ipatingafc.com.br\/index.php\/wp-json\/wp\/v2\/media?parent=13858"}],"wp:term":[{"taxonomy":"category","embeddable":true,"href":"https:\/\/ipatingafc.com.br\/index.php\/wp-json\/wp\/v2\/categories?post=13858"},{"taxonomy":"post_tag","embeddable":true,"href":"https:\/\/ipatingafc.com.br\/index.php\/wp-json\/wp\/v2\/tags?post=13858"}],"curies":[{"name":"wp","href":"https:\/\/api.w.org\/{rel}","templated":true}]}}