{"id":13871,"date":"2024-09-17T10:03:24","date_gmt":"2024-09-17T13:03:24","guid":{"rendered":"https:\/\/ipatingafc.com.br\/index.php\/2024\/09\/17\/agencia-minas-gerais-cemig-abre-inscricoes-para-curso-de-aprendizagem-industrial-de-eletricista-de-redes-aereas-de-distribuicao\/"},"modified":"2024-09-17T10:03:24","modified_gmt":"2024-09-17T13:03:24","slug":"agencia-minas-gerais-cemig-abre-inscricoes-para-curso-de-aprendizagem-industrial-de-eletricista-de-redes-aereas-de-distribuicao","status":"publish","type":"post","link":"https:\/\/ipatingafc.com.br\/index.php\/2024\/09\/17\/agencia-minas-gerais-cemig-abre-inscricoes-para-curso-de-aprendizagem-industrial-de-eletricista-de-redes-aereas-de-distribuicao\/","title":{"rendered":"Ag\u00eancia Minas Gerais | Cemig abre inscri\u00e7\u00f5es para curso de Aprendizagem Industrial de Eletricista de Redes A\u00e9reas de Distribui\u00e7\u00e3o"},"content":{"rendered":"<p><\/p>\n<div>\n<p>A Cemig iniciou o processo seletivo para o ciclo 2025 do curso de Aprendizagem Industrial de Eletricista de Redes A\u00e9reas de Distribui\u00e7\u00e3o de Energia El\u00e9trica.<\/p>\n<p>A iniciativa \u00e9 uma parceria com o Servi\u00e7o Nacional de Aprendizagem Industrial (Senai) e visa capacitar jovens para atuarem no setor el\u00e9trico, suprindo uma demanda crescente por profissionais qualificados nessa \u00e1rea.<\/p>\n<p>As inscri\u00e7\u00f5es est\u00e3o abertas e podem ser realizadas at\u00e9 o dia 29\/9 no portal da Cemig.<\/p>\n<p>Ao todo, s\u00e3o mais de 200 vagas a serem preenchidas para duas turmas que far\u00e3o o curso em 2025, no primeiro e no segundo semestre, nas cidades de Belo Horizonte, Montes Claros, Uberl\u00e2ndia, Juiz de Fora, Governador Valadares e Par\u00e1 de Minas.<\/p>\n<p>O curso, que \u00e9 gratuito, ter\u00e1 in\u00edcio em janeiro de 2025 e tem dura\u00e7\u00e3o de aproximadamente seis meses, e acontece em per\u00edodo integral (manh\u00e3 e tarde).<\/p>\n<p>Podem se candidatar alunos de escola p\u00fablica que estejam cursando o ensino m\u00e9dio ou que j\u00e1 tenham conclu\u00eddo, com idade entre 18 e 22 anos. Os estudantes receber\u00e3o como benef\u00edcios bolsa de um sal\u00e1rio m\u00ednimo, vale-refei\u00e7\u00e3o de R$ 1.579,66, vale-transporte e seguro de vida.<\/p>\n<p>O curso tem o objetivo de preparar profissionais para atuar, ao ar livre, em atividades relacionadas \u00e0 manuten\u00e7\u00e3o e \u00e0 montagem da rede de energia el\u00e9trica, em empresas terceirizadas da Cemig.<\/p>\n<p>As atividades incluem manusear ferramentas e equipamentos de manuten\u00e7\u00e3o el\u00e9trica, transportar as bolsas de ferramentas e equipamentos de sua responsabilidade para \u00e1rea de trabalho, bem como escadas para o uso em manuten\u00e7\u00f5es das redes a\u00e9reas do sistema el\u00e9trico, utilizando os devidos equipamentos de seguran\u00e7a.<\/p>\n<\/p><\/div>\n","protected":false},"excerpt":{"rendered":"<p>A Cemig iniciou o processo seletivo para o ciclo 2025 do curso de Aprendizagem Industrial&#8230;<\/p>\n","protected":false},"author":2,"featured_media":0,"comment_status":"","ping_status":"","sticky":false,"template":"","format":"standard","meta":{"footnotes":""},"categories":[2],"tags":[],"class_list":["post-13871","post","type-post","status-publish","format-standard","hentry","category-jogos-ao-vivo"],"amp_enabled":true,"_links":{"self":[{"href":"https:\/\/ipatingafc.com.br\/index.php\/wp-json\/wp\/v2\/posts\/13871","targetHints":{"allow":["GET"]}}],"collection":[{"href":"https:\/\/ipatingafc.com.br\/index.php\/wp-json\/wp\/v2\/posts"}],"about":[{"href":"https:\/\/ipatingafc.com.br\/index.php\/wp-json\/wp\/v2\/types\/post"}],"author":[{"embeddable":true,"href":"https:\/\/ipatingafc.com.br\/index.php\/wp-json\/wp\/v2\/users\/2"}],"replies":[{"embeddable":true,"href":"https:\/\/ipatingafc.com.br\/index.php\/wp-json\/wp\/v2\/comments?post=13871"}],"version-history":[{"count":0,"href":"https:\/\/ipatingafc.com.br\/index.php\/wp-json\/wp\/v2\/posts\/13871\/revisions"}],"wp:attachment":[{"href":"https:\/\/ipatingafc.com.br\/index.php\/wp-json\/wp\/v2\/media?parent=13871"}],"wp:term":[{"taxonomy":"category","embeddable":true,"href":"https:\/\/ipatingafc.com.br\/index.php\/wp-json\/wp\/v2\/categories?post=13871"},{"taxonomy":"post_tag","embeddable":true,"href":"https:\/\/ipatingafc.com.br\/index.php\/wp-json\/wp\/v2\/tags?post=13871"}],"curies":[{"name":"wp","href":"https:\/\/api.w.org\/{rel}","templated":true}]}}