{"id":13877,"date":"2024-09-17T13:12:44","date_gmt":"2024-09-17T16:12:44","guid":{"rendered":"https:\/\/ipatingafc.com.br\/index.php\/2024\/09\/17\/agencia-minas-gerais-governo-de-minas-investe-em-plataforma-que-reune-todos-os-servicos-de-seguranca-publica-disponiveis-para-o-cidadao\/"},"modified":"2024-09-17T13:12:44","modified_gmt":"2024-09-17T16:12:44","slug":"agencia-minas-gerais-governo-de-minas-investe-em-plataforma-que-reune-todos-os-servicos-de-seguranca-publica-disponiveis-para-o-cidadao","status":"publish","type":"post","link":"https:\/\/ipatingafc.com.br\/index.php\/2024\/09\/17\/agencia-minas-gerais-governo-de-minas-investe-em-plataforma-que-reune-todos-os-servicos-de-seguranca-publica-disponiveis-para-o-cidadao\/","title":{"rendered":"Ag\u00eancia Minas Gerais | Governo de Minas investe em plataforma que re\u00fane todos os servi\u00e7os de Seguran\u00e7a P\u00fablica dispon\u00edveis para o cidad\u00e3o"},"content":{"rendered":"<p><\/p>\n<div>\n<section class=\"news-related \/ col-md-4 col-lg-3 \/ margin-md-bottom-2 margin-left-1 \/ pull-right \/ hidden-xs hidden-sm\">\n<header>\n<p class=\"text-title-section \/ margin-bottom-1\">Relacionadas<\/p>\n<\/header>\n<p>\t\t\t\t\t\t\t<main><\/p>\n<hr class=\"row margin-md-bottom-2\"\/>\n\t\t\t\t\t\t\t<\/main><br \/>\n\t\t\t\t\t\t<\/section>\n<p>Seguran\u00e7a em Rede \u00e9 a nova plataforma do Governo de Minas que re\u00fane informa\u00e7\u00f5es sobre todos os servi\u00e7os de Seguran\u00e7a P\u00fablica dispon\u00edveis para o cidad\u00e3o mineiro. Ao clicar em segurancaemrede.com.br a popula\u00e7\u00e3o encontrar\u00e1 descri\u00e7\u00f5es sobre os canais de atendimento e os demais equipamentos e servi\u00e7os de Seguran\u00e7a P\u00fablica dispon\u00edveis no estado.<\/p>\n<p>O objetivo do novo site \u00e9 esclarecer e facilitar a compreens\u00e3o sobre os diferentes canais e servi\u00e7os existentes para que, no momento de necessidade, o cidad\u00e3o saiba o caminho certo para pedir a ajuda das For\u00e7as de Seguran\u00e7a ou at\u00e9 mesmo para buscar informa\u00e7\u00f5es.<\/p>\n<p>De acordo com levantamento da Secretaria de Estado de Justi\u00e7a e Seguran\u00e7a P\u00fablica (Sejusp), os canais de atendimento 190, 193, 197, 181 e Emerg\u00eancia MG, juntos, somam cerca de 13 mil chamados por dia. Os n\u00fameros fizeram com que o Governo de Minas buscasse fornecer ao cidad\u00e3o mais informa\u00e7\u00f5es sobre cada um desses canais para aprimorar ainda mais o atendimento.<\/p>\n<p>Em caso de um beb\u00ea engasgado, por exemplo, a quem a pessoa deve recorrer para pedir por socorro? Muitas recorrem ao 190 diretamente; mas elas tamb\u00e9m podem ligar para o Corpo de Bombeiros Militar, via 193, ou at\u00e9 mesmo acionar o outro rec\u00e9m-lan\u00e7ado servi\u00e7o do Governo de Minas, que \u00e9 o Emerg\u00eancia MG, por meio do qual \u00e9 poss\u00edvel fazer chamada de v\u00eddeo para receber as orienta\u00e7\u00f5es de um militar<\/p>\n<p>&#8220;A preven\u00e7\u00e3o \u00e0 criminalidade em Minas Gerais \u00e9 muito importante e assunto que tratamos como prioridade durante minha gest\u00e3o. Aqui, em Minas, as For\u00e7as de Seguran\u00e7a atuam de forma integrada&#8221;, destacou\u00a0o governador Romeu Zema.\u00a0<\/p>\n<p>\u00a0<\/p>\n<table align=\"center\" border=\"0\" cellpadding=\"1\" cellspacing=\"1\" style=\"width: 100%;\">&#13;<\/p>\n<tbody>&#13;<\/p>\n<tr>&#13;<\/p>\n<td colspan=\"5\" style=\"text-align: center; vertical-align: middle;\">&#13;<\/p>\n<p style=\"text-align:center\">\n<p>&#13;\n\t\t\t<\/td>\n<p>&#13;<br \/>\n\t\t<\/tr>\n<p>&#13;<\/p>\n<tr>&#13;<\/p>\n<td style=\"text-align: center; vertical-align: middle;\">\u00a0<\/td>\n<p>&#13;<\/p>\n<td colspan=\"3\" rowspan=\"3\" style=\"text-align: center; vertical-align: middle;\">&#13;<br \/>\n\t\t\t&#13;\n\t\t\t<\/td>\n<p>&#13;<\/p>\n<td style=\"text-align: center; vertical-align: middle;\">\u00a0<\/td>\n<p>&#13;<br \/>\n\t\t<\/tr>\n<p>&#13;<\/p>\n<tr>&#13;<\/p>\n<td style=\"text-align: center; vertical-align: middle;\">\u00a0<\/td>\n<p>&#13;<\/p>\n<td style=\"text-align: center; vertical-align: middle;\">\u00a0<\/td>\n<p>&#13;<br \/>\n\t\t<\/tr>\n<p>&#13;<\/p>\n<tr>&#13;<\/p>\n<td style=\"text-align: center; vertical-align: middle;\">\u00a0<\/td>\n<p>&#13;<\/p>\n<td style=\"text-align: center; vertical-align: middle;\">\u00a0<\/td>\n<p>&#13;<br \/>\n\t\t<\/tr>\n<p>&#13;<\/p>\n<tr>&#13;<\/p>\n<td colspan=\"5\" style=\"text-align: center; vertical-align: middle;\">&#13;<\/p>\n<p style=\"text-align:center\">\n<p>&#13;\n\t\t\t<\/td>\n<p>&#13;<br \/>\n\t\t<\/tr>\n<p>&#13;<br \/>\n\t<\/tbody>\n<p>&#13;<br \/>\n<\/table>\n<p>O governador refor\u00e7ou\u00a0ainda que o novo site vai ajudar mineiros que t\u00eam d\u00favida sobre qual servi\u00e7o ou\u00a0For\u00e7a de Seguran\u00e7a acionar, e lembrou que o acesso ao canal vai facilitar essa idetifica\u00e7\u00e3o. Romeu Zema tamb\u00e9m refor\u00e7ou que o site vai receber den\u00fancias e convocou a popula\u00e7\u00e3o a participar dessa\u00a0rede para ajudar na constru\u00e7\u00e3o de um estado mais seguro.\u00a0<\/p>\n<p>&#8220;\u00c9 fundamental que todos os mineiros participem para formar uma rede mais segura em todo o estado&#8221;, encerrou.\u00a0 \u00a0\u00a0.<\/p>\n<p><strong>Facilidade e agilidade\u00a0<\/strong><\/p>\n<p>\u201cO objetivo do site \u00e9 mostrar as especificidades de cada servi\u00e7o. Vamos refinar cada vez mais as informa\u00e7\u00f5es para que o Seguran\u00e7a em Rede seja um portal onde o cidad\u00e3o poder\u00e1 encontrar os endere\u00e7os e contatos de todos os nossos equipamentos de seguran\u00e7a p\u00fablica espalhados por toda Minas Gerais\u201d, avalia o secret\u00e1rio de Estado de Justi\u00e7a e Seguran\u00e7a P\u00fablica (Sejusp), Rog\u00e9rio Greco.<\/p>\n<p>Na p\u00e1gina inicial do site, por meio de um filtro com as ocorr\u00eancias mais comuns, o cidad\u00e3o pode verificar a quem recorrer diante de uma necessidade. Ainda, por meio de um mapa com georreferenciamento, \u00e9 poss\u00edvel saber quais s\u00e3o as bases comunit\u00e1rias da Pol\u00edcia Militar mais pr\u00f3ximas do seu CEP.<\/p>\n<p>Em breve, o sistema ser\u00e1 abastecido com a localiza\u00e7\u00e3o de todos os equipamentos de seguran\u00e7a p\u00fablica dispon\u00edveis em todas as regi\u00f5es do estado, como delegacias, batalh\u00f5es, companhias e unidades de preven\u00e7\u00e3o \u00e0 criminalidade.\u00a0<\/p>\n<p>Ao todo, h\u00e1 mais de 1,2 mil equipamentos das For\u00e7as de Seguran\u00e7a instalados em Minas, al\u00e9m dos comandos de avia\u00e7\u00e3o da PM e BM, que permitem a maior capilaridade do atendimento das for\u00e7as, garantindo mais seguran\u00e7a e salvamento para os mineiros.<\/p>\n<p><strong>Integra\u00e7\u00e3o com a comunidade<\/strong><\/p>\n<p>Uma campanha do Governo de Minas para divulgar o novo site chama a aten\u00e7\u00e3o para a necessidade de uma maior integra\u00e7\u00e3o entre as for\u00e7as de seguran\u00e7a e a comunidade.\u00a0<\/p>\n<p>Com o slogan \u201cQuando pol\u00edcia e comunidade jogam em rede, a seguran\u00e7a ganha\u201d o estado pede para que a sociedade possa contribuir cada vez mais com a seguran\u00e7a p\u00fablica.<\/p>\n<p>A Rede de Vizinhos protegidos e o Disque Den\u00fancia 181, por exemplo, s\u00e3o servi\u00e7os que dependem 100% da participa\u00e7\u00e3o popular. Somente o 181, canal de liga\u00e7\u00f5es an\u00f4nimas, recebe uma m\u00e9dia de 860 chamadas por dia. Em julho, de acordo com levantamento da Sejusp, foram 25.040 liga\u00e7\u00f5es atendidas.<\/p>\n<p>Para o governador Romeu Zema, al\u00e9m da integra\u00e7\u00e3o das for\u00e7as de seguran\u00e7a, a participa\u00e7\u00e3o ativa da comunidade por meio de den\u00fancias \u00e9 essencial na luta contra a criminalidade.\u00a0<\/p>\n<p>\u201cOs cidad\u00e3os s\u00e3o frequentemente os primeiros a perceber atividades suspeitas e podem fornecer informa\u00e7\u00f5es vitais que ajudam as autoridades a prevenir e a solucionar crimes\u201d, encerra.<\/p>\n<\/p><\/div>\n","protected":false},"excerpt":{"rendered":"<p>Relacionadas Seguran\u00e7a em Rede \u00e9 a nova plataforma do Governo de Minas que re\u00fane informa\u00e7\u00f5es&#8230;<\/p>\n","protected":false},"author":2,"featured_media":0,"comment_status":"","ping_status":"","sticky":false,"template":"","format":"standard","meta":{"footnotes":""},"categories":[2],"tags":[],"class_list":["post-13877","post","type-post","status-publish","format-standard","hentry","category-jogos-ao-vivo"],"amp_enabled":true,"_links":{"self":[{"href":"https:\/\/ipatingafc.com.br\/index.php\/wp-json\/wp\/v2\/posts\/13877","targetHints":{"allow":["GET"]}}],"collection":[{"href":"https:\/\/ipatingafc.com.br\/index.php\/wp-json\/wp\/v2\/posts"}],"about":[{"href":"https:\/\/ipatingafc.com.br\/index.php\/wp-json\/wp\/v2\/types\/post"}],"author":[{"embeddable":true,"href":"https:\/\/ipatingafc.com.br\/index.php\/wp-json\/wp\/v2\/users\/2"}],"replies":[{"embeddable":true,"href":"https:\/\/ipatingafc.com.br\/index.php\/wp-json\/wp\/v2\/comments?post=13877"}],"version-history":[{"count":0,"href":"https:\/\/ipatingafc.com.br\/index.php\/wp-json\/wp\/v2\/posts\/13877\/revisions"}],"wp:attachment":[{"href":"https:\/\/ipatingafc.com.br\/index.php\/wp-json\/wp\/v2\/media?parent=13877"}],"wp:term":[{"taxonomy":"category","embeddable":true,"href":"https:\/\/ipatingafc.com.br\/index.php\/wp-json\/wp\/v2\/categories?post=13877"},{"taxonomy":"post_tag","embeddable":true,"href":"https:\/\/ipatingafc.com.br\/index.php\/wp-json\/wp\/v2\/tags?post=13877"}],"curies":[{"name":"wp","href":"https:\/\/api.w.org\/{rel}","templated":true}]}}