{"id":13880,"date":"2024-09-17T14:46:40","date_gmt":"2024-09-17T17:46:40","guid":{"rendered":"https:\/\/ipatingafc.com.br\/index.php\/2024\/09\/17\/agencia-minas-gerais-secretaria-de-agricultura-apresenta-cursos-e-atualizacoes-de-mercado-na-94a-semana-do-fazendeiro-em-vicosa\/"},"modified":"2024-09-17T14:46:40","modified_gmt":"2024-09-17T17:46:40","slug":"agencia-minas-gerais-secretaria-de-agricultura-apresenta-cursos-e-atualizacoes-de-mercado-na-94a-semana-do-fazendeiro-em-vicosa","status":"publish","type":"post","link":"https:\/\/ipatingafc.com.br\/index.php\/2024\/09\/17\/agencia-minas-gerais-secretaria-de-agricultura-apresenta-cursos-e-atualizacoes-de-mercado-na-94a-semana-do-fazendeiro-em-vicosa\/","title":{"rendered":"Ag\u00eancia Minas Gerais | Secretaria de Agricultura apresenta cursos e atualiza\u00e7\u00f5es de mercado na 94\u00aa Semana do Fazendeiro, em Vi\u00e7osa"},"content":{"rendered":"<p><\/p>\n<div>\n<p>A Secretaria de Estado de Agricultura, Pecu\u00e1ria e Abastecimento (Seapa) participa da 94\u00aa Semana do Fazendeiro com cursos, eventos para mulheres e jovens, lan\u00e7amento de publica\u00e7\u00f5es da Empresa de Pesquisa Agropecu\u00e1ria de Minas Gerais (Epamig) e plant\u00f5es t\u00e9cnicos no estande pr\u00f3prio.<br \/>&#13;<br \/>\n\u00a0<\/p>\n<figure class=\"image\" style=\"float:left\">&#13;<figcaption><sub><em>Diego Vargas \/ Seapa<\/em><\/sub><\/figcaption>&#13;<br \/>\n<\/figure>\n<p>A cerim\u00f4nia de abertura na noite de\u00a0segunda-feira (16\/9), no audit\u00f3rio do Departamento de Engenharia Florestal da Universidade Federal de Vi\u00e7osa (UFV),\u00a0\u00a0contou com a presen\u00e7a do secret\u00e1rio de Estado de Agricultura, Pecu\u00e1ria e Abastecimento, Thales Fernandes. O governador Romeu Zema participou virtualmente.<\/p>\n<p>Thales Fernandes destacou a import\u00e2ncia do evento, do programa de extens\u00e3o rural da universidade e da proximidade entre Estado e produtor rural.<\/p>\n<p>\u201cCom nossas vinculadas, essa \u00e9 uma parceria muito forte, que se consolida ano a ano e acho muito importante estarmos presentes, junto aos produtores rurais, ouvindo suas demandas para cada vez mais o nosso estado crescer e avan\u00e7ar\u201d, ressaltou.<\/p>\n<p><strong>Lan\u00e7amentos<\/strong><\/p>\n<p>Na quarta-feira (18\/9), a Epamig lan\u00e7a o Informe Agropecu\u00e1rio &#8220;Ambiente protegido e a produ\u00e7\u00e3o de hortali\u00e7as&#8221;.<\/p>\n<p>O lan\u00e7amento ser\u00e1 \u00e0s 8h, no pr\u00e9dio da Economia Rural, e tamb\u00e9m vai marcar os 50 anos da Epamig e o lan\u00e7amento do Informe Agropecu\u00e1rio Edi\u00e7\u00e3o Especial &#8211; Epamig 50 Tecnologias.<\/p>\n<p>Ao longo da semana, a entidade ainda far\u00e1 o pr\u00e9-lan\u00e7amento do Emp\u00f3rio Epamig &#8211; Vitrine de Tecnologias da Epamig Sudeste.<\/p>\n<p>Todos os dias, de 10h \u00e0s 18h, o visitante poder\u00e1 conhecer a novidade no micro-\u00f4nibus Ci\u00eancia M\u00f3vel.<\/p>\n<p><strong>Cursos<\/strong><\/p>\n<p>Por meio da Emater, mulheres e jovens que comp\u00f5em as Unidades Regionais da Emater (Uregis) de Vi\u00e7osa, Cataguases, Muria\u00e9, Manhua\u00e7u, Ponte Nova e Juiz de Fora participam da 11\u00aa Semana da Mulher Rural, na quarta e quinta-feira (18 e 19\/9), e da 15\u00aa Semana da Juventude Rural, que tamb\u00e9m come\u00e7a no dia 19. No total, o Espa\u00e7o Fernando Sabino receber\u00e1 quase 700 pessoas para as duas atividades.<\/p>\n<p>Ao longo de toda a Semana do Fazendeiro, o agricultor ainda poder\u00e1 conversar com especialistas da Empresa de Assist\u00eancia T\u00e9cnica e Extens\u00e3o Rural do Estado de Minas Gerais (Emater-MG), Epamig e Instituto Mineiro de Agropecu\u00e1ria (IMA) nos plant\u00f5es t\u00e9cnicos no estande do Governo de Minas Gerais.<\/p>\n<p>As tr\u00eas entidades do Sistema Agricultura tamb\u00e9m est\u00e3o oferecendo mais de 47 cursos sobre plantio e manejo de caf\u00e9, hortali\u00e7as e palmito pupunha, agricultura de precis\u00e3o e manejo de doen\u00e7as de plantas.<\/p>\n<p>A 94\u00aa Semana do Fazendeiro come\u00e7ou no s\u00e1bado (14\/9) e a programa\u00e7\u00e3o vai at\u00e9 sexta-feira (20\/9).<\/p>\n<p>O tema deste ano \u00e9 \u201c95 anos de Extens\u00e3o Universit\u00e1ria: Intera\u00e7\u00e3o Sociedade, Ci\u00eancia e Cultura\u201d. A organiza\u00e7\u00e3o \u00e9 da Universidade Federal de Vi\u00e7osa.<\/p>\n<\/p><\/div>\n","protected":false},"excerpt":{"rendered":"<p>A Secretaria de Estado de Agricultura, Pecu\u00e1ria e Abastecimento (Seapa) participa da 94\u00aa Semana do&#8230;<\/p>\n","protected":false},"author":2,"featured_media":0,"comment_status":"","ping_status":"","sticky":false,"template":"","format":"standard","meta":{"footnotes":""},"categories":[2],"tags":[],"class_list":["post-13880","post","type-post","status-publish","format-standard","hentry","category-jogos-ao-vivo"],"amp_enabled":true,"_links":{"self":[{"href":"https:\/\/ipatingafc.com.br\/index.php\/wp-json\/wp\/v2\/posts\/13880","targetHints":{"allow":["GET"]}}],"collection":[{"href":"https:\/\/ipatingafc.com.br\/index.php\/wp-json\/wp\/v2\/posts"}],"about":[{"href":"https:\/\/ipatingafc.com.br\/index.php\/wp-json\/wp\/v2\/types\/post"}],"author":[{"embeddable":true,"href":"https:\/\/ipatingafc.com.br\/index.php\/wp-json\/wp\/v2\/users\/2"}],"replies":[{"embeddable":true,"href":"https:\/\/ipatingafc.com.br\/index.php\/wp-json\/wp\/v2\/comments?post=13880"}],"version-history":[{"count":0,"href":"https:\/\/ipatingafc.com.br\/index.php\/wp-json\/wp\/v2\/posts\/13880\/revisions"}],"wp:attachment":[{"href":"https:\/\/ipatingafc.com.br\/index.php\/wp-json\/wp\/v2\/media?parent=13880"}],"wp:term":[{"taxonomy":"category","embeddable":true,"href":"https:\/\/ipatingafc.com.br\/index.php\/wp-json\/wp\/v2\/categories?post=13880"},{"taxonomy":"post_tag","embeddable":true,"href":"https:\/\/ipatingafc.com.br\/index.php\/wp-json\/wp\/v2\/tags?post=13880"}],"curies":[{"name":"wp","href":"https:\/\/api.w.org\/{rel}","templated":true}]}}