{"id":13906,"date":"2024-09-18T18:50:41","date_gmt":"2024-09-18T21:50:41","guid":{"rendered":"https:\/\/ipatingafc.com.br\/index.php\/2024\/09\/18\/sessao-da-tarde-exibe-hoje-quarta-18-09-na-globo-minha-familia-e-louca\/"},"modified":"2024-09-18T18:50:41","modified_gmt":"2024-09-18T21:50:41","slug":"sessao-da-tarde-exibe-hoje-quarta-18-09-na-globo-minha-familia-e-louca","status":"publish","type":"post","link":"https:\/\/ipatingafc.com.br\/index.php\/2024\/09\/18\/sessao-da-tarde-exibe-hoje-quarta-18-09-na-globo-minha-familia-e-louca\/","title":{"rendered":"Sess\u00e3o da Tarde exibe Hoje, Quarta (18\/09) na Globo &#8211; Minha Fam\u00edlia \u00c9 Louca"},"content":{"rendered":"<p><\/p>\n<div>\n<p>COnfira a programa\u00e7\u00e3o da Globo\u00a0 <strong>hoje, 18\/09\/<\/strong><strong>2024 e que horas come\u00e7am os filmes de hoje.\u00a0<\/strong><\/p>\n<p>Quarta-feira, 18\/09\/2024<\/p>\n<p>04:00 Hora Um<\/p>\n<p>06:00 Bom Dia Pra\u00e7a<\/p>\n<p>08:30 Bom Dia Brasil<\/p>\n<p>09:30 Encontro Com Patr\u00edcia Poeta<\/p>\n<p>10:40 Mais Voc\u00ea<\/p>\n<p>11:45 Pra\u00e7a TV \u2013 1\u00aa Edi\u00e7\u00e3o<\/p>\n<p>13:00 Hor\u00e1rio Pol\u00edtico 2024<\/p>\n<p>13:10 Pra\u00e7a TV \u2013 1\u00aa Edi\u00e7\u00e3o<\/p>\n<p>13:20 Globo Esporte<\/p>\n<p>13:45 Jornal Hoje<\/p>\n<p>14:45 Edi\u00e7\u00e3o Especial \u2013 Cabocla<\/p>\n<p>15:20 Sess\u00e3o da Tarde \u2013 Minha Fam\u00edlia \u00c9 Louca!<\/p>\n<p><strong>Quarta-feira, 18\/09\/2024<\/strong><\/p>\n<p>Sess\u00e3o da Tarde<\/p>\n<p>Minha Fam\u00edlia \u00c9 Louca!<\/p>\n<p>T\u00edtulo Original: We Are Family (AKA:Moya bezumnaya semya)<\/p>\n<p>Pa\u00eds de Origem: Russa<\/p>\n<p>Ano de Produ\u00e7\u00e3o: 2012<\/p>\n<p>Diretor: Renat Davletyarov<\/p>\n<p>Elenco: Aglaya Shilovskaya, Mariya Shukshina, Ivan Stebunov, Leonid Yarmolnik<\/p>\n<p>Classe: Com\u00e9dia<\/p>\n<p>A fam\u00edlia de Kostya sempre d\u00e1 um jeito de assustar suas namoradas. Mas ele se apaixona po r Vika e tenta promover um encontro entre as duas fam\u00edlias.<\/p>\n<p>17:05 Vale a Pena Ver de Novo \u2013 Alma G\u00eamea<\/p>\n<p>18:00 No Rancho Fundo<\/p>\n<p>18:45 Pra\u00e7a TV \u2013 2\u00aa Edi\u00e7\u00e3o<\/p>\n<p>19:15 Fam\u00edlia \u00e9 Tudo<\/p>\n<p>20:00 Jornal Nacional<\/p>\n<p>20:30 Hor\u00e1rio Pol\u00edtico 2024<\/p>\n<p>20:40 Mania de Voc\u00ea<\/p>\n<p>21:15 Futebol ao vivo<\/p>\n<p>23:30 Segue o Jogo<\/p>\n<p>23:45 Estrela da Casa<\/p>\n<p>00:10 Jornal da Globo<\/p>\n<p>01:00 Conversa com Bial<\/p>\n<p>01:40 Fam\u00edlia \u00e9 Tudo<\/p>\n<p>02:20 Com\u00e9dia Na Madruga I<\/p>\n<p>03:10 Com\u00e9dia Na Madruga II<\/p>\n<h2>Quarta-feira, 18\/09\/2024<\/h2>\n<p>\u00a0<\/p>\n<p>Sess\u00e3o da Tarde<\/p>\n<p>\u00a0<\/p>\n<p>Minha Fam\u00edlia \u00c9 Louca!<\/p>\n<p>T\u00edtulo Original: We Are Family (AKA:Moya bezumnaya semya)<\/p>\n<p>Pa\u00eds de Origem: Russa<\/p>\n<p>Ano de Produ\u00e7\u00e3o: 2012<\/p>\n<p>Diretor: Renat Davletyarov<\/p>\n<p>Elenco: Aglaya Shilovskaya, Mariya Shukshina, Ivan Stebunov, Leonid Yarmolnik<\/p>\n<p>Classe: Com\u00e9dia<\/p>\n<p>A fam\u00edlia de Kostya sempre d\u00e1 um jeito de assustar suas namoradas. Mas ele se apaixona po r Vika e tenta promover um encontro entre as duas fam\u00edlias.<\/p>\n<h2>Na quinta-feira, 19 de setembro de 2024, a Globo apresenta na \u201cSess\u00e3o da Tarde\u201d o filme *O Que de Verdade Importa* (*The Healer*).<\/h2>\n<p>Esta com\u00e9dia de 2017, dirigida por Paco Arango, traz uma narrativa emocionante e repleta de li\u00e7\u00f5es de vida, com um elenco talentoso que inclui Oliver Jackson-Cohen, Camilla Luddington, Jorge Garc\u00eda e Jonathan Pryce.<\/p>\n<p>\u00a0<\/p>\n<h3>**Sinopse**<\/h3>\n<p>\u00a0<\/p>\n<p>A hist\u00f3ria gira em torno de Alec Bailey, interpretado por Oliver Jackson-Cohen. Enfrentando dificuldades financeiras e atolado em d\u00edvidas, Alec se encontra em uma situa\u00e7\u00e3o desesperadora. \u00c9 ent\u00e3o que seu tio distante surge com uma proposta tentadora: ele quitar\u00e1 todas as d\u00edvidas de Alec, desde que ele aceite se mudar para a Nova Esc\u00f3cia, no Canad\u00e1.<\/p>\n<p>\u00a0<\/p>\n<p>Sem outras op\u00e7\u00f5es, Alec aceita a oferta e inicia uma nova fase de sua vida na pequena cidade canadense. No entanto, ele logo percebe que essa mudan\u00e7a \u00e9 apenas o come\u00e7o de uma jornada de autodescoberta e transforma\u00e7\u00e3o pessoal. Rodeado por personagens \u00fanicos e situa\u00e7\u00f5es surpreendentes, Alec passa a repensar suas escolhas e a enxergar a vida por uma nova perspectiva.<\/p>\n<p>\u00a0<\/p>\n<h3>**Elenco**<\/h3>\n<p>\u00a0<\/p>\n<p>\u2013 **Oliver Jackson-Cohen** como Alec Bailey, o protagonista em busca de uma nova chance.<\/p>\n<p>\u2013 **Camilla Luddington**, que interpreta uma figura importante na nova vida de Alec na Nova Esc\u00f3cia.<\/p>\n<p>\u2013 **Jorge Garc\u00eda**, trazendo seu carisma e humor para a trama.<\/p>\n<p>\u2013 **Jonathan Pryce** como o tio distante, pe\u00e7a-chave na transforma\u00e7\u00e3o do protagonista.<\/p>\n<p>\u00a0<\/p>\n<h3>**Reflex\u00e3o e Com\u00e9dia**<\/h3>\n<p>\u00a0<\/p>\n<p>Apesar de ser classificado como uma com\u00e9dia, *O Que de Verdade Importa* vai al\u00e9m do riso f\u00e1cil, explorando temas profundos como a empatia, a import\u00e2ncia de mudar nossos h\u00e1bitos e a for\u00e7a da bondade. Atrav\u00e9s do encontro inesperado com novos desafios, Alec aprende a import\u00e2ncia das escolhas e do verdadeiro valor da vida.<\/p>\n<p>\u00a0<\/p>\n<h3>**Por que Assistir?**<\/h3>\n<p>\u00a0<\/p>\n<p>A \u201cSess\u00e3o da Tarde\u201d desta quinta-feira oferece uma hist\u00f3ria leve, divertida e ao mesmo tempo cheia de significado. *O Que de Verdade Importa* \u00e9 uma excelente op\u00e7\u00e3o para quem deseja se divertir e se emocionar, sendo um filme que nos faz refletir sobre as oportunidades de transforma\u00e7\u00e3o que a vida nos oferece.<\/p>\n<p>\u00a0<\/p>\n<p>Ent\u00e3o, n\u00e3o perca! Acompanhe *O Que de Verdade Importa* na \u201cSess\u00e3o da Tarde\u201d e se prepare para uma tarde cheia de boas risadas, emo\u00e7\u00e3o e mensagens inspiradoras.<\/p>\n<\/div>\n","protected":false},"excerpt":{"rendered":"<p>COnfira a programa\u00e7\u00e3o da Globo\u00a0 hoje, 18\/09\/2024 e que horas come\u00e7am os filmes de hoje.\u00a0&#8230;<\/p>\n","protected":false},"author":2,"featured_media":0,"comment_status":"","ping_status":"","sticky":false,"template":"","format":"standard","meta":{"footnotes":""},"categories":[2],"tags":[],"class_list":["post-13906","post","type-post","status-publish","format-standard","hentry","category-jogos-ao-vivo"],"amp_enabled":true,"_links":{"self":[{"href":"https:\/\/ipatingafc.com.br\/index.php\/wp-json\/wp\/v2\/posts\/13906","targetHints":{"allow":["GET"]}}],"collection":[{"href":"https:\/\/ipatingafc.com.br\/index.php\/wp-json\/wp\/v2\/posts"}],"about":[{"href":"https:\/\/ipatingafc.com.br\/index.php\/wp-json\/wp\/v2\/types\/post"}],"author":[{"embeddable":true,"href":"https:\/\/ipatingafc.com.br\/index.php\/wp-json\/wp\/v2\/users\/2"}],"replies":[{"embeddable":true,"href":"https:\/\/ipatingafc.com.br\/index.php\/wp-json\/wp\/v2\/comments?post=13906"}],"version-history":[{"count":0,"href":"https:\/\/ipatingafc.com.br\/index.php\/wp-json\/wp\/v2\/posts\/13906\/revisions"}],"wp:attachment":[{"href":"https:\/\/ipatingafc.com.br\/index.php\/wp-json\/wp\/v2\/media?parent=13906"}],"wp:term":[{"taxonomy":"category","embeddable":true,"href":"https:\/\/ipatingafc.com.br\/index.php\/wp-json\/wp\/v2\/categories?post=13906"},{"taxonomy":"post_tag","embeddable":true,"href":"https:\/\/ipatingafc.com.br\/index.php\/wp-json\/wp\/v2\/tags?post=13906"}],"curies":[{"name":"wp","href":"https:\/\/api.w.org\/{rel}","templated":true}]}}