{"id":13907,"date":"2024-09-18T19:31:48","date_gmt":"2024-09-18T22:31:48","guid":{"rendered":"https:\/\/ipatingafc.com.br\/index.php\/2024\/09\/18\/juiz-do-caso-deolane-bezerra-foi-assassinado\/"},"modified":"2024-09-18T19:31:48","modified_gmt":"2024-09-18T22:31:48","slug":"juiz-do-caso-deolane-bezerra-foi-assassinado","status":"publish","type":"post","link":"https:\/\/ipatingafc.com.br\/index.php\/2024\/09\/18\/juiz-do-caso-deolane-bezerra-foi-assassinado\/","title":{"rendered":"Juiz do caso Deolane Bezerra FOI assassinado?"},"content":{"rendered":"<p><\/p>\n<div>\n<p>\u00c9 verdade que juiz do caso Deolane Bezerra teria sido assassinado?<\/p>\n<p>Circula nas redes sociais uma <strong>not\u00edcia falsa<\/strong> alegando que o juiz respons\u00e1vel pelo caso da influenciadora Deolane Bezerra foi assassinado. A desinforma\u00e7\u00e3o est\u00e1 baseada em um fato real, mas descontextualizado: o juiz Paulo Torres Pereira da Silva foi assassinado em 19 de outubro de 2023, antes da pris\u00e3o de Deolane Bezerra.<\/p>\n<p>N\u00e3o h\u00e1 qualquer rela\u00e7\u00e3o entre a morte do juiz e o caso Deolane. O crime foi amplamente noticiado na \u00e9poca, e os respons\u00e1veis pelo assassinato j\u00e1 foram condenados. Al\u00e9m disso, n\u00e3o existem registros de processos envolvendo o juiz e a influenciadora. A investiga\u00e7\u00e3o sobre o caso Deolane, que est\u00e1 sob sigilo judicial, n\u00e3o tem qualquer v\u00ednculo com o assassinato do juiz.<\/p>\n<p>Para evitar a propaga\u00e7\u00e3o de informa\u00e7\u00f5es falsas, \u00e9 importante verificar a veracidade das not\u00edcias antes de compartilh\u00e1-las.<\/p>\n<p>\u00a0<\/p>\n<h2>Em conversa com aliados, o chefe do poder executivo disse que n\u00e3o participar\u00e1 da cerim\u00f4nia de posse do presidente Luiz In\u00e1cio Lula da Silva (PT)<\/h2>\n<p>em 1\u00ba de janeiro. Bolsonaro ainda ressaltou estar 100% certo desta decis\u00e3o. Neste cen\u00e1rio, cabe ao vice presidente, Hamilton Mour\u00e3o (Republicanos), cumprir o ritual de passar a faixa para Lula e descer a rampa do Pal\u00e1cio do Planalto. Todavia, Mour\u00e3o, j\u00e1 rejeitou a possibilidade.<\/p>\n<p>A prescri\u00e7\u00e3o 70.274, de 9 de mar\u00e7o de 1972, determina as normas oficiais da cerim\u00f4nia de posse do presidente da Rep\u00fablica. Nela, infere-se que o novo chefe do Executivo deve ser recebido \u00e0 porta principal do Pal\u00e1cio do Planalto. Vale ressaltar que a falta da solenidade n\u00e3o impossibilita a posse de Lula.<\/p>\n<p>A transmiss\u00e3o do adere\u00e7o n\u00e3o passa de uma solenidade, desse modo, o gesto n\u00e3o \u00e9 imprescind\u00edvel para que o presidente eleito tome posse. O novo presidente eleito passa a ocupar formalmente o cargo de presidente ap\u00f3s fazer juramento \u00e0 Constitui\u00e7\u00e3o no Congresso Nacional.<\/p>\n<p>A cerim\u00f4nia que valida a vit\u00f3ria de um candidato em disputas eleitorais \u00e9 a cerim\u00f4nia de diploma\u00e7\u00e3o, em que os eleitos se habilitam para exercer o mandato. A de Lula e Geraldo Alckmin (PSB), est\u00e1 agendada para 12 de dezembro.<\/p>\n<p>A mais nova primeira-dama, Ros\u00e2ngela \u201cJanja\u201d da Silva, prepara uma cerim\u00f4nia simb\u00f3lica e fora dos protocolos no pr\u00f3ximo 1\u00ba de janeiro, e n\u00e3o conta com a presen\u00e7a de Bolsonaro no dia. A finalidade da soci\u00f3loga \u00e9 que pessoas simples, sem atividades, entreguem a faixa presidencial para Lula no Parlat\u00f3rio do Planalto.<\/p>\n<p>Na \u00faltima quarta-feira, 30, mais de 20 famosos brasileiros foram confirmados para a posse presidencial. Dentre eles Pabllo Vittar, Duda Beat, Martinho da Vila, Teresa Cristina, Gabu Amarantos, Chico C\u00e9sar, Tulipa Ruiz e Maria Rita s\u00e3o alguns dos artistas j\u00e1 confirmados na programa\u00e7\u00e3o do Festival do Futuro. A mais nova primeira dama garantiu que est\u00e1 preparando uma \u201cgrande festa\u201d.<\/p>\n<\/div>\n","protected":false},"excerpt":{"rendered":"<p>\u00c9 verdade que juiz do caso Deolane Bezerra teria sido assassinado? Circula nas redes sociais&#8230;<\/p>\n","protected":false},"author":2,"featured_media":0,"comment_status":"","ping_status":"","sticky":false,"template":"","format":"standard","meta":{"footnotes":""},"categories":[2],"tags":[],"class_list":["post-13907","post","type-post","status-publish","format-standard","hentry","category-jogos-ao-vivo"],"amp_enabled":true,"_links":{"self":[{"href":"https:\/\/ipatingafc.com.br\/index.php\/wp-json\/wp\/v2\/posts\/13907","targetHints":{"allow":["GET"]}}],"collection":[{"href":"https:\/\/ipatingafc.com.br\/index.php\/wp-json\/wp\/v2\/posts"}],"about":[{"href":"https:\/\/ipatingafc.com.br\/index.php\/wp-json\/wp\/v2\/types\/post"}],"author":[{"embeddable":true,"href":"https:\/\/ipatingafc.com.br\/index.php\/wp-json\/wp\/v2\/users\/2"}],"replies":[{"embeddable":true,"href":"https:\/\/ipatingafc.com.br\/index.php\/wp-json\/wp\/v2\/comments?post=13907"}],"version-history":[{"count":0,"href":"https:\/\/ipatingafc.com.br\/index.php\/wp-json\/wp\/v2\/posts\/13907\/revisions"}],"wp:attachment":[{"href":"https:\/\/ipatingafc.com.br\/index.php\/wp-json\/wp\/v2\/media?parent=13907"}],"wp:term":[{"taxonomy":"category","embeddable":true,"href":"https:\/\/ipatingafc.com.br\/index.php\/wp-json\/wp\/v2\/categories?post=13907"},{"taxonomy":"post_tag","embeddable":true,"href":"https:\/\/ipatingafc.com.br\/index.php\/wp-json\/wp\/v2\/tags?post=13907"}],"curies":[{"name":"wp","href":"https:\/\/api.w.org\/{rel}","templated":true}]}}