{"id":13998,"date":"2024-09-23T20:31:41","date_gmt":"2024-09-23T23:31:41","guid":{"rendered":"https:\/\/ipatingafc.com.br\/index.php\/2024\/09\/23\/assistir-udinese-x-salernitana-ao-vivo-copa-da-italia-hoje-25-09-palpites-e-escalacoes\/"},"modified":"2024-09-23T20:31:41","modified_gmt":"2024-09-23T23:31:41","slug":"assistir-udinese-x-salernitana-ao-vivo-copa-da-italia-hoje-25-09-palpites-e-escalacoes","status":"publish","type":"post","link":"https:\/\/ipatingafc.com.br\/index.php\/2024\/09\/23\/assistir-udinese-x-salernitana-ao-vivo-copa-da-italia-hoje-25-09-palpites-e-escalacoes\/","title":{"rendered":"Assistir Udinese x Salernitana ao vivo Copa da It\u00e1lia, HOJE (25\/09), PALPITES e ESCALA\u00c7\u00d5ES"},"content":{"rendered":"<p><\/p>\n<div>\n<p><strong>Pr\u00e9via: Udinese x Salernitana \u2013 Copa da It\u00e1lia 2024<\/strong><\/p>\n<p><strong>Data:<\/strong> Quarta-feira, 25 de setembro de 2024<br \/><strong>Hor\u00e1rio:<\/strong> 16h00 (hor\u00e1rio de Bras\u00edlia)<br \/><strong>Local:<\/strong> Dacia Arena, Udine<br \/><strong>Transmiss\u00e3o:<\/strong> ESPN\/Star+<\/p>\n<p>Ap\u00f3s ver sua sequ\u00eancia invicta ser interrompida no fim de semana, a not\u00edcias da Udinese busca voltar a vencer na Copa da It\u00e1lia, enfrentando a Salernitana nesta quarta-feira, pela segunda rodada. O vencedor do confronto garantir\u00e1 uma vaga nas oitavas de final, onde enfrentar\u00e1 a campe\u00e3 italiana Not\u00edcias da Inter de Mil\u00e3o.<\/p>\n<h3><strong>Pr\u00e9via da Partida<\/strong><\/h3>\n<p>A Udinese iniciou a temporada em grande forma, somando tr\u00eas vit\u00f3rias consecutivas na Serie A antes de ser derrotada pela Roma por 3-0 no \u00faltimo domingo. Apesar desse rev\u00e9s, o time de Kosta Runjaic continua em terceiro lugar na tabela, superando as expectativas ap\u00f3s lutar contra o rebaixamento na temporada passada.<\/p>\n<p>Nas fases anteriores da Copa da It\u00e1lia, a Udinese teve uma atua\u00e7\u00e3o dominante ao vencer o Avellino por 4-0, com gols de Brenner, Lorenzo Lucca, Keinan Davis e Florian Thauvin, demonstrando a for\u00e7a de seu setor ofensivo.<\/p>\n<p>Do outro lado, a Salernitana foi rebaixada para a Serie B ao final da temporada passada e est\u00e1 enfrentando dificuldades para se adaptar \u00e0 nova realidade. O time de Giovanni Martusciello venceu apenas duas partidas at\u00e9 agora na competi\u00e7\u00e3o, al\u00e9m de ter superado o Spezia nos p\u00eanaltis na fase anterior da Copa.<\/p>\n<p>Atualmente ocupando a 15\u00aa posi\u00e7\u00e3o na Serie B, a Salernitana empatou em 0-0 com o Reggiana no \u00faltimo fim de semana, e precisar\u00e1 de uma atua\u00e7\u00e3o inspirada para surpreender a Udinese fora de casa e conquistar uma vaga nas oitavas de final.<\/p>\n<h3><strong>Forma das Equipes<\/strong><\/h3>\n<p><strong>Udinese (Copa da It\u00e1lia):<\/strong><br \/><strong>W<\/strong><\/p>\n<p><strong>Udinese (todas as competi\u00e7\u00f5es):<\/strong><br \/><strong>WDWWWL<\/strong><\/p>\n<p><strong>Salernitana (Copa da It\u00e1lia):<\/strong><br \/><strong>W<\/strong><\/p>\n<p><strong>Salernitana (todas as competi\u00e7\u00f5es):<\/strong><br \/><strong>WLWLLD<\/strong><\/p>\n<h3><strong>Not\u00edcias das Equipes<\/strong><\/h3>\n<p>A Udinese deve fazer altera\u00e7\u00f5es no time titular visando o confronto da Serie A contra a Inter de Mil\u00e3o no pr\u00f3ximo fim de semana. Brenner, Lorenzo Lucca e Florian Thauvin podem ser poupados, enquanto Keinan Davis deve receber uma oportunidade no ataque. O veterano Daniele Padelli deve substituir Maduka Okoye no gol.<\/p>\n<p>Pela Salernitana, o t\u00e9cnico Giovanni Martusciello pode optar por refor\u00e7ar o meio-campo, incluindo Roberto Soriano no time titular. Jayden Braaf, que marcou presen\u00e7a na \u00faltima partida, deve manter sua vaga no ataque, enquanto Franco Tongya est\u00e1 fora por les\u00e3o.<\/p>\n<h3><strong>Prov\u00e1veis Escala\u00e7\u00f5es<\/strong><\/h3>\n<p><strong>Udinese:<\/strong><br \/>Padelli; Abankwah, Toure, Kristensen; Ehizibue, Payero, Zarraga, Zemura; Brenner, Bravo; Davis<\/p>\n<p><strong>Salernitana:<\/strong><br \/>Sepe; Stojanovic, Ferrari, Bronn, Njoh; Soriano, Amatucci, Maggiore; Verde, Torregrossa, Braaf<\/p>\n<h3><strong>Palpite<\/strong><\/h3>\n<p><strong>Palpite final:<\/strong> Udinese 2-0 Salernitana<br \/>Com o bom momento ao seu lado e jogando em casa, a Udinese deve garantir a classifica\u00e7\u00e3o com tranquilidade, aproveitando a fragilidade da Salernitana, que tem tido dificuldades em partidas fora de casa.<\/p>\n<\/div>\n","protected":false},"excerpt":{"rendered":"<p>Pr\u00e9via: Udinese x Salernitana \u2013 Copa da It\u00e1lia 2024 Data: Quarta-feira, 25 de setembro de&#8230;<\/p>\n","protected":false},"author":2,"featured_media":0,"comment_status":"","ping_status":"","sticky":false,"template":"","format":"standard","meta":{"footnotes":""},"categories":[2],"tags":[],"class_list":["post-13998","post","type-post","status-publish","format-standard","hentry","category-jogos-ao-vivo"],"amp_enabled":true,"_links":{"self":[{"href":"https:\/\/ipatingafc.com.br\/index.php\/wp-json\/wp\/v2\/posts\/13998","targetHints":{"allow":["GET"]}}],"collection":[{"href":"https:\/\/ipatingafc.com.br\/index.php\/wp-json\/wp\/v2\/posts"}],"about":[{"href":"https:\/\/ipatingafc.com.br\/index.php\/wp-json\/wp\/v2\/types\/post"}],"author":[{"embeddable":true,"href":"https:\/\/ipatingafc.com.br\/index.php\/wp-json\/wp\/v2\/users\/2"}],"replies":[{"embeddable":true,"href":"https:\/\/ipatingafc.com.br\/index.php\/wp-json\/wp\/v2\/comments?post=13998"}],"version-history":[{"count":0,"href":"https:\/\/ipatingafc.com.br\/index.php\/wp-json\/wp\/v2\/posts\/13998\/revisions"}],"wp:attachment":[{"href":"https:\/\/ipatingafc.com.br\/index.php\/wp-json\/wp\/v2\/media?parent=13998"}],"wp:term":[{"taxonomy":"category","embeddable":true,"href":"https:\/\/ipatingafc.com.br\/index.php\/wp-json\/wp\/v2\/categories?post=13998"},{"taxonomy":"post_tag","embeddable":true,"href":"https:\/\/ipatingafc.com.br\/index.php\/wp-json\/wp\/v2\/tags?post=13998"}],"curies":[{"name":"wp","href":"https:\/\/api.w.org\/{rel}","templated":true}]}}